{"id":38131,"date":"2026-08-29T17:00:00","date_gmt":"2026-08-29T20:00:00","guid":{"rendered":"https:\/\/catamarcadespierta.com.ar\/nota\/13967"},"modified":"2026-08-30T19:03:51","modified_gmt":"2026-08-30T22:03:51","slug":"nueva-edicion-de-catamarca-con-vos-se-realizo-en-santa-maria","status":"publish","type":"post","link":"https:\/\/nvccatamarca.com\/index.php\/2026\/08\/29\/nueva-edicion-de-catamarca-con-vos-se-realizo-en-santa-maria\/","title":{"rendered":"Nueva edici\u00f3n de \u201cCatamarca Con Vos\u201d se realiz\u00f3 en Santa Mar\u00eda"},"content":{"rendered":"<div><img decoding=\"async\" class=\"ff-og-image-inserted\" src=\"https:\/\/catamarcadespierta.com.ar\/uploads\/noticias\/2\/2026\/08\/20260829170104_788034100-1479191807349928-9043776326132953507-n.jpg\" \/><\/div>\n<p>El programa \u201cCatamarca Con Vos\u201d llev\u00f3 adelante una nueva jornada en el departamento Santa Mar\u00eda, con la participaci\u00f3n de organismos provinciales y la Municipalidad local.<\/p>\n<p>La actividad fue coordinada por la Secretar\u00eda de Asuntos Institucionales y cont\u00f3 con la presencia de equipos del Ministerio de Gobierno, Seguridad y Justicia y del municipio santamariano, encabezado por la intendenta \u00c9rica \u00cdngra.<\/p>\n<p>Durante la jornada, vecinos y vecinas pudieron acceder a tr\u00e1mites, consultas y distintos servicios de manera gratuita, evitando el traslado hasta la Capital.<\/p>\n<p>La iniciativa busca acercar la atenci\u00f3n de organismos p\u00fablicos a distintos puntos del interior provincial y facilitar el acceso de la comunidad a gestiones y servicios.<\/p>\n","protected":false},"excerpt":{"rendered":"<p>El programa \u201cCatamarca Con Vos\u201d llev\u00f3 adelante una nueva jornada en el departamento Santa Mar\u00eda, con la participaci\u00f3n de organismos provinciales y la Municipalidad local. La actividad fue coordinada por la Secretar\u00eda de Asuntos Institucionales y cont\u00f3 con la presencia de equipos del Ministerio de Gobierno, Seguridad y Justicia y del municipio santamariano, encabezado por [&hellip;]<\/p>\n","protected":false},"author":1,"featured_media":38132,"comment_status":"closed","ping_status":"closed","sticky":false,"template":"","format":"standard","meta":{"footnotes":""},"categories":[132],"tags":[],"class_list":["post-38131","post","type-post","status-publish","format-standard","has-post-thumbnail","hentry","category-destacados"],"_links":{"self":[{"href":"https:\/\/nvccatamarca.com\/index.php\/wp-json\/wp\/v2\/posts\/38131","targetHints":{"allow":["GET"]}}],"collection":[{"href":"https:\/\/nvccatamarca.com\/index.php\/wp-json\/wp\/v2\/posts"}],"about":[{"href":"https:\/\/nvccatamarca.com\/index.php\/wp-json\/wp\/v2\/types\/post"}],"author":[{"embeddable":true,"href":"https:\/\/nvccatamarca.com\/index.php\/wp-json\/wp\/v2\/users\/1"}],"replies":[{"embeddable":true,"href":"https:\/\/nvccatamarca.com\/index.php\/wp-json\/wp\/v2\/comments?post=38131"}],"version-history":[{"count":1,"href":"https:\/\/nvccatamarca.com\/index.php\/wp-json\/wp\/v2\/posts\/38131\/revisions"}],"predecessor-version":[{"id":38157,"href":"https:\/\/nvccatamarca.com\/index.php\/wp-json\/wp\/v2\/posts\/38131\/revisions\/38157"}],"wp:featuredmedia":[{"embeddable":true,"href":"https:\/\/nvccatamarca.com\/index.php\/wp-json\/wp\/v2\/media\/38132"}],"wp:attachment":[{"href":"https:\/\/nvccatamarca.com\/index.php\/wp-json\/wp\/v2\/media?parent=38131"}],"wp:term":[{"taxonomy":"category","embeddable":true,"href":"https:\/\/nvccatamarca.com\/index.php\/wp-json\/wp\/v2\/categories?post=38131"},{"taxonomy":"post_tag","embeddable":true,"href":"https:\/\/nvccatamarca.com\/index.php\/wp-json\/wp\/v2\/tags?post=38131"}],"curies":[{"name":"wp","href":"https:\/\/api.w.org\/{rel}","templated":true}]}}