{"id":38133,"date":"2026-08-29T14:31:00","date_gmt":"2026-08-29T17:31:00","guid":{"rendered":"https:\/\/catamarcadespierta.com.ar\/nota\/13966"},"modified":"2026-08-29T14:31:00","modified_gmt":"2026-08-29T17:31:00","slug":"deporte-adaptado-realizo-sus-finales-provinciales-de-los-juegos-evita-2026","status":"publish","type":"post","link":"https:\/\/nvccatamarca.com\/index.php\/2026\/08\/29\/deporte-adaptado-realizo-sus-finales-provinciales-de-los-juegos-evita-2026\/","title":{"rendered":"Deporte Adaptado realiz\u00f3 sus Finales Provinciales de los Juegos Evita 2026"},"content":{"rendered":"<div><img decoding=\"async\" src=\"https:\/\/catamarcadespierta.com.ar\/uploads\/noticias\/2\/2026\/08\/20260829143210_whatsapp-image-2026-08-29-at-09-03-30.jpg\" class=\"ff-og-image-inserted\"><\/div>\n<p>Dando inicio a las instancias Finales Provinciales de los Juegos Evita 2026, con la organizaci\u00f3n de la Secretar\u00eda de Deportes y Recreaci\u00f3n de Ministerio de Cultura, Turismo y Deporte, a trav\u00e9s de las Direcciones Provinciales de Deporte Adaptado y Deporte Social, las disciplinas de Deporte Adaptado fueron las primeras en tener competencia entre quienes lograron su paso desde la fase municipal.<\/p>\n<p>Tras la actividad que se desarroll\u00f3 \u00edntegramente en el Polideportivo \u201cFray Mamerto Esqui\u00fa\u201d, la premiaci\u00f3n se llev\u00f3 a cabo en el EDI Provincial con todos los deportistas participantes, que tuvieron su reconocimiento por el esfuerzo y trabajo para estar presentes.<\/p>\n<p>Los representantes de Catamarca son, en Atletismo Adaptado, Jeremias Tarifa y Anita Condor\u00ed (Santa Mar\u00eda); Roc\u00edo Herrera (Capital); Talia Ferril y Felipe Mamani (San Fernando, Bel\u00e9n); y Milagros R\u00edos (Pom\u00e1n). Por el lado de Tenis de Mesa, Alex Z\u00e1rate y Zoe Soria Silva (Pom\u00e1n), y Dar\u00edo Luna (Capital). En Boccia, Samuel Caletti y Sof\u00eda Robles (Capital); y en Voley Sentado Milagros Nieva (Capital); Javier Palavecino (La Paz); y Candela Pachado (San Fernando, Bel\u00e9n). En tanto que en Nataci\u00f3n Adaptada son Jerem\u00edas Far\u00edas y Juli\u00e1n Nieva (Capital).<\/p>\n","protected":false},"excerpt":{"rendered":"<p>Dando inicio a las instancias Finales Provinciales de los Juegos Evita 2026, con la organizaci\u00f3n de la Secretar\u00eda de Deportes y Recreaci\u00f3n de Ministerio de Cultura, Turismo y Deporte, a trav\u00e9s de las Direcciones Provinciales de Deporte Adaptado y Deporte Social, las disciplinas de Deporte Adaptado fueron las primeras en tener competencia entre quienes lograron [&hellip;]<\/p>\n","protected":false},"author":1,"featured_media":38134,"comment_status":"closed","ping_status":"closed","sticky":false,"template":"","format":"standard","meta":{"footnotes":""},"categories":[132],"tags":[],"class_list":["post-38133","post","type-post","status-publish","format-standard","has-post-thumbnail","hentry","category-destacados"],"_links":{"self":[{"href":"https:\/\/nvccatamarca.com\/index.php\/wp-json\/wp\/v2\/posts\/38133","targetHints":{"allow":["GET"]}}],"collection":[{"href":"https:\/\/nvccatamarca.com\/index.php\/wp-json\/wp\/v2\/posts"}],"about":[{"href":"https:\/\/nvccatamarca.com\/index.php\/wp-json\/wp\/v2\/types\/post"}],"author":[{"embeddable":true,"href":"https:\/\/nvccatamarca.com\/index.php\/wp-json\/wp\/v2\/users\/1"}],"replies":[{"embeddable":true,"href":"https:\/\/nvccatamarca.com\/index.php\/wp-json\/wp\/v2\/comments?post=38133"}],"version-history":[{"count":0,"href":"https:\/\/nvccatamarca.com\/index.php\/wp-json\/wp\/v2\/posts\/38133\/revisions"}],"wp:featuredmedia":[{"embeddable":true,"href":"https:\/\/nvccatamarca.com\/index.php\/wp-json\/wp\/v2\/media\/38134"}],"wp:attachment":[{"href":"https:\/\/nvccatamarca.com\/index.php\/wp-json\/wp\/v2\/media?parent=38133"}],"wp:term":[{"taxonomy":"category","embeddable":true,"href":"https:\/\/nvccatamarca.com\/index.php\/wp-json\/wp\/v2\/categories?post=38133"},{"taxonomy":"post_tag","embeddable":true,"href":"https:\/\/nvccatamarca.com\/index.php\/wp-json\/wp\/v2\/tags?post=38133"}],"curies":[{"name":"wp","href":"https:\/\/api.w.org\/{rel}","templated":true}]}}