{"id":38135,"date":"2026-08-29T14:12:00","date_gmt":"2026-08-29T17:12:00","guid":{"rendered":"https:\/\/catamarcadespierta.com.ar\/nota\/13965"},"modified":"2026-08-29T14:12:00","modified_gmt":"2026-08-29T17:12:00","slug":"un-joven-resulto-lesionado-tras-protagonizar-un-siniestro-vial-en-el-oeste-de-la-capital","status":"publish","type":"post","link":"https:\/\/nvccatamarca.com\/index.php\/2026\/08\/29\/un-joven-resulto-lesionado-tras-protagonizar-un-siniestro-vial-en-el-oeste-de-la-capital\/","title":{"rendered":"Un joven result\u00f3 lesionado tras protagonizar un siniestro vial en el Oeste de la Capital"},"content":{"rendered":"<div><img decoding=\"async\" src=\"https:\/\/catamarcadespierta.com.ar\/uploads\/noticias\/2\/2026\/08\/20260829141415_489ec9cd-2568-4216-952c-5dd783fe4af6.jpg\" class=\"ff-og-image-inserted\"><\/div>\n<p>Pasada la medianoche de hoy, a las 00:40, por requerimiento del SAE-911, numerarios de la Comisar\u00eda Sexta llegaron hasta la avenida Ojo de Agua, entre avenida Los Inmigrantes y calle Zupay, donde se produjo un siniestro vial.<\/p>\n<p>Bautista Santiago Mamani (19), circulaba en una motocicleta Yamaha YBR 125 cc., y por razones que se tratan de establecer, perdi\u00f3 el control del rodado y choc\u00f3 contra un poste del alumbrado p\u00fablico, sufriendo lesiones que demandaron que fuera asistido por personal m\u00e9dico del SAME, quien lo traslad\u00f3 al Hospital San Juan Bautista.<\/p>\n<p>Finalmente, intervinieron Peritos de la Direcci\u00f3n General de Criminal\u00edstica y Sumariantes de la Unidad Judicial N\u00b0 6 para labrar las actuaciones de rigor, bajo las directivas de la Fiscal\u00eda de Instrucci\u00f3n en turno del Distrito Oeste.<\/p>\n","protected":false},"excerpt":{"rendered":"<p>Pasada la medianoche de hoy, a las 00:40, por requerimiento del SAE-911, numerarios de la Comisar\u00eda Sexta llegaron hasta la avenida Ojo de Agua, entre avenida Los Inmigrantes y calle Zupay, donde se produjo un siniestro vial. Bautista Santiago Mamani (19), circulaba en una motocicleta Yamaha YBR 125 cc., y por razones que se tratan [&hellip;]<\/p>\n","protected":false},"author":1,"featured_media":38136,"comment_status":"closed","ping_status":"closed","sticky":false,"template":"","format":"standard","meta":{"footnotes":""},"categories":[132],"tags":[],"class_list":["post-38135","post","type-post","status-publish","format-standard","has-post-thumbnail","hentry","category-destacados"],"_links":{"self":[{"href":"https:\/\/nvccatamarca.com\/index.php\/wp-json\/wp\/v2\/posts\/38135","targetHints":{"allow":["GET"]}}],"collection":[{"href":"https:\/\/nvccatamarca.com\/index.php\/wp-json\/wp\/v2\/posts"}],"about":[{"href":"https:\/\/nvccatamarca.com\/index.php\/wp-json\/wp\/v2\/types\/post"}],"author":[{"embeddable":true,"href":"https:\/\/nvccatamarca.com\/index.php\/wp-json\/wp\/v2\/users\/1"}],"replies":[{"embeddable":true,"href":"https:\/\/nvccatamarca.com\/index.php\/wp-json\/wp\/v2\/comments?post=38135"}],"version-history":[{"count":0,"href":"https:\/\/nvccatamarca.com\/index.php\/wp-json\/wp\/v2\/posts\/38135\/revisions"}],"wp:featuredmedia":[{"embeddable":true,"href":"https:\/\/nvccatamarca.com\/index.php\/wp-json\/wp\/v2\/media\/38136"}],"wp:attachment":[{"href":"https:\/\/nvccatamarca.com\/index.php\/wp-json\/wp\/v2\/media?parent=38135"}],"wp:term":[{"taxonomy":"category","embeddable":true,"href":"https:\/\/nvccatamarca.com\/index.php\/wp-json\/wp\/v2\/categories?post=38135"},{"taxonomy":"post_tag","embeddable":true,"href":"https:\/\/nvccatamarca.com\/index.php\/wp-json\/wp\/v2\/tags?post=38135"}],"curies":[{"name":"wp","href":"https:\/\/api.w.org\/{rel}","templated":true}]}}