{"id":38147,"date":"2026-08-29T00:02:03","date_gmt":"2026-08-29T03:02:03","guid":{"rendered":"https:\/\/www.eldiarioar.com\/opinion\/nino-evento-politico_129_13473776.html"},"modified":"2026-08-29T00:02:03","modified_gmt":"2026-08-29T03:02:03","slug":"el-nino-un-evento-politico","status":"publish","type":"post","link":"https:\/\/nvccatamarca.com\/index.php\/2026\/08\/29\/el-nino-un-evento-politico\/","title":{"rendered":"El Ni\u00f1o, un evento pol\u00edtico"},"content":{"rendered":"<div><img decoding=\"async\" src=\"https:\/\/static.eldiario.es\/clip\/add5d210-d13a-45ca-a981-c5a274daf90c_facebook-aspect-ratio-1200-675_default_0_x1004y541.jpg\" class=\"ff-og-image-inserted\"><\/div>\n<p class=\"article-text\"> El Ni\u00f1o no s\u00f3lo es un evento de calor en las aguas del Pac\u00edfico ecuatorial, sino \u2013adem\u00e1s\u2013 un reorganizador de relaciones sociales, con profundas implicaciones econ\u00f3micas y pol\u00edticas. Cualquier c\u00e1lculo que hagan hoy las fuerzas que aspiren dominar la Argentina en 2027, deber\u00e1n antes pasar por el test ineludible que causar\u00e1n los efectos clim\u00e1ticos que ya se empezaron a asomar en el horizonte. <\/p>\n<p class=\"article-text\"> A lo largo de la historia, El Ni\u00f1o hizo caer gobiernos, provoc\u00f3 guerras y hasta revoluciones porque cuando el sistema clim\u00e1tico alrededor del cual articulamos nuestras sociedades falla, todo puede colapsar como en un domin\u00f3. Me toc\u00f3 presenciarlo como joven periodista en Indonesia, donde El Ni\u00f1o fue catalizador de la ca\u00edda de Suharto en 1998. Hab\u00eda gobernado el pa\u00eds con mano de hierro hasta que vino un evento muy fuerte. Se instal\u00f3 una sequ\u00eda maldita, fallaron los cultivos, se dispar\u00f3 la inflaci\u00f3n, la moneda colaps\u00f3 y el r\u00e9gimen, que hab\u00eda durado m\u00e1s de tres d\u00e9cadas, cay\u00f3. <\/p>\n<p class=\"article-text\"> <a href=\"https:\/\/www.eldiarioar.com\/sociedad\/nino-alcanzar-intensidad-historica-zonas-argentina-riesgo_1_13468389.html\" data-mrf-recirculation=\"links-noticia\" class=\"link\">Este Ni\u00f1o es m\u00e1s fuerte que cualquier otro Ni\u00f1o<\/a> jam\u00e1s registrado, con el oc\u00e9ano caliente como una sopa y con una atm\u00f3sfera tambi\u00e9n muy caliente, capaz de retener mucha m\u00e1s humedad y de soltarla como la bomba de Hiroshima. Imaginen toda la energ\u00eda que se necesita para encender el termostato en esa enorme masa de agua de la superficie en la que El Ni\u00f1o se expresa. Esto no ocurre aleatoriamente: el planeta est\u00e1 envuelto en una especie de celof\u00e1n gigante, que no deja salir la radiaci\u00f3n solar, guardando m\u00e1s y m\u00e1s temperatura. Los hilos de ese embalaje est\u00e1n entretejidos por los gases provenientes de la quema de combustibles f\u00f3siles y la deforestaci\u00f3n. Exceso de energ\u00eda es tambi\u00e9n exceso de impactos. <\/p>\n<p class=\"article-text\"> Un estudio de la Universidad de Michigan sugiere que El Ni\u00f1o, un fen\u00f3meno c\u00edclico que sucede entre cada dos y siete a\u00f1os, puede intensificarse por el cambio clim\u00e1tico, y este, a su vez, puede agigantarse por El Ni\u00f1o. \u201cEstamos observando una tendencia a que el fen\u00f3meno El Ni\u00f1o sea m\u00e1s intenso, y el que tenemos ahora es coherente con esa tendencia. No es una casualidad. Estamos viendo un cambio en el que El Ni\u00f1o no se parece al que era antes de la era industrial\u201d, indic\u00f3 al diario <em>The Guardian<\/em>, Julia Cole, la cient\u00edfica que realiz\u00f3 el estudio bas\u00e1ndose en el an\u00e1lisis de corales de las Gal\u00e1pagos. <\/p>\n<p class=\"article-text\"> En los \u00faltimos tiempos vemos c\u00f3mo los eventos clim\u00e1ticos se pueden convertir en un arma de destrucci\u00f3n masiva. Para mencionar s\u00f3lo algunos: las reiteradas olas de calor en Europa se cobraron este a\u00f1o unas 40 mil vidas, casi como las v\u00edctimas de una guerra, una Gaza silenciosa y letal. El<a href=\"https:\/\/www.eldiarioar.com\/sociedad\/medio-ambiente\/provoco-riada-nepal-papel-juega-cambio-climatico-fenomenos-son-diferentes-habiamos-visto_1_13470500.html\" data-mrf-recirculation=\"links-noticia\" class=\"link\"> tsunami terrestre de Nepal<\/a> fue provocado por un glaciar que se desprendi\u00f3 porque la atm\u00f3sfera ardiente no respeta ni las monta\u00f1as sagradas, ni las ciudades o los puentes. Mucho menos a las personas. <\/p>\n<p class=\"article-text\"> Nada tiene m\u00e1s fuerza que el agua. Y lo que el Ni\u00f1o hace es redistribuir radicalmente su circulaci\u00f3n en la superficie del planeta: en gran parte del territorio de la Argentina, como el litoral o la Pampa h\u00fameda, se manifiesta torrencialmente, el Sudeste Asi\u00e1tico o la India se seca, sin su vital temporada de monzones. Como es un fen\u00f3meno que va desplegando sus alas paulatinamente, no sabremos hasta que ocurra cu\u00e1l ser\u00e1 el vol\u00famen exacto de la conversaci\u00f3n entre el mar y la atm\u00f3sfera con todo esta energ\u00eda in\u00e9dita acumulada, que de alguna forma se tiene que liberar. <\/p>\n<p class=\"article-text\"> Es para los meteor\u00f3logos ir determinando d\u00f3nde va ir este Ni\u00f1o impactando, d\u00eda a d\u00eda. Pero lo que s\u00ed ya podemos ir intuyendo es que la sociedad de hoy no ser\u00e1 la misma que la del d\u00eda despu\u00e9s de que los vientos vuelvan a soplar en direcci\u00f3n contraria en el Pac\u00edfico, llevando las aguas calientes ecuatoriales de regreso a las costas de Australia. \u00bfQu\u00e9 pasa, por ejemplo, si no se puede plantar o cosechar? \u00bfSe comer\u00e1 al d\u00f3lar y el equilibrio fiscal? \u00bfC\u00f3mo funcionar\u00e1 el pa\u00eds sin un gesto de empat\u00eda y solidaridad? <\/p>\n<p class=\"article-text\"> En la Argentina, seguramente,<a href=\"https:\/\/www.eldiarioar.com\/sociedad\/medio-ambiente\/nino-llego-gobierno-activo-protocolo-presupuesto-organismos-debilitados_1_13421129.html\" data-mrf-recirculation=\"links-noticia\" class=\"link\"> no s\u00f3lo hay que pensar en medidas antes de la cat\u00e1strofe como las que muchas gobernaciones y municipios ya est\u00e1n tomando<\/a>: bomberos, gomones, preparaci\u00f3n de centros de salud, monitoreo de las crecidas, etc. Tambi\u00e9n vamos a tener que pensar en c\u00f3mo enfrentaremos una posible reconstrucci\u00f3n despu\u00e9s de que las aguas cedan: \u00bfcon Estado o con el individuo s\u00f3lo nom\u00e1s? <\/p>\n<p class=\"article-text\"> Adem\u00e1s, tendremos que pensar c\u00f3mo adaptarnos tanto a los nuevos embates climatol\u00f3gicos como a la econom\u00eda que viene, teniendo en cuenta que para sobrevivir como sociedades necesitamos m\u00e1s tarde que temprano entender que no hay ni pa\u00eds ni planeta posible si seguimos produciendo y quemando combustibles f\u00f3siles, que son el principal motor de esta secuencia de cat\u00e1strofes que nunca terminan. <\/p>\n<p class=\"article-text\"> Ni El Ni\u00f1o ni el caos clim\u00e1tico es una cuesti\u00f3n de ambientalistas. Los periodistas que escriben sobre estos temas, incluyendo los de las secciones pol\u00edticas, tienen la obligaci\u00f3n de conectar todos los puntos: las sociedades no existen fuera del contexto del que habitan: el suelo, el aire, el agua y el clima. Podemos pretender estar en burbujas aisladas, pero despu\u00e9s, la realidad \u2013como el tsunami glaciar de Nepal\u2013 te lleva puesto. <\/p>\n<p class=\"article-text\"> <em>MA\/MG<\/em> <\/p>\n","protected":false},"excerpt":{"rendered":"<p>El Ni\u00f1o no s\u00f3lo es un evento de calor en las aguas del Pac\u00edfico ecuatorial, sino \u2013adem\u00e1s\u2013 un reorganizador de relaciones sociales, con profundas implicaciones econ\u00f3micas y pol\u00edticas. Cualquier c\u00e1lculo que hagan hoy las fuerzas que aspiren dominar la Argentina en 2027, deber\u00e1n antes pasar por el test ineludible que causar\u00e1n los efectos clim\u00e1ticos que [&hellip;]<\/p>\n","protected":false},"author":1,"featured_media":38148,"comment_status":"closed","ping_status":"closed","sticky":false,"template":"","format":"standard","meta":{"footnotes":""},"categories":[123],"tags":[],"class_list":["post-38147","post","type-post","status-publish","format-standard","has-post-thumbnail","hentry","category-nacionales"],"_links":{"self":[{"href":"https:\/\/nvccatamarca.com\/index.php\/wp-json\/wp\/v2\/posts\/38147","targetHints":{"allow":["GET"]}}],"collection":[{"href":"https:\/\/nvccatamarca.com\/index.php\/wp-json\/wp\/v2\/posts"}],"about":[{"href":"https:\/\/nvccatamarca.com\/index.php\/wp-json\/wp\/v2\/types\/post"}],"author":[{"embeddable":true,"href":"https:\/\/nvccatamarca.com\/index.php\/wp-json\/wp\/v2\/users\/1"}],"replies":[{"embeddable":true,"href":"https:\/\/nvccatamarca.com\/index.php\/wp-json\/wp\/v2\/comments?post=38147"}],"version-history":[{"count":0,"href":"https:\/\/nvccatamarca.com\/index.php\/wp-json\/wp\/v2\/posts\/38147\/revisions"}],"wp:featuredmedia":[{"embeddable":true,"href":"https:\/\/nvccatamarca.com\/index.php\/wp-json\/wp\/v2\/media\/38148"}],"wp:attachment":[{"href":"https:\/\/nvccatamarca.com\/index.php\/wp-json\/wp\/v2\/media?parent=38147"}],"wp:term":[{"taxonomy":"category","embeddable":true,"href":"https:\/\/nvccatamarca.com\/index.php\/wp-json\/wp\/v2\/categories?post=38147"},{"taxonomy":"post_tag","embeddable":true,"href":"https:\/\/nvccatamarca.com\/index.php\/wp-json\/wp\/v2\/tags?post=38147"}],"curies":[{"name":"wp","href":"https:\/\/api.w.org\/{rel}","templated":true}]}}