{"id":38149,"date":"2026-08-29T00:02:03","date_gmt":"2026-08-29T03:02:03","guid":{"rendered":"https:\/\/www.eldiarioar.com\/espectaculos\/pueblo-chico-abismo-mal-tierra-crimen-inquietante-film-neerlandes_129_13473684.html"},"modified":"2026-08-29T00:02:03","modified_gmt":"2026-08-29T03:02:03","slug":"pueblo-chico-abismo-del-mal-en-tierra-de-crimen-inquietante-film-neerlandes","status":"publish","type":"post","link":"https:\/\/nvccatamarca.com\/index.php\/2026\/08\/29\/pueblo-chico-abismo-del-mal-en-tierra-de-crimen-inquietante-film-neerlandes\/","title":{"rendered":"Pueblo chico, abismo del mal en \u201cTierra de crimen\u201d, inquietante film neerland\u00e9s"},"content":{"rendered":"<p class=\"article-text\"> La\/el que avisa no traiciona: aunque cautivadora en la creaci\u00f3n de atm\u00f3sferas sugerentes y con un gesto cinematogr\u00e1fico de una est\u00e9tica refinada que por momentos llega a la abstracci\u00f3n pict\u00f3rica, <strong>Tierra de<\/strong> <strong>crimen<\/strong> es una pel\u00edcula que no se la hace f\u00e1cil al p\u00fablico. Para empezar, plantea enigmas sobre la amenaza del mal, representado aqu\u00ed por una violencia atroz, pero no ofrece respuestas tranquilizadoras que reconforten en alguna medida, ni gratificaciones justicieras. Ninguna explicaci\u00f3n, ninguna certeza sobre los predadores. <\/p>\n<p class=\"article-text\"> Por el contrario, <strong>Tierra\u2026<\/strong> nos deja en di\u00e1logo con la incertidumbre, nos da un espacio para la reflexi\u00f3n, para posibles lecturas de esta historia que transcurre en una zona rural del norte de Holanda \u2013ahora, Pa\u00edses Bajos\u2013 con el paisaje abierto a un horizonte de \u00e1rboles enmarcando grandes extensiones pantanosas, donde crecen esbeltos y flexibles juncos que se mecen al comp\u00e1s y el arrullo del viento\u2026 Un panorama que, de movida, bien podr\u00eda llevarnos a pensar en las bondades de la vida buc\u00f3lica\u2026 Nada m\u00e1s distante de las intenciones del director Sven Bresser (1992) en su \u00f3pera prima, que tuvo la merecida suerte de ser seleccionada para la Semana de la Cr\u00edtica del Festival de Cannes. <\/p>\n<figure class=\"embed-container embed-container--type-youtube ratio\"> <iframe id=\"yt-0O8rYhya_vs-9964\" src=\"https:\/\/www.youtube.com\/embed\/0O8rYhya_vs?enablejsapi=1\" frameborder=\"0\">[embedded content]<\/iframe> <\/figure>\n<p class=\"article-text\"> Porque a Bresser le import\u00f3 mostrar las consecuencias de una tremenda manifestaci\u00f3n del mal que, evidentemente, estaba latente en ese pueblito donde todos sus habitantes se conocen y parecen dispuestos a la ayuda mutua. Y donde el protagonista, Johan, es un rutinario<em> rietsmajeer<\/em> \u2013cortador de juncos\u2013 que, en el arranque, cumple con el ritual de segar en un mar de finas ca\u00f1as doradas que selecciona y re\u00fane prolijamente en atados que va apilando. Arma monta\u00f1itas con los desechos, les prende fuego y un humo denso invade la pantalla compitiendo con los nubarrones. El hombre hace pis en la orilla del lago, toma un barquito y regresa a su casa aislada en el campo. <\/p>\n<figure> <picture class=\"news-image\"> <!--[if IE 9]><video style=\"display: none;\"><![endif]--><source media=\"(max-width: 576px)\" type=\"image\/webp\" srcset=\"https:\/\/static.eldiario.es\/clip\/7723e612-88e1-4161-896d-df5c69dfe636_16-9-discover-aspect-ratio_50p_0.webp\"><source media=\"(max-width: 576px)\" type=\"image\/jpg\" srcset=\"https:\/\/static.eldiario.es\/clip\/7723e612-88e1-4161-896d-df5c69dfe636_16-9-discover-aspect-ratio_50p_0.jpg\"><source media=\"(max-width: 767px)\" type=\"image\/webp\" srcset=\"https:\/\/static.eldiario.es\/clip\/7723e612-88e1-4161-896d-df5c69dfe636_16-9-discover-aspect-ratio_75p_0.webp\"><source media=\"(max-width: 767px)\" type=\"image\/jpg\" srcset=\"https:\/\/static.eldiario.es\/clip\/7723e612-88e1-4161-896d-df5c69dfe636_16-9-discover-aspect-ratio_75p_0.jpg\"><source media=\"(min-width: 768px)\" type=\"image\/webp\" srcset=\"https:\/\/static.eldiario.es\/clip\/7723e612-88e1-4161-896d-df5c69dfe636_16-9-discover-aspect-ratio_default_0.webp\"><source media=\"(min-width: 768px)\" type=\"image\/jpg\" srcset=\"https:\/\/static.eldiario.es\/clip\/7723e612-88e1-4161-896d-df5c69dfe636_16-9-discover-aspect-ratio_default_0.jpg\"><source type=\"image\/webp\" srcset=\"https:\/\/static.eldiario.es\/clip\/7723e612-88e1-4161-896d-df5c69dfe636_16-9-discover-aspect-ratio_default_0.webp\"><!--[if IE 9]><\/video><![endif]--> <img decoding=\"async\" class=\"lazy\" loading=\"lazy\" src=\"https:\/\/static.eldiario.es\/clip\/7723e612-88e1-4161-896d-df5c69dfe636_16-9-discover-aspect-ratio_default_0.jpg\" alt=\"El bello y apacible paisaje que se puede volver oscuramente hostil\"> <\/picture> <\/figure>\n<p class=\"article-text\"> De noche, all\u00ed, sentado a la mesa, vemos por primera vez un gran plano de su rostro baqueteado por el trabajo de muchos a\u00f1os a la intemperie. Sus manos curtidas, las u\u00f1as rotas, los dedos cruzados para rezar antes de comer su guisito de carne con papas bajo la mirada, desde las paredes, de viejas fotos de familia en blanco y negro, una de ellas en colores, donde una mujer lleva a un caballo blanco. El hombre para la oreja, ha escuchado el ruido del motor de un coche que se detiene. Es su hija Aaf que viene a traer a su nieta Dana \u2013rondando los 10 a\u00f1os\u2013 ya dormida. Johan, el cortador de juntos, la toma en sus brazos y la lleva a la cama sin despertarla. Al d\u00eda siguiente, luego de darle el desayuno a la ni\u00f1a y atender a su querido caballo Grise, entre los juncos sigue unas marcas y se encuentra con la escena que trastocar\u00e1 su vida habitual de viudo austero: el cuerpo sin vida de una joven, boca abajo, el jean bajado, que la c\u00e1mara toma por partes y en conjunto sin el menor regodeo. Un femicidio precedido de una violaci\u00f3n que inducir\u00e1 a Johan a investigar por su cuenta y riesgo, a caer en situaciones que rozan el terror fant\u00e1stico. Asimismo, otras que le producen hondo dolor, una paranoia creciente. <\/p>\n<figure> <picture class=\"news-image\"> <!--[if IE 9]><video style=\"display: none;\"><![endif]--><source media=\"(max-width: 576px)\" type=\"image\/webp\" srcset=\"https:\/\/static.eldiario.es\/clip\/e45a31ed-efe3-43b8-8c49-264a28a4a2c4_source-aspect-ratio_50p_0.webp\"><source media=\"(max-width: 576px)\" type=\"image\/jpg\" srcset=\"https:\/\/static.eldiario.es\/clip\/e45a31ed-efe3-43b8-8c49-264a28a4a2c4_source-aspect-ratio_50p_0.jpg\"><source media=\"(max-width: 767px)\" type=\"image\/webp\" srcset=\"https:\/\/static.eldiario.es\/clip\/e45a31ed-efe3-43b8-8c49-264a28a4a2c4_source-aspect-ratio_75p_0.webp\"><source media=\"(max-width: 767px)\" type=\"image\/jpg\" srcset=\"https:\/\/static.eldiario.es\/clip\/e45a31ed-efe3-43b8-8c49-264a28a4a2c4_source-aspect-ratio_75p_0.jpg\"><source media=\"(min-width: 768px)\" type=\"image\/webp\" srcset=\"https:\/\/static.eldiario.es\/clip\/e45a31ed-efe3-43b8-8c49-264a28a4a2c4_source-aspect-ratio_default_0.webp\"><source media=\"(min-width: 768px)\" type=\"image\/jpg\" srcset=\"https:\/\/static.eldiario.es\/clip\/e45a31ed-efe3-43b8-8c49-264a28a4a2c4_source-aspect-ratio_default_0.jpg\"><source type=\"image\/webp\" srcset=\"https:\/\/static.eldiario.es\/clip\/e45a31ed-efe3-43b8-8c49-264a28a4a2c4_source-aspect-ratio_default_0.webp\"><!--[if IE 9]><\/video><![endif]--> <img decoding=\"async\" class=\"lazy\" loading=\"lazy\" src=\"https:\/\/static.eldiario.es\/clip\/e45a31ed-efe3-43b8-8c49-264a28a4a2c4_source-aspect-ratio_default_0.jpg\" alt=\"Sven Bresser, director\"> <\/picture> <\/figure>\n<h2 class=\"article-text\">Un cineasta realmente comprometido<\/h2>\n<p class=\"article-text\"> Cuando se decidi\u00f3 por la tem\u00e1tica de <strong>Tierra de crimen<\/strong>, que comprend\u00eda cuestiones pol\u00edticas, sociales, econ\u00f3micas, ecol\u00f3gicas, Bresser busc\u00f3 un pueblo que se asemejara a los que hab\u00eda conocido de ni\u00f1o, con sus campos cubiertos de juncos que daban atractivo al paisaje y trabajo a mucha gente. Adem\u00e1s de contribuir a la conservaci\u00f3n de los humedales, las ra\u00edces filtraban contaminantes, aportando as\u00ed a la purificaci\u00f3n del agua. Su madre, a quien le dedica la pel\u00edcula, le ense\u00f1\u00f3 a apreciar esas delicadas plantas que cuando viraban al amarillo se convert\u00edan en manojos amarrados que se usaban en cester\u00eda y otras artesan\u00edas, o como materia prima para los tradicionales techos de paja del pa\u00eds. <\/p>\n<figure> <picture class=\"news-image\"> <!--[if IE 9]><video style=\"display: none;\"><![endif]--><source media=\"(max-width: 576px)\" type=\"image\/webp\" srcset=\"https:\/\/static.eldiario.es\/clip\/69a02a98-ac56-4c0f-b59b-439437215cee_16-9-discover-aspect-ratio_50p_0.webp\"><source media=\"(max-width: 576px)\" type=\"image\/jpg\" srcset=\"https:\/\/static.eldiario.es\/clip\/69a02a98-ac56-4c0f-b59b-439437215cee_16-9-discover-aspect-ratio_50p_0.jpg\"><source media=\"(max-width: 767px)\" type=\"image\/webp\" srcset=\"https:\/\/static.eldiario.es\/clip\/69a02a98-ac56-4c0f-b59b-439437215cee_16-9-discover-aspect-ratio_75p_0.webp\"><source media=\"(max-width: 767px)\" type=\"image\/jpg\" srcset=\"https:\/\/static.eldiario.es\/clip\/69a02a98-ac56-4c0f-b59b-439437215cee_16-9-discover-aspect-ratio_75p_0.jpg\"><source media=\"(min-width: 768px)\" type=\"image\/webp\" srcset=\"https:\/\/static.eldiario.es\/clip\/69a02a98-ac56-4c0f-b59b-439437215cee_16-9-discover-aspect-ratio_default_0.webp\"><source media=\"(min-width: 768px)\" type=\"image\/jpg\" srcset=\"https:\/\/static.eldiario.es\/clip\/69a02a98-ac56-4c0f-b59b-439437215cee_16-9-discover-aspect-ratio_default_0.jpg\"><source type=\"image\/webp\" srcset=\"https:\/\/static.eldiario.es\/clip\/69a02a98-ac56-4c0f-b59b-439437215cee_16-9-discover-aspect-ratio_default_0.webp\"><!--[if IE 9]><\/video><![endif]--> <img decoding=\"async\" class=\"lazy\" loading=\"lazy\" src=\"https:\/\/static.eldiario.es\/clip\/69a02a98-ac56-4c0f-b59b-439437215cee_16-9-discover-aspect-ratio_default_0.jpg\" alt=\"El cortador de juncos cumpliendo su ritual diario\"> <\/picture> <\/figure>\n<p class=\"article-text\"> As\u00ed fue que, en plan de documentarse, SB se afinc\u00f3 un buen tiempo en una de esas localidades, se hizo amigo e interactu\u00f3 con sus pobladores, cosech\u00f3 juncos con sus propias manos. Y conoci\u00f3 al incre\u00edble Gerrit Knobbe, un laburante del ca\u00f1averal que nunca hab\u00eda actuado. Con esos rasgos esculpidos, esa econom\u00eda del gesto y la palabra, el futuro director de <strong>Tierra de crimen<\/strong> pens\u00f3 que ser\u00eda el protagonista ideal de su proyecto. Acaso Bresser asoci\u00f3 con las ideas del gran realizador franc\u00e9s Robert Bresson, que prefer\u00eda trabajar con personas despojadas de todo juego actoral, teatral y as\u00ed capturar algo genuino, verdadero, no empa\u00f1ado por el intento de \u201ccomponer\u201d un personaje con tics interpretativos. Todo un acierto porque Knobbe, m\u00e1s all\u00e1 de su rostro impasible, como bloqueadas sus emociones, irradia una especie de vida interior secreta, que nunca se verbaliza. <\/p>\n<figure> <picture class=\"news-image\"> <!--[if IE 9]><video style=\"display: none;\"><![endif]--><source media=\"(max-width: 576px)\" type=\"image\/webp\" srcset=\"https:\/\/static.eldiario.es\/clip\/f212f623-c157-4b3b-a0ad-65c617cfbde1_16-9-discover-aspect-ratio_50p_0.webp\"><source media=\"(max-width: 576px)\" type=\"image\/jpg\" srcset=\"https:\/\/static.eldiario.es\/clip\/f212f623-c157-4b3b-a0ad-65c617cfbde1_16-9-discover-aspect-ratio_50p_0.jpg\"><source media=\"(max-width: 767px)\" type=\"image\/webp\" srcset=\"https:\/\/static.eldiario.es\/clip\/f212f623-c157-4b3b-a0ad-65c617cfbde1_16-9-discover-aspect-ratio_75p_0.webp\"><source media=\"(max-width: 767px)\" type=\"image\/jpg\" srcset=\"https:\/\/static.eldiario.es\/clip\/f212f623-c157-4b3b-a0ad-65c617cfbde1_16-9-discover-aspect-ratio_75p_0.jpg\"><source media=\"(min-width: 768px)\" type=\"image\/webp\" srcset=\"https:\/\/static.eldiario.es\/clip\/f212f623-c157-4b3b-a0ad-65c617cfbde1_16-9-discover-aspect-ratio_default_0.webp\"><source media=\"(min-width: 768px)\" type=\"image\/jpg\" srcset=\"https:\/\/static.eldiario.es\/clip\/f212f623-c157-4b3b-a0ad-65c617cfbde1_16-9-discover-aspect-ratio_default_0.jpg\"><source type=\"image\/webp\" srcset=\"https:\/\/static.eldiario.es\/clip\/f212f623-c157-4b3b-a0ad-65c617cfbde1_16-9-discover-aspect-ratio_default_0.webp\"><!--[if IE 9]><\/video><![endif]--> <img decoding=\"async\" class=\"lazy\" loading=\"lazy\" src=\"https:\/\/static.eldiario.es\/clip\/f212f623-c157-4b3b-a0ad-65c617cfbde1_16-9-discover-aspect-ratio_default_0.jpg\" alt=\"Campan\u0303a be\u0301lica, escultura para un cementerio de los Pai\u0301ses Bajos, Armando, 1989\"> <\/picture> <\/figure>\n<p class=\"article-text\"> Descubrir el rendimiento de GK frente a la c\u00e1mara en las pruebas, alent\u00f3 a SB a convocar a otras personas del lugar para que cubrieran papeles epis\u00f3dicos sin marcarlos en forma convencional. Y la verdad es que supo dirigir a ni\u00f1as y ni\u00f1os, hombres y mujeres con logros inhabituales que suman a la extra\u00f1eza que genera la cinta toda. Desde la nieta de Johan que nunca se hace la linda (pero es preciosa) hasta el ni\u00f1o que dice el poema en la ceremonia f\u00fanebre de la joven asesinada; desde el hombre mudo que est\u00e1 en una silla de ruedas y no habla pero se expresa soltando gases, provocando de este modo la \u00fanica semisonrisa de Johan, se percibe claramente esa forma otra de manejar el cuerpo y la palabra en la pantalla, inclusive de cantar varios lieds una muchacha libre de amaneramientos, o de actuar los ni\u00f1os en la obra escolar que remite a la leyenda universal del pueblo sumergido, con sirenita buena y marineros malos. Un momento rebosante de gracia ingenua con brillos y colores, donde hay chicos que hacen de nubes, que mueven las olas de cart\u00f3n pintado. Entre el p\u00fablico asistente se distinguen las caras, las posturas de gente com\u00fan y corriente, pueblerina y sin glamour que no intenta congraciarse con la c\u00e1mara. Sobre el cierre de esta representaci\u00f3n, Johan, que ha accedido al pedido de su nieta (con una m\u00e1scara que \u00e9l mismo realiz\u00f3) hace de hipop\u00f3tamo gigante y malvado que es vencido por la ni\u00f1a. <\/p>\n<figure> <picture class=\"news-image\"> <!--[if IE 9]><video style=\"display: none;\"><![endif]--><source media=\"(max-width: 576px)\" type=\"image\/webp\" srcset=\"https:\/\/static.eldiario.es\/clip\/61858d98-40a6-4a75-9a07-310d6984c039_16-9-discover-aspect-ratio_50p_0.webp\"><source media=\"(max-width: 576px)\" type=\"image\/jpg\" srcset=\"https:\/\/static.eldiario.es\/clip\/61858d98-40a6-4a75-9a07-310d6984c039_16-9-discover-aspect-ratio_50p_0.jpg\"><source media=\"(max-width: 767px)\" type=\"image\/webp\" srcset=\"https:\/\/static.eldiario.es\/clip\/61858d98-40a6-4a75-9a07-310d6984c039_16-9-discover-aspect-ratio_75p_0.webp\"><source media=\"(max-width: 767px)\" type=\"image\/jpg\" srcset=\"https:\/\/static.eldiario.es\/clip\/61858d98-40a6-4a75-9a07-310d6984c039_16-9-discover-aspect-ratio_75p_0.jpg\"><source media=\"(min-width: 768px)\" type=\"image\/webp\" srcset=\"https:\/\/static.eldiario.es\/clip\/61858d98-40a6-4a75-9a07-310d6984c039_16-9-discover-aspect-ratio_default_0.webp\"><source media=\"(min-width: 768px)\" type=\"image\/jpg\" srcset=\"https:\/\/static.eldiario.es\/clip\/61858d98-40a6-4a75-9a07-310d6984c039_16-9-discover-aspect-ratio_default_0.jpg\"><source type=\"image\/webp\" srcset=\"https:\/\/static.eldiario.es\/clip\/61858d98-40a6-4a75-9a07-310d6984c039_16-9-discover-aspect-ratio_default_0.webp\"><!--[if IE 9]><\/video><![endif]--> <img decoding=\"async\" class=\"lazy\" loading=\"lazy\" src=\"https:\/\/static.eldiario.es\/clip\/61858d98-40a6-4a75-9a07-310d6984c039_16-9-discover-aspect-ratio_default_0.jpg\" alt=\"Johan (Gerrit Knobbe) frente al can\u0303averal\"> <\/picture> <\/figure>\n<p class=\"article-text\"> Entre otras fuentes de su relato, Bresser se inspir\u00f3 en la historia real de un migrante acusado de un crimen que no hab\u00eda cometido, cuya inocencia qued\u00f3 demostrada pocos a\u00f1os despu\u00e9s, mediante un ADN que se\u00f1al\u00f3 como culpable a un integrante de la comunidad. En <strong>Tierra de crimen<\/strong> es detenido un joven del pueblo rival, cruzando el lago, luego liberado por falta de pruebas. La problem\u00e1tica de los refugiados se filtra en los noticieros de la radio, de la tev\u00e9, lo mismo que el debate acerca de si los lobos deben seguir siendo una especie protegida y otros asuntos de actualidad. <\/p>\n<p class=\"article-text\"> La puesta en im\u00e1genes y en sonidos de este estreno ofrece un acabado de llamativa calidad para un debutante, tan atento a los contenidos como a los aspectos formales, que supo rodearse de excelentes artistas. En cuanto al papel inquietante que juegan los elementos el viento, la lluvia, el fuego, la vegetaci\u00f3n\u2013, SB reconoce la influencia del artista neerland\u00e9s apodado Armando (Herman Dirk Van Dodeweerd, 1929-2018) y su po\u00e9tico concepto de \u201cnaturaleza culpable\u201d para referirse a su indiferencia frente al sufrimiento humano. La obra de este pintor, escultor, poeta y m\u00fasico llev\u00f3 al director a mirar de distinta manera el entorno rural que conoc\u00eda desde la infancia, a observar un mundo m\u00e1s oscuro de lo que parec\u00eda a primera vista. Tambi\u00e9n a difuminar los l\u00edmites entre lo real y lo fant\u00e1stico. <\/p>\n<figure> <picture class=\"news-image\"> <!--[if IE 9]><video style=\"display: none;\"><![endif]--><source media=\"(max-width: 576px)\" type=\"image\/webp\" srcset=\"https:\/\/static.eldiario.es\/clip\/ad2bcb89-3b67-4551-950d-065ad3421efe_source-aspect-ratio_50p_0.webp\"><source media=\"(max-width: 576px)\" type=\"image\/jpg\" srcset=\"https:\/\/static.eldiario.es\/clip\/ad2bcb89-3b67-4551-950d-065ad3421efe_source-aspect-ratio_50p_0.jpg\"><source media=\"(max-width: 767px)\" type=\"image\/webp\" srcset=\"https:\/\/static.eldiario.es\/clip\/ad2bcb89-3b67-4551-950d-065ad3421efe_source-aspect-ratio_75p_0.webp\"><source media=\"(max-width: 767px)\" type=\"image\/jpg\" srcset=\"https:\/\/static.eldiario.es\/clip\/ad2bcb89-3b67-4551-950d-065ad3421efe_source-aspect-ratio_75p_0.jpg\"><source media=\"(min-width: 768px)\" type=\"image\/webp\" srcset=\"https:\/\/static.eldiario.es\/clip\/ad2bcb89-3b67-4551-950d-065ad3421efe_source-aspect-ratio_default_0.webp\"><source media=\"(min-width: 768px)\" type=\"image\/jpg\" srcset=\"https:\/\/static.eldiario.es\/clip\/ad2bcb89-3b67-4551-950d-065ad3421efe_source-aspect-ratio_default_0.jpg\"><source type=\"image\/webp\" srcset=\"https:\/\/static.eldiario.es\/clip\/ad2bcb89-3b67-4551-950d-065ad3421efe_source-aspect-ratio_default_0.webp\"><!--[if IE 9]><\/video><![endif]--> <img decoding=\"async\" class=\"lazy\" loading=\"lazy\" src=\"https:\/\/static.eldiario.es\/clip\/ad2bcb89-3b67-4551-950d-065ad3421efe_source-aspect-ratio_default_0.jpg\" alt=\"Vestido rojo, cuadro de Armando, 2026\"> <\/picture> <\/figure>\n<p class=\"article-text\"> <em><strong>Tierra de crimen<\/strong><\/em><em>, 112 minutos<\/em> <\/p>\n<aside class=\"know-more know-more--with-image\" readability=\"0\"> <a href=\"https:\/\/www.eldiarioar.com\/espectaculos\/javier-bardem-jovenes-hay-renacer-masculinidad-peligrosa_1_13471607.html\" data-mrf-recirculation=\"saber-mas-abajo\" data-dl-event=\"saber-mas-abajo\" readability=\"2\"> <\/p>\n<p class=\"know-more__title\">Javier Bardem: \u201cEn los j\u00f3venes hay un renacer de una masculinidad peligrosa\u201d\n<\/p>\n<picture class=\"know-more__img\"> <!--[if IE 9]><video style=\"display: none;\"><![endif]--><source media=\"(max-width: 767px)\" type=\"image\/webp\" srcset=\"https:\/\/static.eldiario.es\/clip\/702c5279-d0ff-4482-b0f3-03b27916346e_16-9-aspect-ratio_50p_0_x972y316.webp\"><source media=\"(max-width: 767px)\" type=\"image\/jpg\" srcset=\"https:\/\/static.eldiario.es\/clip\/702c5279-d0ff-4482-b0f3-03b27916346e_16-9-aspect-ratio_50p_0_x972y316.jpg\"><source media=\"(min-width: 768px)\" type=\"image\/webp\" srcset=\"https:\/\/static.eldiario.es\/clip\/702c5279-d0ff-4482-b0f3-03b27916346e_16-9-aspect-ratio_50p_0_x972y316.webp\"><source media=\"(min-width: 768px)\" type=\"image\/jpg\" srcset=\"https:\/\/static.eldiario.es\/clip\/702c5279-d0ff-4482-b0f3-03b27916346e_16-9-aspect-ratio_50p_0_x972y316.jpg\"><source type=\"image\/webp\" srcset=\"https:\/\/static.eldiario.es\/clip\/702c5279-d0ff-4482-b0f3-03b27916346e_16-9-aspect-ratio_default_0_x972y316.webp\"><!--[if IE 9]><\/video><![endif]--> <img decoding=\"async\" class=\"lazy\" loading=\"lazy\" src=\"https:\/\/static.eldiario.es\/clip\/702c5279-d0ff-4482-b0f3-03b27916346e_16-9-aspect-ratio_default_0_x972y316.jpg\" alt=\"Javier Bardem: \u201cEn los j\u00f3venes hay un renacer de una masculinidad peligrosa\u201d\"> <\/picture> <\/a><br \/>\n<\/aside>\n<p class=\"article-text\"> <em>Salas: Cin\u00e9polis Recoleta, Atlas Patio Bullrich, Lorca, Cacodelphia, Multiplex Belgrano, Showcase Norte<\/em> <\/p>\n","protected":false},"excerpt":{"rendered":"<p>La\/el que avisa no traiciona: aunque cautivadora en la creaci\u00f3n de atm\u00f3sferas sugerentes y con un gesto cinematogr\u00e1fico de una est\u00e9tica refinada que por momentos llega a la abstracci\u00f3n pict\u00f3rica, Tierra de crimen es una pel\u00edcula que no se la hace f\u00e1cil al p\u00fablico. Para empezar, plantea enigmas sobre la amenaza del mal, representado aqu\u00ed [&hellip;]<\/p>\n","protected":false},"author":1,"featured_media":38150,"comment_status":"closed","ping_status":"closed","sticky":false,"template":"","format":"standard","meta":{"footnotes":""},"categories":[123],"tags":[],"class_list":["post-38149","post","type-post","status-publish","format-standard","has-post-thumbnail","hentry","category-nacionales"],"_links":{"self":[{"href":"https:\/\/nvccatamarca.com\/index.php\/wp-json\/wp\/v2\/posts\/38149","targetHints":{"allow":["GET"]}}],"collection":[{"href":"https:\/\/nvccatamarca.com\/index.php\/wp-json\/wp\/v2\/posts"}],"about":[{"href":"https:\/\/nvccatamarca.com\/index.php\/wp-json\/wp\/v2\/types\/post"}],"author":[{"embeddable":true,"href":"https:\/\/nvccatamarca.com\/index.php\/wp-json\/wp\/v2\/users\/1"}],"replies":[{"embeddable":true,"href":"https:\/\/nvccatamarca.com\/index.php\/wp-json\/wp\/v2\/comments?post=38149"}],"version-history":[{"count":0,"href":"https:\/\/nvccatamarca.com\/index.php\/wp-json\/wp\/v2\/posts\/38149\/revisions"}],"wp:featuredmedia":[{"embeddable":true,"href":"https:\/\/nvccatamarca.com\/index.php\/wp-json\/wp\/v2\/media\/38150"}],"wp:attachment":[{"href":"https:\/\/nvccatamarca.com\/index.php\/wp-json\/wp\/v2\/media?parent=38149"}],"wp:term":[{"taxonomy":"category","embeddable":true,"href":"https:\/\/nvccatamarca.com\/index.php\/wp-json\/wp\/v2\/categories?post=38149"},{"taxonomy":"post_tag","embeddable":true,"href":"https:\/\/nvccatamarca.com\/index.php\/wp-json\/wp\/v2\/tags?post=38149"}],"curies":[{"name":"wp","href":"https:\/\/api.w.org\/{rel}","templated":true}]}}