{"id":38153,"date":"2026-08-30T11:34:42","date_gmt":"2026-08-30T14:34:42","guid":{"rendered":"https:\/\/airevision.com.ar\/?p=187126"},"modified":"2026-08-30T11:34:42","modified_gmt":"2026-08-30T14:34:42","slug":"lali-esposito-celebro-su-despedida-de-soltera-en-brasil-junto-a-sus-amigas","status":"publish","type":"post","link":"https:\/\/nvccatamarca.com\/index.php\/2026\/08\/30\/lali-esposito-celebro-su-despedida-de-soltera-en-brasil-junto-a-sus-amigas\/","title":{"rendered":"Lali Esp\u00f3sito celebr\u00f3 su despedida de soltera en Brasil junto a sus amigas"},"content":{"rendered":"<div class=\"td-post-featured-image\"><a href=\"https:\/\/airevision.com.ar\/wp-content\/uploads\/2026\/08\/Captura-de-pantalla_30-8-2026_113315_media.a24.com_.jpeg\" data-caption><img loading=\"lazy\" decoding=\"async\" data-lazyloaded=\"1\" src=\"https:\/\/airevision.com.ar\/wp-content\/uploads\/2026\/08\/Captura-de-pantalla_30-8-2026_113315_media.a24.com_.jpeg\" width=\"479\" height=\"421\" class=\"entry-thumb td-modal-image\" data-sizes=\"(max-width: 479px) 100vw, 479px\" alt title=\"Captura de pantalla_30-8-2026_113315_media.a24.com\" srcset=\"https:\/\/airevision.com.ar\/wp-content\/uploads\/2026\/08\/Captura-de-pantalla_30-8-2026_113315_media.a24.com_.jpeg 479w, https:\/\/airevision.com.ar\/wp-content\/uploads\/2026\/08\/Captura-de-pantalla_30-8-2026_113315_media.a24.com_-300x264.jpeg 300w, https:\/\/airevision.com.ar\/wp-content\/uploads\/2026\/08\/Captura-de-pantalla_30-8-2026_113315_media.a24.com_-150x132.jpeg 150w\"><\/a><\/div>\n<p class=\"isSelectedEnd\">Lali Esp\u00f3sito celebr\u00f3 su despedida de soltera en R\u00edo de Janeiro, Brasil, junto a un grupo de amigas cercanas. Las im\u00e1genes del viaje fueron compartidas en redes sociales por Mery del Cerro y terminaron de confirmar las versiones que circulaban sobre el motivo de la escapada.<\/p>\n<p class=\"isSelectedEnd\">Adem\u00e1s, estuvo acompa\u00f1ada por <strong>Mery del Cerro, Cande Vetrano, Sol Jaite, Morena Fern\u00e1ndez Quinteros y Justina Bustos<\/strong> durante su estad\u00eda en la ciudad brasile\u00f1a. El grupo aprovech\u00f3 el viaje para recorrer distintos puntos de R\u00edo de Janeiro, entre ellos Leblon e Ipanema.<\/p>\n<p class=\"isSelectedEnd\">La celebraci\u00f3n principal tuvo una consigna particular. La cantante visti\u00f3 de blanco, con un vestido de encaje y botas negras, mientras que sus amigas utilizaron prendas oscuras. Todas llevaron m\u00e1scaras de conejo como parte de la tem\u00e1tica elegida para la noche.<\/p>\n<p class=\"isSelectedEnd\">El festejo comenz\u00f3 con una cena en un restaurante y luego continu\u00f3 en un boliche, donde el grupo disfrut\u00f3 de la noche entre m\u00fasica y fotograf\u00edas.<\/p>\n<p class=\"isSelectedEnd\">Entre las im\u00e1genes tambi\u00e9n apareci\u00f3 un gui\u00f1o a <strong>Pedro Rosemblat<\/strong>, futuro esposo de la artista. Una de las asistentes llev\u00f3 una m\u00e1scara con el rostro del conductor.<\/p>\n<p class=\"isSelectedEnd\">La pareja hab\u00eda confirmado meses atr\u00e1s su decisi\u00f3n de casarse, aunque hasta el momento mantiene en reserva los detalles de la boda.<\/p>\n<p>\u201c<strong>R\u00edo siempre ser\u00e1 un buen plan<\/strong>\u201d, escribi\u00f3 Mery del Cerro al compartir las im\u00e1genes del viaje. Lali respondi\u00f3 a la publicaci\u00f3n con un mensaje para sus amigas: \u201c<strong>Las amo mal<\/strong>\u201d.<\/p>\n","protected":false},"excerpt":{"rendered":"<p>Lali Esp\u00f3sito celebr\u00f3 su despedida de soltera en R\u00edo de Janeiro, Brasil, junto a un grupo de amigas cercanas. Las im\u00e1genes del viaje fueron compartidas en redes sociales por Mery del Cerro y terminaron de confirmar las versiones que circulaban sobre el motivo de la escapada. Adem\u00e1s, estuvo acompa\u00f1ada por Mery del Cerro, Cande Vetrano, [&hellip;]<\/p>\n","protected":false},"author":1,"featured_media":38154,"comment_status":"open","ping_status":"closed","sticky":false,"template":"","format":"standard","meta":{"footnotes":""},"categories":[118],"tags":[],"class_list":["post-38153","post","type-post","status-publish","format-standard","has-post-thumbnail","hentry","category-provincia"],"_links":{"self":[{"href":"https:\/\/nvccatamarca.com\/index.php\/wp-json\/wp\/v2\/posts\/38153","targetHints":{"allow":["GET"]}}],"collection":[{"href":"https:\/\/nvccatamarca.com\/index.php\/wp-json\/wp\/v2\/posts"}],"about":[{"href":"https:\/\/nvccatamarca.com\/index.php\/wp-json\/wp\/v2\/types\/post"}],"author":[{"embeddable":true,"href":"https:\/\/nvccatamarca.com\/index.php\/wp-json\/wp\/v2\/users\/1"}],"replies":[{"embeddable":true,"href":"https:\/\/nvccatamarca.com\/index.php\/wp-json\/wp\/v2\/comments?post=38153"}],"version-history":[{"count":0,"href":"https:\/\/nvccatamarca.com\/index.php\/wp-json\/wp\/v2\/posts\/38153\/revisions"}],"wp:featuredmedia":[{"embeddable":true,"href":"https:\/\/nvccatamarca.com\/index.php\/wp-json\/wp\/v2\/media\/38154"}],"wp:attachment":[{"href":"https:\/\/nvccatamarca.com\/index.php\/wp-json\/wp\/v2\/media?parent=38153"}],"wp:term":[{"taxonomy":"category","embeddable":true,"href":"https:\/\/nvccatamarca.com\/index.php\/wp-json\/wp\/v2\/categories?post=38153"},{"taxonomy":"post_tag","embeddable":true,"href":"https:\/\/nvccatamarca.com\/index.php\/wp-json\/wp\/v2\/tags?post=38153"}],"curies":[{"name":"wp","href":"https:\/\/api.w.org\/{rel}","templated":true}]}}