{"id":38155,"date":"2026-08-30T09:51:27","date_gmt":"2026-08-30T12:51:27","guid":{"rendered":"https:\/\/airevision.com.ar\/?p=187118"},"modified":"2026-08-30T09:51:27","modified_gmt":"2026-08-30T12:51:27","slug":"aconquija-policias-de-argentina-y-paises-vecinos-completaron-una-etapa-de-supervivencia-en-alta-montana","status":"publish","type":"post","link":"https:\/\/nvccatamarca.com\/index.php\/2026\/08\/30\/aconquija-policias-de-argentina-y-paises-vecinos-completaron-una-etapa-de-supervivencia-en-alta-montana\/","title":{"rendered":"Aconquija: Polic\u00edas de Argentina y pa\u00edses vecinos completaron una etapa de supervivencia en alta monta\u00f1a"},"content":{"rendered":"<div class=\"td-post-featured-image\"><a href=\"https:\/\/airevision.com.ar\/wp-content\/uploads\/2026\/08\/2c39738c-48c5-4037-9e11-5737367923ff.jpg\" data-caption><img loading=\"lazy\" decoding=\"async\" data-lazyloaded=\"1\" src=\"https:\/\/airevision.com.ar\/wp-content\/uploads\/2026\/08\/2c39738c-48c5-4037-9e11-5737367923ff-696x343.jpg\" width=\"696\" height=\"343\" class=\"entry-thumb td-modal-image\" data-sizes=\"(max-width: 696px) 100vw, 696px\" alt title=\"2c39738c-48c5-4037-9e11-5737367923ff\" srcset=\"https:\/\/airevision.com.ar\/wp-content\/uploads\/2026\/08\/2c39738c-48c5-4037-9e11-5737367923ff-696x343.jpg 696w, https:\/\/airevision.com.ar\/wp-content\/uploads\/2026\/08\/2c39738c-48c5-4037-9e11-5737367923ff-300x148.jpg 300w, https:\/\/airevision.com.ar\/wp-content\/uploads\/2026\/08\/2c39738c-48c5-4037-9e11-5737367923ff-1024x505.jpg 1024w, https:\/\/airevision.com.ar\/wp-content\/uploads\/2026\/08\/2c39738c-48c5-4037-9e11-5737367923ff-768x379.jpg 768w, https:\/\/airevision.com.ar\/wp-content\/uploads\/2026\/08\/2c39738c-48c5-4037-9e11-5737367923ff-150x74.jpg 150w, https:\/\/airevision.com.ar\/wp-content\/uploads\/2026\/08\/2c39738c-48c5-4037-9e11-5737367923ff-1068x527.jpg 1068w, https:\/\/airevision.com.ar\/wp-content\/uploads\/2026\/08\/2c39738c-48c5-4037-9e11-5737367923ff-324x160.jpg 324w, https:\/\/airevision.com.ar\/wp-content\/uploads\/2026\/08\/2c39738c-48c5-4037-9e11-5737367923ff-648x320.jpg 648w, https:\/\/airevision.com.ar\/wp-content\/uploads\/2026\/08\/2c39738c-48c5-4037-9e11-5737367923ff.jpg 1472w\"><\/a><\/div>\n<p class=\"isSelectedEnd\">Efectivos de fuerzas de seguridad de Argentina y de pa\u00edses vecinos completaron en Aconquija la etapa de <strong>\u201csupervivencia en alta monta\u00f1a\u201d<\/strong>, correspondiente al <strong>I Curso Internacional de Monte y Monta\u00f1a<\/strong> que lleva adelante la Polic\u00eda de la Provincia de Catamarca.<\/p>\n<p class=\"isSelectedEnd\">La capacitaci\u00f3n est\u00e1 a cargo de integrantes de la <strong>Direcci\u00f3n de Operaciones Especiales Kuntur (DOE-KUNTUR)<\/strong> y tiene como finalidad preparar a los participantes para planificar, ejecutar y conducir operaciones policiales en ambientes de monte y monta\u00f1a.<\/p>\n<p><img data-lazyloaded=\"1\" src=\"https:\/\/airevision.com.ar\/wp-content\/uploads\/2026\/08\/8da2932c-c674-41e1-8667-c90c6bb3df58.jpg\" fetchpriority=\"high\" decoding=\"async\" class=\"size-full wp-image-187120 aligncenter\" alt width=\"1424\" height=\"824\" data-sizes=\"(max-width: 1424px) 100vw, 1424px\" srcset=\"https:\/\/airevision.com.ar\/wp-content\/uploads\/2026\/08\/8da2932c-c674-41e1-8667-c90c6bb3df58.jpg 1424w, https:\/\/airevision.com.ar\/wp-content\/uploads\/2026\/08\/8da2932c-c674-41e1-8667-c90c6bb3df58-300x174.jpg 300w, https:\/\/airevision.com.ar\/wp-content\/uploads\/2026\/08\/8da2932c-c674-41e1-8667-c90c6bb3df58-1024x593.jpg 1024w, https:\/\/airevision.com.ar\/wp-content\/uploads\/2026\/08\/8da2932c-c674-41e1-8667-c90c6bb3df58-768x444.jpg 768w, https:\/\/airevision.com.ar\/wp-content\/uploads\/2026\/08\/8da2932c-c674-41e1-8667-c90c6bb3df58-150x87.jpg 150w, https:\/\/airevision.com.ar\/wp-content\/uploads\/2026\/08\/8da2932c-c674-41e1-8667-c90c6bb3df58-696x403.jpg 696w, https:\/\/airevision.com.ar\/wp-content\/uploads\/2026\/08\/8da2932c-c674-41e1-8667-c90c6bb3df58-1068x618.jpg 1068w\"><\/p>\n<p class=\"isSelectedEnd\">Desde el 23 de agosto hasta este domingo, los cursantes desarrollaron distintas actividades en la localidad de Aconquija, donde fueron sometidos a pr\u00e1cticas vinculadas con la supervivencia en alta monta\u00f1a y realizaron maniobras de combate relacionadas con la especialidad del curso.<\/p>\n<p class=\"isSelectedEnd\">Las actividades buscan fortalecer las capacidades operativas de los participantes y favorecer el intercambio de experiencias entre las distintas fuerzas de seguridad. Adem\u00e1s, apuntan a mejorar los procedimientos de protecci\u00f3n especializada en escenarios caracterizados por una elevada complejidad geogr\u00e1fica y ambiental.<\/p>\n<p class=\"isSelectedEnd\">El curso tambi\u00e9n contempla el desarrollo de capacidades t\u00e1cticas, t\u00e9cnicas y f\u00edsicas espec\u00edficas para este tipo de terrenos, con el objetivo de que los efectivos puedan desempe\u00f1arse garantizando la seguridad p\u00fablica, la preservaci\u00f3n de la vida, el cumplimiento de la ley y la protecci\u00f3n del personal.<\/p>\n<p><img loading=\"lazy\" data-lazyloaded=\"1\" src=\"https:\/\/airevision.com.ar\/wp-content\/uploads\/2026\/08\/9d0b782b-de16-4814-a44c-e7dedd75bca0.jpg\" decoding=\"async\" class=\"size-full wp-image-187119 aligncenter\" alt width=\"960\" height=\"926\" data-sizes=\"(max-width: 960px) 100vw, 960px\" srcset=\"https:\/\/airevision.com.ar\/wp-content\/uploads\/2026\/08\/9d0b782b-de16-4814-a44c-e7dedd75bca0.jpg 960w, https:\/\/airevision.com.ar\/wp-content\/uploads\/2026\/08\/9d0b782b-de16-4814-a44c-e7dedd75bca0-300x289.jpg 300w, https:\/\/airevision.com.ar\/wp-content\/uploads\/2026\/08\/9d0b782b-de16-4814-a44c-e7dedd75bca0-768x741.jpg 768w, https:\/\/airevision.com.ar\/wp-content\/uploads\/2026\/08\/9d0b782b-de16-4814-a44c-e7dedd75bca0-150x145.jpg 150w, https:\/\/airevision.com.ar\/wp-content\/uploads\/2026\/08\/9d0b782b-de16-4814-a44c-e7dedd75bca0-696x671.jpg 696w\"><\/p>\n<p class=\"isSelectedEnd\">En total, participan <strong>17 cursantes<\/strong> pertenecientes a distintas fuerzas y unidades. Entre ellos se encuentran integrantes de <strong>Prefectura Naval Argentina Operaciones Fronteras<\/strong>, del <strong>Grupo T\u00e1ctico Halc\u00f3n de Buenos Aires<\/strong>, de las Polic\u00edas de las provincias de <strong>San Luis y Catamarca<\/strong>, y efectivos de <strong>Ecuador, Paraguay y Bolivia<\/strong>.<\/p>\n<p>Tambi\u00e9n forman parte de la capacitaci\u00f3n personal policial de la <strong>Divisi\u00f3n Guardia de Infanter\u00eda (DUE)<\/strong> y de la <strong>Direcci\u00f3n de Operaciones Especiales Kuntur<\/strong>, que participa como referente regional en esta especialidad.<\/p>\n","protected":false},"excerpt":{"rendered":"<p>Efectivos de fuerzas de seguridad de Argentina y de pa\u00edses vecinos completaron en Aconquija la etapa de \u201csupervivencia en alta monta\u00f1a\u201d, correspondiente al I Curso Internacional de Monte y Monta\u00f1a que lleva adelante la Polic\u00eda de la Provincia de Catamarca. La capacitaci\u00f3n est\u00e1 a cargo de integrantes de la Direcci\u00f3n de Operaciones Especiales Kuntur (DOE-KUNTUR) [&hellip;]<\/p>\n","protected":false},"author":1,"featured_media":38156,"comment_status":"open","ping_status":"closed","sticky":false,"template":"","format":"standard","meta":{"footnotes":""},"categories":[118],"tags":[],"class_list":["post-38155","post","type-post","status-publish","format-standard","has-post-thumbnail","hentry","category-provincia"],"_links":{"self":[{"href":"https:\/\/nvccatamarca.com\/index.php\/wp-json\/wp\/v2\/posts\/38155","targetHints":{"allow":["GET"]}}],"collection":[{"href":"https:\/\/nvccatamarca.com\/index.php\/wp-json\/wp\/v2\/posts"}],"about":[{"href":"https:\/\/nvccatamarca.com\/index.php\/wp-json\/wp\/v2\/types\/post"}],"author":[{"embeddable":true,"href":"https:\/\/nvccatamarca.com\/index.php\/wp-json\/wp\/v2\/users\/1"}],"replies":[{"embeddable":true,"href":"https:\/\/nvccatamarca.com\/index.php\/wp-json\/wp\/v2\/comments?post=38155"}],"version-history":[{"count":0,"href":"https:\/\/nvccatamarca.com\/index.php\/wp-json\/wp\/v2\/posts\/38155\/revisions"}],"wp:featuredmedia":[{"embeddable":true,"href":"https:\/\/nvccatamarca.com\/index.php\/wp-json\/wp\/v2\/media\/38156"}],"wp:attachment":[{"href":"https:\/\/nvccatamarca.com\/index.php\/wp-json\/wp\/v2\/media?parent=38155"}],"wp:term":[{"taxonomy":"category","embeddable":true,"href":"https:\/\/nvccatamarca.com\/index.php\/wp-json\/wp\/v2\/categories?post=38155"},{"taxonomy":"post_tag","embeddable":true,"href":"https:\/\/nvccatamarca.com\/index.php\/wp-json\/wp\/v2\/tags?post=38155"}],"curies":[{"name":"wp","href":"https:\/\/api.w.org\/{rel}","templated":true}]}}