{"id":38169,"date":"2026-08-30T01:51:18","date_gmt":"2026-08-30T04:51:18","guid":{"rendered":"https:\/\/www.eldiarioar.com\/opinion\/usinas-estatales-complicidades-corporativas-detras-millon-cerimedo_129_13474796.html"},"modified":"2026-08-30T01:51:18","modified_gmt":"2026-08-30T04:51:18","slug":"usinas-estatales-y-complicidades-corporativas-detras-del-millon-de-cerimedo","status":"publish","type":"post","link":"https:\/\/nvccatamarca.com\/index.php\/2026\/08\/30\/usinas-estatales-y-complicidades-corporativas-detras-del-millon-de-cerimedo\/","title":{"rendered":"Usinas estatales y complicidades corporativas detr\u00e1s del mill\u00f3n de Cerimedo"},"content":{"rendered":"<p class=\"article-text\"> <strong>Fernando Cerimedo<\/strong>, el \u201cestratega\u201d de la ultraderecha continental, declar\u00f3 el jueves ante autoridades judiciales bolivianas que tuvo ingresos mensuales de US$1 mill\u00f3n en 2025 y lo que va de 2026. Anoche se corrigi\u00f3 en un mensaje emitido desde la c\u00e1rcel de Palmasola y afirm\u00f3 recibir US$1 mill\u00f3n por a\u00f1o. Tan s\u00f3rdidos son el personaje y el ambiente en que se mueve, que hay que tomar esa cifra como un piso. <strong>\u201cFer\u201d<\/strong>, como lo llamaban sus amigotes de las Fuerzas del Cielo hasta que cay\u00f3 en desgracia, acumulaba para su billetera y la de otros, bajo la premisa \u201cel que parte y reparte se queda con la mejor parte\u201d. <\/p>\n<p class=\"article-text\"> Ese piso de US$1 mill\u00f3n anual o mensual abre hip\u00f3tesis sobre el origen, porque Cerimedo necesita justificar un c\u00famulo de t\u00edtulos de propiedades y dinero en efectivo que los tribunales de Bolivia detectaron en una investigaci\u00f3n por enriquecimiento il\u00edcito, paralela a la del intento de homicidio de la abogada <strong>Nadia Beller<\/strong>. <\/p>\n<p class=\"article-text\"> Una alternativa que manejan personas que conocen en detalle las correr\u00edas del estratega es que ese alto monto de facturaci\u00f3n por sus <strong>\u201cnegocios en Argentina y Estados Unidos\u201d<\/strong> \u2014declar\u00f3 no tener ingresos relevantes en Bolivia\u2014 es una forma de justificar desfalcos acumulados en apenas diez meses de gobierno del derechista <strong>Rodrigo Paz<\/strong> en Bolivia, incluidas presuntas ganancias de decenas de miles de d\u00f3lares diarios a trav\u00e9s del contrabando de combustible. Cerimedo ocupaba una oficina contigua a la del Presidente en el Palacio Quemado. Para graficar su influencia, se explicaba a s\u00ed mismo como <strong>\u201cel Karina Milei de Rodrigo Paz\u201d<\/strong>. <\/p>\n<p class=\"article-text\"> La identificaci\u00f3n con la hermana presidencial puede ser entendida como su alt\u00edsima influencia pol\u00edtica o su papel de presunta recaudadora de un 3% adicional en coimas revelados en los audios de <strong>Diego Spagnuolo<\/strong>, el extitular de la Agencia de Discapacidad (ANDIS) y confidente de Cerimedo. <\/p>\n<p class=\"article-text\"> Aquella vinculaci\u00f3n con Spagnuolo y la aceleraci\u00f3n de la denuncia contra <strong>\u201clos Menem\u201d<\/strong> (<strong>Mart\u00edn <\/strong>y <strong>Eduardo \u201cLule\u201d) <\/strong>como supuestos titiriteros de<strong> \u201clos delincuentes\u201d<\/strong> que pusieron a <strong>\u201crobar\u201d<\/strong> en ANDIS, en el marco de una feroz disputa con <strong>Santiago Caputo<\/strong> por la caja del organismo, fue usada en la semana que para deslindar responsabilidades.<strong> \u201cCerimedo es de Santiago, hay que preguntarle a \u00e9l\u201d<\/strong>, dijo un funcionario que responde al ala del titular de la C\u00e1mara de Diputados, su primo Lule y Karina. <\/p>\n<p class=\"article-text\"> La segunda hip\u00f3tesis \u2014m\u00e1s plausible, pero no excluyente de la primera\u2014 es que el aumento exponencial de la facturaci\u00f3n de Cerimedo obedezca a una trama de ultraderecha continental, que trasiega fondos de fondos de pa\u00eds en pa\u00eds, de cripto en cripto, con origen en usinas trumpistas, presupuestos gubernamentales y\/o redes delictivas. <\/p>\n<figure> <picture class=\"news-image\"> <!--[if IE 9]><video style=\"display: none;\"><![endif]--><source media=\"(max-width: 576px)\" type=\"image\/webp\" srcset=\"https:\/\/static.eldiario.es\/clip\/ceb93f74-0a49-49f9-857f-edc891562a69_16-9-discover-aspect-ratio_50p_0_x708y297.webp\"><source media=\"(max-width: 576px)\" type=\"image\/jpg\" srcset=\"https:\/\/static.eldiario.es\/clip\/ceb93f74-0a49-49f9-857f-edc891562a69_16-9-discover-aspect-ratio_50p_0_x708y297.jpg\"><source media=\"(max-width: 767px)\" type=\"image\/webp\" srcset=\"https:\/\/static.eldiario.es\/clip\/ceb93f74-0a49-49f9-857f-edc891562a69_16-9-discover-aspect-ratio_75p_0_x708y297.webp\"><source media=\"(max-width: 767px)\" type=\"image\/jpg\" srcset=\"https:\/\/static.eldiario.es\/clip\/ceb93f74-0a49-49f9-857f-edc891562a69_16-9-discover-aspect-ratio_75p_0_x708y297.jpg\"><source media=\"(min-width: 768px)\" type=\"image\/webp\" srcset=\"https:\/\/static.eldiario.es\/clip\/ceb93f74-0a49-49f9-857f-edc891562a69_16-9-discover-aspect-ratio_default_0_x708y297.webp\"><source media=\"(min-width: 768px)\" type=\"image\/jpg\" srcset=\"https:\/\/static.eldiario.es\/clip\/ceb93f74-0a49-49f9-857f-edc891562a69_16-9-discover-aspect-ratio_default_0_x708y297.jpg\"><source type=\"image\/webp\" srcset=\"https:\/\/static.eldiario.es\/clip\/ceb93f74-0a49-49f9-857f-edc891562a69_16-9-discover-aspect-ratio_default_0_x708y297.webp\"><!--[if IE 9]><\/video><![endif]--> <img decoding=\"async\" class=\"lazy\" loading=\"lazy\" src=\"https:\/\/static.eldiario.es\/clip\/ceb93f74-0a49-49f9-857f-edc891562a69_16-9-discover-aspect-ratio_default_0_x708y297.jpg\" alt=\"Marco Rubio, frente a Rodrigo Paz, con Fernando Cerimedo a la derecha, el 7 de marzo pasado, en ocasi\u00f3n del lanzamiento del Escudo de las Am\u00e9ricas\"> <\/picture> <\/figure>\n<p class=\"article-text\"> El rubro en el que Cerimedo dijo desempe\u00f1arse es la \u201ccomunicaci\u00f3n digital\u201d, caja negra por excelencia de la pol\u00edtica en el siglo XXI. <strong>\u00bfCu\u00e1nto vale el consejo para redactar posteos de X y vide\u00edtos de Tik Tok? <\/strong>\u00bfSe cobra por<em> likes<\/em> y <em>views<\/em>, o por la capacidad de generar reacciones de<em> bots <\/em>que inflan al infinito esos <em>likes<\/em> y <em>views<\/em>? \u00bfTienen precio las irrupciones en el debate, en nombre propio o de bur\u00f3cratas del posteo, que en el caso de un Cerimedo, un <strong>JuanDoe<\/strong> (el secretario con despacho en Casa Rosada<strong> Juan Pablo Carreira<\/strong>), un <strong>Agust\u00edn Laje<\/strong>, un <strong>Daniel Parisini<\/strong> o un <strong>Javier Milei<\/strong>, est\u00e1n asociadas por regla a la violencia y el insulto? M\u00e1s \u201cdomadas\u201d vejatorias, <strong>\u00bfm\u00e1s se incrementan los fajos de d\u00f3lares?<\/strong> <\/p>\n<p class=\"article-text\"> La turbiedad de la batalla cultural emprendida desde la \u201ccomunicaci\u00f3n digital\u201d es obvia, pero la mano estatal se puede ver. <\/p>\n<h2 class=\"article-text\">Desde el coraz\u00f3n del Estado<\/h2>\n<p class=\"article-text\"> La pol\u00edtica utiliza a los trolls en un arco amplio, pero desde tiempos de<strong> Mauricio Macri <\/strong>en el gobierno se sabe que esa intervenci\u00f3n de apariencia silvestre se apoya en estructuras estatales para su funcionamiento y financiamiento. La huella del macrismo en el mile\u00edsmo \u2014a esta altura institucionalizada\u2014 se constata tambi\u00e9n en que la agitaci\u00f3n digital contra el Estado encuentra trincheras para disparar en un set de contratos p\u00fablicos, sea en la ANSES, el Congreso o una oficina que depende de <strong>Marcos Pe\u00f1a<\/strong>, Santiago Caputo o <strong>Manuel Adorni<\/strong>. Furia antiestatal desde el coraz\u00f3n de Estado que germin\u00f3 con Cambiemos y se potenci\u00f3 con La Libertad Avanza. <\/p>\n<p class=\"article-text\"> El diario madrile\u00f1o <em>El Pa\u00eds<\/em> investig\u00f3 al espa\u00f1ol <strong>Javier Negre<\/strong>, el socio de Cerimedo y comprador de la presunta porci\u00f3n de Carreira en <em>La Derecha Diario<\/em>. Con el t\u00edtulo<strong> <\/strong><a href=\"https:\/\/elpais.com\/espana\/2026-07-12\/javier-negre-inc-la-multinacional-del-bulo.html\" data-mrf-recirculation=\"links-noticia\" class=\"link\" target=\"_blank\"><strong>\u201cLa multinacional del bulo\u201d<\/strong><\/a>, sigui\u00f3 la ruta de este ultra que recorre Am\u00e9rica, Espa\u00f1a e Israel con la causa de<strong> \u201cderrotar al comunismo\u201d<\/strong>. Forman parte del men\u00fa del \u00e9xito de Negre una dosis de megaloman\u00eda, olfato oportunista, ausencia de escr\u00fapulos \u2014fue condenado en Espa\u00f1a por fraguar una entrevista con una v\u00edctima de un femicida, a la que coaccion\u00f3\u2014 y m\u00e9todos terrenales con apariencia de extorsi\u00f3n pura y dura. <\/p>\n<p class=\"article-text\"> En su etapa primaria, la especialidad de Negre fue meterse en los intersticios de alcald\u00edas y gobiernos regionales del derechista Partido Popular (PP), donde era bien recibido por su chispa en las redes para azuzar a la izquierda, seg\u00fan relata el libro <em>Dentro de la fachosfera<\/em>, de <strong>Josu\u00e9 C\u00e1rdenas<\/strong>. Un periodista que trabaj\u00f3 para Negre,<strong> Borja Jim\u00e9nez<\/strong>, grab\u00f3 un pedido de su jefe para que consiguiera <strong>\u201c15.000 pavetes (euros)\u201d<\/strong> de cada alcalde del PP. <strong>\u201cSi no nos apoyan, les montamos plataformas. Y que nos coman la polla\u201d<\/strong>, orden\u00f3 un procaz Negre. Nada muy distinto a los presentadores de la tele vern\u00e1cula que grad\u00faan sus indignaciones con tal o cual intendente en funci\u00f3n de lo recaudado. <\/p>\n<p class=\"article-text\"> El salto en facturaci\u00f3n e influencia del espa\u00f1ol \u2014quien no respondi\u00f3 una consulta de este diario\u2014 se dio cuando aterriz\u00f3 en Buenos Aires en agosto de 2024 y compr\u00f3 el 50% de <em>La Derecha Diario<\/em>, para quedar como coequiper de Cerimedo. La administraci\u00f3n Milei le abri\u00f3 las puertas de Casa Rosada para alborotar la sala de periodistas y algo m\u00e1s. Negre comenz\u00f3 a tratar con familiaridad a personalidades tan prominentes del mundo empresarial como <strong>Bettina Bulgheroni<\/strong>. YPF y los gobiernos de C\u00f3rdoba, Rosario, Catamarca y Tucum\u00e1n fueron algunos de los aliados del Soez que se tentaron con poner publicidad en <em>La Derecha Diario<\/em> o usar sus servicios de <em>\u201c<\/em><strong>estrategia digital\u201d<\/strong>, pero la clientela de Negre y Cerimedo no se limita a ellos. Ac\u00e9rrimo anticomunista y antiperonista, Cerimedo siempre se vanaglori\u00f3 de trabajar para gobiernos de todas las tendencias, y <a href=\"https:\/\/www.eldiarioar.com\/politica\/nexos-cerimedo-llegan-andy-rivas-amigo-socio-opera-paraguay-tuvo-lazos-peronismo_1_13466888.html\" data-mrf-recirculation=\"links-noticia\" class=\"link\">hay indicios para creerle<\/a>. <\/p>\n<h2 class=\"article-text\">Del chiquitaje al trumpismo continental<\/h2>\n<p class=\"article-text\"> El d\u00fao de <em>La Derecha Diario<\/em> \u2014Negre dijo que Cerimedo le vendi\u00f3 su parte antes de ser detenido en Santa Cruz de la Sierra\u2014 est\u00e1 a la caza de negocios donde sea. <\/p>\n<p class=\"article-text\"> <strong>Rolando Rozenblum<\/strong>, el empresario de la construcci\u00f3n y los sistemas de seguridad que <a href=\"https:\/\/www.eldiarioar.com\/politica\/cita-tarifada-empresarios-trump-tower-punta-motivo-oculto-viaje-adorni-carnaval_129_13226833.html\" data-mrf-recirculation=\"links-noticia\" class=\"link\">contrat\u00f3 a<\/a><a href=\"https:\/\/www.eldiarioar.com\/politica\/cita-tarifada-empresarios-trump-tower-punta-motivo-oculto-viaje-adorni-carnaval_129_13226833.html\" data-mrf-recirculation=\"links-noticia\" class=\"link\"><strong> Adorni<\/strong><\/a><a href=\"https:\/\/www.eldiarioar.com\/politica\/cita-tarifada-empresarios-trump-tower-punta-motivo-oculto-viaje-adorni-carnaval_129_13226833.html\" data-mrf-recirculation=\"links-noticia\" class=\"link\"> y <\/a><a href=\"https:\/\/www.eldiarioar.com\/politica\/cita-tarifada-empresarios-trump-tower-punta-motivo-oculto-viaje-adorni-carnaval_129_13226833.html\" data-mrf-recirculation=\"links-noticia\" class=\"link\"><strong>Javier Milei <\/strong><\/a><a href=\"https:\/\/www.eldiarioar.com\/politica\/cita-tarifada-empresarios-trump-tower-punta-motivo-oculto-viaje-adorni-carnaval_129_13226833.html\" data-mrf-recirculation=\"links-noticia\" class=\"link\">para visitar Punta del Este<\/a>, cont\u00f3 con los servicios de Negre y Cerimedo en 2025. En un intento de Rozenblum por ganar la alcald\u00eda de Punta del Este, <em>La Derecha Diario<\/em> lo present\u00f3 como \u201cun <em>outsider<\/em>\u201d inspirado en Milei, a la vez que organiz\u00f3 <a href=\"https:\/\/x.com\/DerechaDiarioUY\/status\/1921597495093633440\" data-mrf-recirculation=\"links-noticia\" class=\"link\" target=\"_blank\">un bombardeo cotidiano<\/a> contra su rival en el Partido Nacional, <strong>Javier Carballal<\/strong>, a quien acus\u00f3 de <strong>\u201cantisemita\u201d<\/strong>. La campa\u00f1a fue desembozada, con la participaci\u00f3n de una cronista con un micr\u00f3fono del medio de Negre y Cerimedo, aunque Rozenblum dijo a este diario que no pag\u00f3 por esos servicios. Tambi\u00e9n neg\u00f3 haberle abonado a Adorni para que cenara en su departamento de la Trump Tower de Punta del Este con una docena de empresarios argentinos y uruguayos, en una noche del pasado Carnaval. Tampoco \u2014dijo\u2014 coste\u00f3 los US9.000 del avi\u00f3n privado en que se traslad\u00f3 el entonces jefe de Gabinete con su familia. <\/p>\n<figure> <picture class=\"news-image\"> <!--[if IE 9]><video style=\"display: none;\"><![endif]--><source media=\"(max-width: 576px)\" type=\"image\/webp\" srcset=\"https:\/\/static.eldiario.es\/clip\/b0e2b624-e90d-47e9-ac25-861da8f94067_16-9-discover-aspect-ratio_50p_0_x679y201.webp\"><source media=\"(max-width: 576px)\" type=\"image\/jpg\" srcset=\"https:\/\/static.eldiario.es\/clip\/b0e2b624-e90d-47e9-ac25-861da8f94067_16-9-discover-aspect-ratio_50p_0_x679y201.jpg\"><source media=\"(max-width: 767px)\" type=\"image\/webp\" srcset=\"https:\/\/static.eldiario.es\/clip\/b0e2b624-e90d-47e9-ac25-861da8f94067_16-9-discover-aspect-ratio_75p_0_x679y201.webp\"><source media=\"(max-width: 767px)\" type=\"image\/jpg\" srcset=\"https:\/\/static.eldiario.es\/clip\/b0e2b624-e90d-47e9-ac25-861da8f94067_16-9-discover-aspect-ratio_75p_0_x679y201.jpg\"><source media=\"(min-width: 768px)\" type=\"image\/webp\" srcset=\"https:\/\/static.eldiario.es\/clip\/b0e2b624-e90d-47e9-ac25-861da8f94067_16-9-discover-aspect-ratio_default_0_x679y201.webp\"><source media=\"(min-width: 768px)\" type=\"image\/jpg\" srcset=\"https:\/\/static.eldiario.es\/clip\/b0e2b624-e90d-47e9-ac25-861da8f94067_16-9-discover-aspect-ratio_default_0_x679y201.jpg\"><source type=\"image\/webp\" srcset=\"https:\/\/static.eldiario.es\/clip\/b0e2b624-e90d-47e9-ac25-861da8f94067_16-9-discover-aspect-ratio_default_0_x679y201.webp\"><!--[if IE 9]><\/video><![endif]--> <img decoding=\"async\" class=\"lazy\" loading=\"lazy\" src=\"https:\/\/static.eldiario.es\/clip\/b0e2b624-e90d-47e9-ac25-861da8f94067_16-9-discover-aspect-ratio_default_0_x679y201.jpg\" alt=\"Javier Negre y Fernando Cerimedo, como hermanos.\"> <\/picture> <\/figure>\n<p class=\"article-text\"> La cosecha en internas municipales de los partidos de derecha y ultraderecha en Espa\u00f1a y Am\u00e9rica es chiquitaje para la facturaci\u00f3n de la multinacional del bulo. Para llegar al USD1 mill\u00f3n por mes que declar\u00f3 Cerimedo o los varios millones que sugiere el esc\u00e1ndalo desatado por contrataciones en <a href=\"https:\/\/www.eldiarioar.com\/politica\/javier-milei-ultraderecha-fernando-cerimedo-bolivia-america-latina_1_13470515.html\" data-mrf-recirculation=\"links-noticia\" class=\"link\">Argentina, Brasil, Uruguay, Chile, Ecuador, Bolivia y Honduras<\/a>, hace falta bastante m\u00e1s. <\/p>\n<p class=\"article-text\"> Una pista la dio el narcotraficante y expresidente hondure\u00f1o <strong>Juan Orlando Hern\u00e1ndez<\/strong>, indultado por <strong>Donald Trump<\/strong> en diciembre pasado. En di\u00e1logo en enero de este a\u00f1o con la nueva vicepresidenta de Honduras, <strong>Mar\u00eda Antonieta Mej\u00eda<\/strong>, el condenado por narco inform\u00f3 que el gobierno de Milei se hab\u00eda comprometido a entregar US$350.000 para montar una usina medi\u00e1tica contra la izquierda latinoamericana. Hern\u00e1ndez neg\u00f3 la veracidad de <a href=\"https:\/\/chequeado.com\/el-explicador\/que-se-sabe-sobre-el-hondurasgate-y-las-menciones-a-javier-milei-en-los-audios-atribuidos-al-ex-presidente-juan-orlando-hernandez\/\" data-mrf-recirculation=\"links-noticia\" class=\"link\" target=\"_blank\">los audios difundidos por el espa\u00f1ol Canal Red<\/a>. <\/p>\n<blockquote class=\"quote\" readability=\"6\">\n<div class=\"quote-wrapper\" readability=\"11\">\n<p class=\"quote-text\"> &#8216;Si no ayudamos a gobernar a nuestros candidatos, para que nunca m\u00e1s la izquierda vuelva, nuestro trabajo no va a estar terminado&#8217;, se vendi\u00f3 Cerimedo<\/p>\n<\/p><\/div>\n<\/blockquote>\n<p class=\"article-text\"> La secuencia invita a atar cabos. Los d\u00edas posteriores a las elecciones en Honduras del <strong>30 de noviembre<\/strong> de 2025, en medio de un ajustad\u00edsimo escrutinio, Cerimedo fue la voz cantante de quien resultar\u00eda electo presidente, <strong>Nasry Asfura<\/strong>, a quien Hern\u00e1ndez trata como un empleado. Horas antes de las elecciones, el exmandatario sali\u00f3 en libertad de una prisi\u00f3n en Virginia, EE.UU., gracias al indulto de Trump. <strong>En enero<\/strong>, Hern\u00e1ndez se entusiasm\u00f3 con el aporte de cientos de miles de d\u00f3lares de Milei para erosionar a los gobiernos \u201cizquierdistas\u201d de Brasil, Colombia y M\u00e9xico, y <em>La Derecha Diario<\/em> se volc\u00f3 a esa tarea, generando la reacci\u00f3n de la presidenta mexicana <strong>Claudia Sheinbaum<\/strong>. El <strong>10 de febrero<\/strong>, Cerimedo recibi\u00f3 el premio al <strong>\u201cconsultor hisp\u00e1nico del a\u00f1o\u201d<\/strong> de manos del brasile\u00f1o <strong>Eduardo Bolsonaro<\/strong> en una velada en Mar-a-Lago, el condominio de Trump en Florida, Estados Unidos. \u201cFer\u201d, el estratega argentino, le agradeci\u00f3 a <strong>Brad Parscale<\/strong>, art\u00edfice digital del mandatario estadounidense, por <strong>\u201cllevar a cabo la lucha en Am\u00e9rica Latina contra el socialismo\u201d<\/strong>. <strong>\u201cCon nuestro equipo ganamos dos elecciones este a\u00f1o\u201d<\/strong>: Honduras y Bolivia (un consultor argentino que particip\u00f3 de la campa\u00f1a de Asfura redujo la participaci\u00f3n de Cerimedo a activismo y vocer\u00eda pol\u00edtica, sin rol estrat\u00e9gico). <strong>\u201cSi no ayudamos a gobernar a nuestros candidatos, para que nunca m\u00e1s la izquierda vuelva, nuestro trabajo no va a estar terminado\u201d<\/strong>, se vendi\u00f3 Cerimedo. <em>La Derecha Diario<\/em> celebr\u00f3 el logro como propio. A esa altura, <strong>\u201cel Karina Milei de Rodrigo Paz\u201d <\/strong>ya reinaba en la capital boliviana. El atribulado Paz admiti\u00f3 d\u00edas atr\u00e1s que el argentino le fue presentado cuando inesperadamente qued\u00f3 como favorito de cara al<em> ballottage<\/em>. <\/p>\n<h2 class=\"article-text\">De Carajo a La Naci\u00f3n<\/h2>\n<p class=\"article-text\"> Ante un gobierno de los Hermanos Milei, tan atravesado por arribistas que arman negocios a las puertas del despacho presidencial y con tribunales federales de Comodoro Py de brazos ca\u00eddos para investigar las sospechas de corrupci\u00f3n, desde la criptoestafa $LIBRA a las coimas de ANDIS, los indicios, por m\u00e1s sugerentes que sean, no se transforman en procesos o sentencias. Las decenas de magistrados federales aprobados en meses recientes por el Senado, la gran mayor\u00eda de ellos con anuencia de las bancadas mile\u00edstas y kirchnersitas, anticipan el destino de par\u00e1lisis para esas causas, al menos mientras la suerte pol\u00edtica de los Milei se mantenga expectante. <\/p>\n<p class=\"article-text\"> El entramado para la batalla cultural incluye fierros y negocios raros, pero no se limita a marcas como <em>La Derecha Diario<\/em>, el streaming Carajo \u2014que financia el empresario rovirista y mile\u00edsta <strong>Augusto Marini<\/strong>\u2014 o el canal del <strong>Doctor en Filosof\u00eda Fantino<\/strong>. <\/p>\n<p class=\"article-text\"> En Comodoro Py hay expedientes que registran montos de coimas, transferencias e intercambios de whatsapp que implicar\u00edan a los Hermanos. No es tema para los espacios centrales de las pantallas televisivas de los grupos Am\u00e9rica, Clar\u00edn y La Naci\u00f3n, que \u2014puestos a criticar\u2014 est\u00e1n mucho m\u00e1s atentas a asuntos como Adorni o la cuesti\u00f3n de los modos. <\/p>\n<p class=\"article-text\"> Clar\u00edn presta su radio, Mitre, para que el conductor <strong>Gabriel Anello<\/strong> asienta inerte ante un monocorde Milei, el mismo que llama <strong>\u201cmierda humana\u201d<\/strong> a otro periodista de esa casa y columnista del diario,<strong> Marcelo Bonelli<\/strong>. Magn\u00e1nimo, <strong>Clar\u00edn no se queja, y cuando no ignora los ataques fascistoides del Presidente a sus cronistas, los edita, les baja el tono y los plancha<\/strong>. <\/p>\n<p class=\"article-text\"> El caso de <em>La Naci\u00f3n<\/em> es algo distinto. El periodista m\u00e1s influyente de Argentina \u2014seg\u00fan el <em>ranking <\/em>de Poliarqu\u00eda\u2014, <strong>Carlos Pagni<\/strong>, tambi\u00e9n fue v\u00edctima de la agresi\u00f3n presidencial con un agravio similar al recibido por Bonelli. Las p\u00e1ginas del diario dan despliegue y hasta lideran la informaci\u00f3n sobre los casos de corrupci\u00f3n y las inconsistencias pol\u00edticas que involucran al gobierno ultraderechista, pero ello no es \u00f3bice para que los editoriales, que explican la opini\u00f3n institucional, protagonicen un fervor oficialista casi in\u00e9dito desde 1983, s\u00f3lo comparable a la reciente experiencia de Macri. <\/p>\n<p class=\"article-text\"> Como si hubiera una l\u00ednea que va del <strong>Gordo Dan<\/strong>, refleja un despacho en Casa Rosada, pasa por Cerimedo en Mar-a-Lago, sigue al <em>prime time <\/em>de TN y se hace texto en la <a href=\"https:\/\/www.lanacion.com.ar\/editoriales\/\" data-mrf-recirculation=\"links-noticia\" class=\"link\" target=\"_blank\">p\u00e1gina institucional del diario conservador<\/a>. Un sistema que entiende que todav\u00eda es tiempo de cerrar filas y bancar. <\/p>\n<p class=\"article-text\"> <em>SL<\/em> <\/p>\n<p class=\"article-text\"> <em>slacunza@eldiarioar.com <\/em> <\/p>\n","protected":false},"excerpt":{"rendered":"<p>Fernando Cerimedo, el \u201cestratega\u201d de la ultraderecha continental, declar\u00f3 el jueves ante autoridades judiciales bolivianas que tuvo ingresos mensuales de US$1 mill\u00f3n en 2025 y lo que va de 2026. Anoche se corrigi\u00f3 en un mensaje emitido desde la c\u00e1rcel de Palmasola y afirm\u00f3 recibir US$1 mill\u00f3n por a\u00f1o. Tan s\u00f3rdidos son el personaje y [&hellip;]<\/p>\n","protected":false},"author":1,"featured_media":38170,"comment_status":"closed","ping_status":"closed","sticky":false,"template":"","format":"standard","meta":{"footnotes":""},"categories":[123],"tags":[],"class_list":["post-38169","post","type-post","status-publish","format-standard","has-post-thumbnail","hentry","category-nacionales"],"_links":{"self":[{"href":"https:\/\/nvccatamarca.com\/index.php\/wp-json\/wp\/v2\/posts\/38169","targetHints":{"allow":["GET"]}}],"collection":[{"href":"https:\/\/nvccatamarca.com\/index.php\/wp-json\/wp\/v2\/posts"}],"about":[{"href":"https:\/\/nvccatamarca.com\/index.php\/wp-json\/wp\/v2\/types\/post"}],"author":[{"embeddable":true,"href":"https:\/\/nvccatamarca.com\/index.php\/wp-json\/wp\/v2\/users\/1"}],"replies":[{"embeddable":true,"href":"https:\/\/nvccatamarca.com\/index.php\/wp-json\/wp\/v2\/comments?post=38169"}],"version-history":[{"count":0,"href":"https:\/\/nvccatamarca.com\/index.php\/wp-json\/wp\/v2\/posts\/38169\/revisions"}],"wp:featuredmedia":[{"embeddable":true,"href":"https:\/\/nvccatamarca.com\/index.php\/wp-json\/wp\/v2\/media\/38170"}],"wp:attachment":[{"href":"https:\/\/nvccatamarca.com\/index.php\/wp-json\/wp\/v2\/media?parent=38169"}],"wp:term":[{"taxonomy":"category","embeddable":true,"href":"https:\/\/nvccatamarca.com\/index.php\/wp-json\/wp\/v2\/categories?post=38169"},{"taxonomy":"post_tag","embeddable":true,"href":"https:\/\/nvccatamarca.com\/index.php\/wp-json\/wp\/v2\/tags?post=38169"}],"curies":[{"name":"wp","href":"https:\/\/api.w.org\/{rel}","templated":true}]}}