{"id":38171,"date":"2026-08-30T10:06:43","date_gmt":"2026-08-30T13:06:43","guid":{"rendered":"https:\/\/www.eldiarioar.com\/politica\/reuniones-viajes-eventos-derecha-paginas-web-senales-conectan-cerimedo-milei-paz_1_13473932.html"},"modified":"2026-08-30T10:06:43","modified_gmt":"2026-08-30T13:06:43","slug":"reuniones-viajes-eventos-de-la-derecha-y-hasta-paginas-web-mas-senales-conectan-a-cerimedo-con-milei-y-paz","status":"publish","type":"post","link":"https:\/\/nvccatamarca.com\/index.php\/2026\/08\/30\/reuniones-viajes-eventos-de-la-derecha-y-hasta-paginas-web-mas-senales-conectan-a-cerimedo-con-milei-y-paz\/","title":{"rendered":"Reuniones, viajes, eventos de la derecha y hasta p\u00e1ginas web: m\u00e1s se\u00f1ales conectan a Cerimedo con Milei y Paz"},"content":{"rendered":"<p class=\"article-text\"> En septiembre de 2021 se hizo en San Pablo la primera CPAC de Brasil, la primera edici\u00f3n sudamericana de la Conferencia de Acci\u00f3n Pol\u00edtica Conservadora que desde 1974 organiza la derecha estadounidense. Un mes despu\u00e9s, el 3 de octubre de 2021, <a href=\"https:\/\/www.eldiarioar.com\/temas\/fernando-cerimedo\/\" data-mrf-recirculation=\"links-noticia\" class=\"link\">Fernando Cerimedo<\/a> registr\u00f3 el dominio <strong>cpacargentina.com<\/strong> a su nombre, con el correo de su agencia Numen Publicidad y servidores de la empresa de hosting DonWeb, seg\u00fan un historial de registro de dominios consultado por este diario. El registro se actualiz\u00f3 en octubre de 2023 sin cambiar de titular. <strong>Cerimedo lleg\u00f3, as\u00ed, casi tres a\u00f1os antes que nadie a reservar la marca de la CPAC para la Argentina.<\/strong> <\/p>\n<aside class=\"know-more know-more--with-image\" readability=\"0\"> <a href=\"https:\/\/www.eldiarioar.com\/politica\/trama-cerimedo-espert-fred-machado-dick-morris-consultorias-negocios-mineros_1_13466730.html\" data-mrf-recirculation=\"saber-mas\" data-dl-event=\"saber-mas\" readability=\"4\"> <\/p>\n<p class=\"know-more__title\">La trama que une a Cerimedo con Espert y Fred Machado: Dick Morris, consultor\u00edas y negocios mineros<\/p>\n<picture class=\"know-more__img\"> <!--[if IE 9]><video style=\"display: none;\"><![endif]--><source media=\"(max-width: 767px)\" type=\"image\/webp\" srcset=\"https:\/\/static.eldiario.es\/clip\/6774fb25-0d77-466f-be45-b74f99f914a6_16-9-aspect-ratio_50p_0_x298y472.webp\"><source media=\"(max-width: 767px)\" type=\"image\/jpg\" srcset=\"https:\/\/static.eldiario.es\/clip\/6774fb25-0d77-466f-be45-b74f99f914a6_16-9-aspect-ratio_50p_0_x298y472.jpg\"><source media=\"(min-width: 768px)\" type=\"image\/webp\" srcset=\"https:\/\/static.eldiario.es\/clip\/6774fb25-0d77-466f-be45-b74f99f914a6_16-9-aspect-ratio_50p_0_x298y472.webp\"><source media=\"(min-width: 768px)\" type=\"image\/jpg\" srcset=\"https:\/\/static.eldiario.es\/clip\/6774fb25-0d77-466f-be45-b74f99f914a6_16-9-aspect-ratio_50p_0_x298y472.jpg\"><source type=\"image\/webp\" srcset=\"https:\/\/static.eldiario.es\/clip\/6774fb25-0d77-466f-be45-b74f99f914a6_16-9-aspect-ratio_default_0_x298y472.webp\"><!--[if IE 9]><\/video><![endif]--> <img decoding=\"async\" class=\"lazy\" loading=\"lazy\" src=\"https:\/\/static.eldiario.es\/clip\/6774fb25-0d77-466f-be45-b74f99f914a6_16-9-aspect-ratio_default_0_x298y472.jpg\" alt=\"La trama que une a Cerimedo con Espert y Fred Machado: Dick Morris, consultor\u00edas y negocios mineros\"> <\/picture> <\/a><br \/>\n<\/aside>\n<p class=\"article-text\"> La primera CPAC Argentina reci\u00e9n se concret\u00f3 el 4 de diciembre de 2024, en el hotel Hilton de Puerto Madero, con <strong>Soledad Cedro<\/strong> como CEO del evento y un cronograma que incluy\u00f3 a Lara Trump, Santiago Abascal, Ben Shapiro, Kari Lake, Javier Negre, Agust\u00edn Romo, el Gordo Dan, los entonces ministros Patricia Bullrich y Luis Caputo, Eduardo Bolsonaro \u2014hijo del expresidente Jair y hermano del actual Fl\u00e1vio\u2014 y, para el cierre, <strong>Javier Milei<\/strong>. Cerimedo no apareci\u00f3 en ese cronograma oficial, pero se lo vio en los pasillos del hotel e incluso entr\u00f3 en contacto con la prensa. <a href=\"https:\/\/www.eldiarioar.com\/politica\/fernando-cerimedo-entro-diez-veces-casa-rosada-ultima-vez-autorizo-santiago-caputo_1_13455741.html\" data-mrf-recirculation=\"links-noticia\" class=\"link\">No iba a la Casa Rosada desde junio de ese 2024 \u2014su \u00faltimo anfitri\u00f3n fue Santiago Caputo\u2014<\/a>, pero manten\u00eda sus hilos con el poder libertario. <\/p>\n<p class=\"article-text\"> En ese hubo un reconocimiento p\u00fablico que no incluy\u00f3 a Cerimedo pero s\u00ed a otro nombre que se resignificar\u00eda con el tiempo. <strong>\u201cEn nombre de todo el equipo de CPAC Argentina, encabezado por Leonardo Scatturice, estamos sumamente agradecidos de que se sumen a esta causa\u201d<\/strong>, dijo Cedro desde el escenario del Hilton, como <a href=\"https:\/\/www.eldiarioar.com\/politica\/francisco-caputo-caja-mileismo-maneja-dinero-libertad-avanza_1_12134746.html\" data-mrf-recirculation=\"links-noticia\" class=\"link\">en su momento reconstruy\u00f3 Pedro Lacour en este diario<\/a>. Scatturice, el exagente de inteligencia devenido empresario de Flybondi y OCA, ligado a Santiago Caputo en temas de SIDE, con un pie en Miami, empezaba a llamar la atenci\u00f3n \u2014al menos en nombre\u2014. <\/p>\n<figure> <picture class=\"news-image\"> <!--[if IE 9]><video style=\"display: none;\"><![endif]--><source media=\"(max-width: 576px)\" type=\"image\/webp\" srcset=\"https:\/\/static.eldiario.es\/clip\/5ad85fc7-0e34-4b6d-ac2a-7f70f072016e_source-aspect-ratio_50p_0.webp\"><source media=\"(max-width: 576px)\" type=\"image\/jpg\" srcset=\"https:\/\/static.eldiario.es\/clip\/5ad85fc7-0e34-4b6d-ac2a-7f70f072016e_source-aspect-ratio_50p_0.jpg\"><source media=\"(max-width: 767px)\" type=\"image\/webp\" srcset=\"https:\/\/static.eldiario.es\/clip\/5ad85fc7-0e34-4b6d-ac2a-7f70f072016e_source-aspect-ratio_75p_0.webp\"><source media=\"(max-width: 767px)\" type=\"image\/jpg\" srcset=\"https:\/\/static.eldiario.es\/clip\/5ad85fc7-0e34-4b6d-ac2a-7f70f072016e_source-aspect-ratio_75p_0.jpg\"><source media=\"(min-width: 768px)\" type=\"image\/webp\" srcset=\"https:\/\/static.eldiario.es\/clip\/5ad85fc7-0e34-4b6d-ac2a-7f70f072016e_source-aspect-ratio_default_0.webp\"><source media=\"(min-width: 768px)\" type=\"image\/jpg\" srcset=\"https:\/\/static.eldiario.es\/clip\/5ad85fc7-0e34-4b6d-ac2a-7f70f072016e_source-aspect-ratio_default_0.jpg\"><source type=\"image\/webp\" srcset=\"https:\/\/static.eldiario.es\/clip\/5ad85fc7-0e34-4b6d-ac2a-7f70f072016e_source-aspect-ratio_default_0.webp\"><!--[if IE 9]><\/video><![endif]--> <img decoding=\"async\" class=\"lazy\" loading=\"lazy\" src=\"https:\/\/static.eldiario.es\/clip\/5ad85fc7-0e34-4b6d-ac2a-7f70f072016e_source-aspect-ratio_default_0.jpg\" alt=\"Cerimedo aparece vinculado a dos registros de la web cpacargentina.com\"> <\/picture> <\/figure>\n<p class=\"article-text\"> Que Milei encabezara el cierre de un evento que Cerimedo llevaba tres a\u00f1os construyendo, aun sin figurar en el programa, tensiona la fecha de ruptura que el propio Presidente fij\u00f3 d\u00edas atr\u00e1s p\u00fablicamente: <strong>\u201cEra alguien que no forma parte del espacio y que no tiene v\u00ednculo con nosotros de ning\u00fan tipo desde 2023\u201d<\/strong>, baj\u00f3 l\u00ednea el mandatario esta semana.<strong> <\/strong>Pero habr\u00eda otros metros cuadrados compartidos entre Cerimedo y Milei. <\/p>\n<p class=\"article-text\"> Del 2024 en la Argentina, <strong>Cerimedo recal\u00f3 en Bolivia en 2025. <\/strong>All\u00ed primero asesor\u00f3 a un precandidato liberal y luego se conect\u00f3 con la campa\u00f1a de <strong>Rodrigo Paz<\/strong> a trav\u00e9s de su hija, <strong>Catalina<\/strong>, alumna de su academia de marketing digital, Numen. Ya con Paz en el gobierno, se convirti\u00f3 de facto en su asesor de comunicaci\u00f3n y estrategia pol\u00edtica, con el mismo patr\u00f3n que hab\u00eda ensayado en Buenos Aires: bajo perfil formal, alta injerencia real. Y, otra vez, el mismo libreto se repiti\u00f3 puertas afuera: en al menos dos actos internacionales de los \u00faltimos diez meses, Cerimedo volvi\u00f3 a compartir escenario con Milei sin que trascendiera, esta vez tampoco, un saludo entre ambos. <\/p>\n<p class=\"article-text\"> <strong>La primera coincidencia fue en la asunci\u00f3n de Paz, el 8 de noviembre de 2025 en La Paz<\/strong>, donde el presidente argentino particip\u00f3 como uno de los mandatarios invitados y Cerimedo fue fotografiado, en una imagen que se viraliz\u00f3, junto al rey Felipe VI de Espa\u00f1a. Seg\u00fan una fuente gubernamental que estuvo junto al libertario, tampoco ese d\u00eda hubo un saludo o un cruce directo entre Milei y Cerimedo, pese a compartir el mismo \u00e1mbito.<strong> \u201cLa estad\u00eda en La Paz fueron dos horas y nunca hubo un trato con esta persona\u201d<\/strong>, recogi\u00f3 <strong>elDiarioAR<\/strong> de un funcionario que acompa\u00f1\u00f3 permanentemente a la delegaci\u00f3n argentina. A fines del a\u00f1o pasado, el v\u00ednculo Cerimedo-Milei ya habr\u00eda estado roto por el esc\u00e1ndalo de los audios de Diego Spagnuolo. <\/p>\n<figure> <picture class=\"news-image\"> <!--[if IE 9]><video style=\"display: none;\"><![endif]--><source media=\"(max-width: 576px)\" type=\"image\/webp\" srcset=\"https:\/\/static.eldiario.es\/clip\/9f0a9429-d43e-4ec0-933b-73420efe85bb_16-9-discover-aspect-ratio_50p_0.webp\"><source media=\"(max-width: 576px)\" type=\"image\/jpg\" srcset=\"https:\/\/static.eldiario.es\/clip\/9f0a9429-d43e-4ec0-933b-73420efe85bb_16-9-discover-aspect-ratio_50p_0.jpg\"><source media=\"(max-width: 767px)\" type=\"image\/webp\" srcset=\"https:\/\/static.eldiario.es\/clip\/9f0a9429-d43e-4ec0-933b-73420efe85bb_16-9-discover-aspect-ratio_75p_0.webp\"><source media=\"(max-width: 767px)\" type=\"image\/jpg\" srcset=\"https:\/\/static.eldiario.es\/clip\/9f0a9429-d43e-4ec0-933b-73420efe85bb_16-9-discover-aspect-ratio_75p_0.jpg\"><source media=\"(min-width: 768px)\" type=\"image\/webp\" srcset=\"https:\/\/static.eldiario.es\/clip\/9f0a9429-d43e-4ec0-933b-73420efe85bb_16-9-discover-aspect-ratio_default_0.webp\"><source media=\"(min-width: 768px)\" type=\"image\/jpg\" srcset=\"https:\/\/static.eldiario.es\/clip\/9f0a9429-d43e-4ec0-933b-73420efe85bb_16-9-discover-aspect-ratio_default_0.jpg\"><source type=\"image\/webp\" srcset=\"https:\/\/static.eldiario.es\/clip\/9f0a9429-d43e-4ec0-933b-73420efe85bb_16-9-discover-aspect-ratio_default_0.webp\"><!--[if IE 9]><\/video><![endif]--> <img decoding=\"async\" class=\"lazy\" loading=\"lazy\" src=\"https:\/\/static.eldiario.es\/clip\/9f0a9429-d43e-4ec0-933b-73420efe85bb_16-9-discover-aspect-ratio_default_0.jpg\" alt=\"Milei y Paz en la asunci\u00f3n del boliviano, en noviembre 2025. Cerimedo ya estaba junto al flamante presidente andino.\"> <\/picture> <\/figure>\n<p class=\"article-text\"> La segunda fue el 7 de marzo de este a\u00f1o, en Doral, cuando <strong>Donald Trump lanz\u00f3 junto a Milei, Paz y otros diez mandatarios el \u201cEscudo de las Am\u00e9ricas\u201d<\/strong>, su alianza regional contra el narcotr\u00e1fico. Una fotograf\u00eda difundida por el Departamento de Estado norteamericano en su cuenta de Flickr muestra a Cerimedo sentado en la reuni\u00f3n bilateral entre el secretario de Estado <strong>Marco Rubio<\/strong> y la delegaci\u00f3n boliviana. La escena tensiona otra vez la versi\u00f3n de que Cerimedo \u201csolo trabaj\u00f3 en la campa\u00f1a\u201d: para marzo, con el gobierno de Paz en marcha desde hac\u00eda cuatro meses, segu\u00eda integrando comitivas oficiales en encuentros con la diplomacia estadounidense. <\/p>\n<h2 class=\"article-text\">Cerimedo dentro del gobierno de Paz<\/h2>\n<p class=\"article-text\"> El 28 de enero pasado Paz abri\u00f3 el Foro Econ\u00f3mico de la CAF en Panam\u00e1, junto a otros siete jefes de Estado de la regi\u00f3n. Cerimedo tambi\u00e9n aparece fotografiado entre la comitiva presidencial en al menos un registro de ese viaje. Ese viaje es, adem\u00e1s, el origen del hilo del supuesto financiamiento del asesor dentro del gobierno boliviano: <strong>Bibi Urquidi<\/strong>, esposa de Paz, dijo en abril al medio boliviano El Deber que, durante el viaje a Panam\u00e1,<strong> la CAF hab\u00eda ofrecido una l\u00ednea de financiamiento para una consultor\u00eda destinada a la reestructuraci\u00f3n del Despacho de Gesti\u00f3n Social.<\/strong> <\/p>\n<figure> <picture class=\"news-image\"> <!--[if IE 9]><video style=\"display: none;\"><![endif]--><source media=\"(max-width: 576px)\" type=\"image\/webp\" srcset=\"https:\/\/static.eldiario.es\/clip\/7cc7ac47-3bdb-41c9-b5fa-40a310f3e487_16-9-discover-aspect-ratio_50p_0_x615y291.webp\"><source media=\"(max-width: 576px)\" type=\"image\/jpg\" srcset=\"https:\/\/static.eldiario.es\/clip\/7cc7ac47-3bdb-41c9-b5fa-40a310f3e487_16-9-discover-aspect-ratio_50p_0_x615y291.jpg\"><source media=\"(max-width: 767px)\" type=\"image\/webp\" srcset=\"https:\/\/static.eldiario.es\/clip\/7cc7ac47-3bdb-41c9-b5fa-40a310f3e487_16-9-discover-aspect-ratio_75p_0_x615y291.webp\"><source media=\"(max-width: 767px)\" type=\"image\/jpg\" srcset=\"https:\/\/static.eldiario.es\/clip\/7cc7ac47-3bdb-41c9-b5fa-40a310f3e487_16-9-discover-aspect-ratio_75p_0_x615y291.jpg\"><source media=\"(min-width: 768px)\" type=\"image\/webp\" srcset=\"https:\/\/static.eldiario.es\/clip\/7cc7ac47-3bdb-41c9-b5fa-40a310f3e487_16-9-discover-aspect-ratio_default_0_x615y291.webp\"><source media=\"(min-width: 768px)\" type=\"image\/jpg\" srcset=\"https:\/\/static.eldiario.es\/clip\/7cc7ac47-3bdb-41c9-b5fa-40a310f3e487_16-9-discover-aspect-ratio_default_0_x615y291.jpg\"><source type=\"image\/webp\" srcset=\"https:\/\/static.eldiario.es\/clip\/7cc7ac47-3bdb-41c9-b5fa-40a310f3e487_16-9-discover-aspect-ratio_default_0_x615y291.webp\"><!--[if IE 9]><\/video><![endif]--> <img decoding=\"async\" class=\"lazy\" loading=\"lazy\" src=\"https:\/\/static.eldiario.es\/clip\/7cc7ac47-3bdb-41c9-b5fa-40a310f3e487_16-9-discover-aspect-ratio_default_0_x615y291.jpg\" alt=\"Cerimedo con el boliviano Paz y el chileno Kast, en el foro del banco CAF en Panam\u00e1 en enero de este a\u00f1o.\"> <\/picture> <\/figure>\n<p class=\"article-text\"> Seg\u00fan fuentes a las que accedi\u00f3 <strong>elDiarioAR<\/strong>, la Presidencia le pidi\u00f3 al organismo<strong> \u201carmar un contrato de consultor\u00eda\u201d<\/strong> para el propio Cerimedo, que nunca lleg\u00f3 a firmarse: la CAF neg\u00f3 p\u00fablicamente cualquier v\u00ednculo contractual con \u00e9l, y su defensa lleg\u00f3 a sostener que el efectivo hallado en los allanamientos de agosto era un \u201cpr\u00e9stamo para instalarse\u201d mientras se cerraba ese acuerdo. <\/p>\n<p class=\"article-text\"> Una fuente de la CAF consultada para esta nota matiza ese cuadro. Dijo que hab\u00eda varias l\u00edneas de financiamiento en danza para el gobierno de Paz, en el marco del Marco de Financiamiento para el Desarrollo de Bolivia 2025-2030 que la propia CAF present\u00f3 en La Paz en diciembre pasado ante el Ministerio de Planificaci\u00f3n del Desarrollo: <strong>un paquete de US$3.100 millones distribuido en cuatro pilares \u2014estabilidad macroecon\u00f3mica, integraci\u00f3n y competitividad, inclusi\u00f3n y desarrollo social, y sostenibilidad ambiental\u2014 <\/strong>que la entidad se comprometi\u00f3 a readaptar a los siete ejes estrat\u00e9gicos del gobierno de Paz. <\/p>\n<p class=\"article-text\"> Es dentro del tercer pilar, el de inclusi\u00f3n y desarrollo social, donde podr\u00eda haber existido un programa de asistencia social que iba a liderar la propia Urquidi; la CAF, adem\u00e1s, ya le hab\u00eda otorgado a Bolivia un pr\u00e9stamo de liquidez de US$550 millones meses antes. <strong>La presencia de Cerimedo en Panam\u00e1, agreg\u00f3 la fuente, se debi\u00f3 a que integraba la delegaci\u00f3n oficial gestionada por la Canciller\u00eda paname\u00f1a, no a una invitaci\u00f3n de la CAF. <\/strong> <\/p>\n<figure class=\"embed-container embed-container--type-youtube ratio\"> <iframe id=\"yt-OFTc33ohOcs-2529\" src=\"https:\/\/www.youtube.com\/embed\/OFTc33ohOcs?enablejsapi=1\" frameborder=\"0\">[embedded content]<\/iframe> <\/figure>\n<p class=\"article-text\"> Se\u00f1al\u00f3 adem\u00e1s que <strong>Jaime Paz Pereira<\/strong>, hermano menor del presidente y radicado en Per\u00fa, pudo haber mantenido conversaciones de otro nivel sobre esas l\u00edneas de cr\u00e9dito \u2014\u201clo que no implica necesariamente favoritismo\u201d, plante\u00f3\u2014 y que un contrato por debajo de US$75 millones pod\u00eda gestionarse sin pasar por instancias superiores. En noviembre, al asumir su hermano, Jaime Paz Pereira hab\u00eda dicho p\u00fablicamente que lo acompa\u00f1ar\u00eda \u201cdesde afuera\u201d del gobierno, sin un cargo formal. <\/p>\n<p class=\"article-text\"> Esa consultor\u00eda que nunca se firm\u00f3 termin\u00f3 cruz\u00e1ndose, en agosto, con una causa judicial que no tiene nada que ver con la CAF. En el allanamiento de la polic\u00eda boliviana tras el intento de asesinato de <strong>Nadia Beller<\/strong>, expareja de Cerimedo, se secuestraron tarjetas personales que lo identificaban como \u201cAsesor Principal del Presidente\u201d, con casilla de correo de la propia Presidencia. Esa causa \u2014enriquecimiento il\u00edcito\u2014 fue la que finalmente oblig\u00f3 a Cerimedo a poner por escrito, bajo juramento, lo que hasta entonces solo hab\u00eda circulado como fotos y versiones cruzadas. <\/p>\n<h2 class=\"article-text\"><strong>Lo que declar\u00f3 Cerimedo<\/strong><\/h2>\n<p class=\"article-text\"> En el cuestionario de 229 preguntas que le tom\u00f3 la fiscal\u00eda esta semana, ante la pregunta de <strong>qui\u00e9n era su principal contacto dentro del entorno de Rodrigo Paz, Cerimedo respondi\u00f3, sin rodeos, \u201cel presidente Rodrigo Paz\u201d. <\/strong>Admiti\u00f3 haber \u201cayudado en consejos de comunicaciones digitales\u201d en ambas vueltas electorales, sin contrato escrito y sin que ninguna empresa financiara ese trabajo. Tambi\u00e9n declar\u00f3 ingresos de \u201ccerca de un mill\u00f3n de d\u00f3lares\u201d mensuales durante 2025 y un monto \u201csimilar\u201d en 2026, provenientes en su totalidad de actividades fuera de Bolivia: Numen Group Inc, la sociedad que constituy\u00f3 en Estados Unidos en 2021 y de la que es socio \u00fanico; la <strong>agencia de publicidad Numen en Argentina, con 35 empleados, dos sucursales y una docena de clientes, donde es socio junto a su esposa<\/strong>; la Academia Numen, que dicta cursos de tecnolog\u00eda; y una productora audiovisual con facturaci\u00f3n propia. <\/p>\n<p class=\"article-text\"> Dijo no tener empresas, cuentas bancarias ni bienes a nombre de terceros en Bolivia, y que sus viajes al pa\u00eds \u2014de los que no record\u00f3 fechas ni motivos iniciales\u2014 los financi\u00f3 siempre \u00e9l mismo, \u201cporque quer\u00eda instalarme ac\u00e1\u201d para desarrollar \u201cun proyecto de comunicaci\u00f3n de marketing\u201d. <\/p>\n<figure> <picture class=\"news-image\"> <!--[if IE 9]><video style=\"display: none;\"><![endif]--><source media=\"(max-width: 576px)\" type=\"image\/webp\" srcset=\"https:\/\/static.eldiario.es\/clip\/b9fb9348-9ad0-4798-b063-0740333811c0_source-aspect-ratio_50p_0.webp\"><source media=\"(max-width: 576px)\" type=\"image\/jpg\" srcset=\"https:\/\/static.eldiario.es\/clip\/b9fb9348-9ad0-4798-b063-0740333811c0_source-aspect-ratio_50p_0.jpg\"><source media=\"(max-width: 767px)\" type=\"image\/webp\" srcset=\"https:\/\/static.eldiario.es\/clip\/b9fb9348-9ad0-4798-b063-0740333811c0_source-aspect-ratio_75p_0.webp\"><source media=\"(max-width: 767px)\" type=\"image\/jpg\" srcset=\"https:\/\/static.eldiario.es\/clip\/b9fb9348-9ad0-4798-b063-0740333811c0_source-aspect-ratio_75p_0.jpg\"><source media=\"(min-width: 768px)\" type=\"image\/webp\" srcset=\"https:\/\/static.eldiario.es\/clip\/b9fb9348-9ad0-4798-b063-0740333811c0_source-aspect-ratio_default_0.webp\"><source media=\"(min-width: 768px)\" type=\"image\/jpg\" srcset=\"https:\/\/static.eldiario.es\/clip\/b9fb9348-9ad0-4798-b063-0740333811c0_source-aspect-ratio_default_0.jpg\"><source type=\"image\/webp\" srcset=\"https:\/\/static.eldiario.es\/clip\/b9fb9348-9ad0-4798-b063-0740333811c0_source-aspect-ratio_default_0.webp\"><!--[if IE 9]><\/video><![endif]--> <img decoding=\"async\" class=\"lazy\" loading=\"lazy\" src=\"https:\/\/static.eldiario.es\/clip\/b9fb9348-9ad0-4798-b063-0740333811c0_source-aspect-ratio_default_0.jpg\" alt=\"La declaraci\u00f3n de Cerimedo ante la fiscal\u00eda de Bolivia que se conoci\u00f3 este viernes.\"> <\/picture> <\/figure>\n<p class=\"article-text\"> Pero apenas la Fiscal\u00eda avanz\u00f3 sobre el gobierno, la respuesta cambi\u00f3 de registro: a la pregunta de qu\u00e9 funci\u00f3n comenz\u00f3 a desempe\u00f1ar tras el triunfo electoral, contest\u00f3 \u201cninguna\u201d, y a partir de ah\u00ed encaden\u00f3 m\u00e1s de 150 negativas a responder \u2014\u201cno tiene que ver con el caso\u201d o \u201cno tiene nada que ver con el caso\u201d\u2014 frente a preguntas puntuales sobre si ten\u00eda oficina en la Casa Grande del Pueblo, si participaba de reuniones de gabinete, si redactaba o modificaba discursos y mensajes presidenciales, si manejaba contrase\u00f1as de las redes sociales oficiales, si daba instrucciones a ministros o si intervino en decretos, licitaciones o contratos estatales. En el \u00fanico tramo en que se lo menciona con nombre y apellido a otro funcionario, admiti\u00f3 conocer a M\u00f3nica Ximena Galarza Lora, directora general de Comunicaci\u00f3n Estrat\u00e9gica del gobierno de Paz, pero se neg\u00f3 a explicar desde cu\u00e1ndo, con qu\u00e9 frecuencia o qu\u00e9 instrucciones cruzaban. <\/p>\n<p class=\"article-text\"> <strong>El tramo final del cuestionario, titulado expl\u00edcitamente \u201cContradicci\u00f3n con la versi\u00f3n presidencial\u201d, confront\u00f3 a Cerimedo con las propias palabras de Paz:<\/strong> la Fiscal\u00eda le record\u00f3 que el Presidente hab\u00eda dicho p\u00fablicamente, el 26 de agosto, <a href=\"https:\/\/www.eldiarioar.com\/politica\/bolivia-rodrigo-paz-reconocio-apoyo-cerimedo-nego-tuviera-funciones-oficiales-gobierno_1_13470617.html\" data-mrf-recirculation=\"links-noticia\" class=\"link\">que Cerimedo \u201cnunca tuvo autorizaci\u00f3n para representar a la Presidencia, al Gobierno o a su familia\u201d<\/a> y que \u201cnunca existi\u00f3 una relaci\u00f3n laboral directa\u201d con \u00e9l, y le pregunt\u00f3 si estaba de acuerdo con esa versi\u00f3n, cu\u00e1l era entonces su funci\u00f3n real y qui\u00e9n lo autorizaba a ingresar a reuniones de alto nivel. A cada una de esas preguntas, Cerimedo respondi\u00f3 lo mismo: \u201cNo tiene nada que ver con el caso\u201d. Cerr\u00f3 su declaraci\u00f3n calificando todo el proceso como <strong>\u201cun intento de golpe de Estado para desestabilizar el Gobierno de Rodrigo Paz\u201d<\/strong> que \u201cviolenta todos los derechos y tratados internacionales\u201d, y dijo reservarse acciones legales en Bolivia y ante tribunales internacionales. <\/p>\n<p class=\"article-text\"> El paralelismo, a esta altura, es dif\u00edcil de ignorar. En Buenos Aires, Milei sostiene que no hay v\u00ednculo \u201cde ning\u00fan tipo\u201d desde 2023, aunque cerr\u00f3 en persona el evento que Cerimedo pas\u00f3 tres a\u00f1os construyendo en las sombras. En La Paz, Paz sostiene que nunca hubo autorizaci\u00f3n ni relaci\u00f3n laboral, aunque el propio Cerimedo admite bajo juramento que el Presidente era su \u201cprincipal contacto\u201d y se refugia en el silencio apenas le preguntan por qu\u00e9. <\/p>\n<p class=\"article-text\"> <em>MC<\/em> <\/p>\n","protected":false},"excerpt":{"rendered":"<p>En septiembre de 2021 se hizo en San Pablo la primera CPAC de Brasil, la primera edici\u00f3n sudamericana de la Conferencia de Acci\u00f3n Pol\u00edtica Conservadora que desde 1974 organiza la derecha estadounidense. Un mes despu\u00e9s, el 3 de octubre de 2021, Fernando Cerimedo registr\u00f3 el dominio cpacargentina.com a su nombre, con el correo de su [&hellip;]<\/p>\n","protected":false},"author":1,"featured_media":38172,"comment_status":"closed","ping_status":"closed","sticky":false,"template":"","format":"standard","meta":{"footnotes":""},"categories":[123],"tags":[],"class_list":["post-38171","post","type-post","status-publish","format-standard","has-post-thumbnail","hentry","category-nacionales"],"_links":{"self":[{"href":"https:\/\/nvccatamarca.com\/index.php\/wp-json\/wp\/v2\/posts\/38171","targetHints":{"allow":["GET"]}}],"collection":[{"href":"https:\/\/nvccatamarca.com\/index.php\/wp-json\/wp\/v2\/posts"}],"about":[{"href":"https:\/\/nvccatamarca.com\/index.php\/wp-json\/wp\/v2\/types\/post"}],"author":[{"embeddable":true,"href":"https:\/\/nvccatamarca.com\/index.php\/wp-json\/wp\/v2\/users\/1"}],"replies":[{"embeddable":true,"href":"https:\/\/nvccatamarca.com\/index.php\/wp-json\/wp\/v2\/comments?post=38171"}],"version-history":[{"count":0,"href":"https:\/\/nvccatamarca.com\/index.php\/wp-json\/wp\/v2\/posts\/38171\/revisions"}],"wp:featuredmedia":[{"embeddable":true,"href":"https:\/\/nvccatamarca.com\/index.php\/wp-json\/wp\/v2\/media\/38172"}],"wp:attachment":[{"href":"https:\/\/nvccatamarca.com\/index.php\/wp-json\/wp\/v2\/media?parent=38171"}],"wp:term":[{"taxonomy":"category","embeddable":true,"href":"https:\/\/nvccatamarca.com\/index.php\/wp-json\/wp\/v2\/categories?post=38171"},{"taxonomy":"post_tag","embeddable":true,"href":"https:\/\/nvccatamarca.com\/index.php\/wp-json\/wp\/v2\/tags?post=38171"}],"curies":[{"name":"wp","href":"https:\/\/api.w.org\/{rel}","templated":true}]}}