{"id":38181,"date":"2026-08-31T16:16:10","date_gmt":"2026-08-31T19:16:10","guid":{"rendered":"https:\/\/airevision.com.ar\/?p=187157"},"modified":"2026-09-01T21:22:21","modified_gmt":"2026-09-02T00:22:21","slug":"queremos-ver-a-colapinto-en-la-argentina-el-pedido-de-milei-por-el-regreso-de-la-f1","status":"publish","type":"post","link":"https:\/\/nvccatamarca.com\/index.php\/2026\/08\/31\/queremos-ver-a-colapinto-en-la-argentina-el-pedido-de-milei-por-el-regreso-de-la-f1\/","title":{"rendered":"\u201cQueremos ver a Colapinto en la Argentina\u201d: el pedido de Milei por el regreso de la F1"},"content":{"rendered":"<div class=\"td-post-featured-image\"><a href=\"https:\/\/airevision.com.ar\/wp-content\/uploads\/2026\/08\/Screenshot-2026-08-31-161150.png\" data-caption=\"\"><img loading=\"lazy\" decoding=\"async\" class=\"entry-thumb td-modal-image\" title=\"Screenshot 2026-08-31 161150\" src=\"https:\/\/airevision.com.ar\/wp-content\/uploads\/2026\/08\/Screenshot-2026-08-31-161150-696x364.png\" srcset=\"https:\/\/airevision.com.ar\/wp-content\/uploads\/2026\/08\/Screenshot-2026-08-31-161150-696x364.png 696w, https:\/\/airevision.com.ar\/wp-content\/uploads\/2026\/08\/Screenshot-2026-08-31-161150-300x157.png 300w, https:\/\/airevision.com.ar\/wp-content\/uploads\/2026\/08\/Screenshot-2026-08-31-161150-768x401.png 768w, https:\/\/airevision.com.ar\/wp-content\/uploads\/2026\/08\/Screenshot-2026-08-31-161150-150x78.png 150w, https:\/\/airevision.com.ar\/wp-content\/uploads\/2026\/08\/Screenshot-2026-08-31-161150.png 886w\" alt=\"\" width=\"696\" height=\"364\" data-lazyloaded=\"1\" data-sizes=\"(max-width: 696px) 100vw, 696px\" \/><\/a><\/div>\n<p class=\"isSelectedEnd\"><em>Javier Milei volvi\u00f3 a poner sobre la mesa la posibilidad de que la F\u00f3rmula 1 regrese a la Argentina y asegur\u00f3 que el pa\u00eds cuenta con las condiciones necesarias para volver a formar parte del calendario de la m\u00e1xima categor\u00eda del automovilismo.<\/em><\/p>\n<p class=\"isSelectedEnd\">El Presidente realiz\u00f3 estas declaraciones durante la apertura del Congreso 2026 de la Federaci\u00f3n Internacional del Autom\u00f3vil (FIA), que se llev\u00f3 a cabo en la sede del Autom\u00f3vil Club Argentino (ACA), en Buenos Aires.<\/p>\n<p class=\"isSelectedEnd\">Durante su discurso, Milei destac\u00f3 la tradici\u00f3n automovil\u00edstica del pa\u00eds y record\u00f3 que la F\u00f3rmula 1 tuvo distintas etapas de actividad en territorio argentino durante las d\u00e9cadas de 1950, 1970 y 1990. La \u00faltima carrera se disput\u00f3 en 1998 en el aut\u00f3dromo Oscar y Juan G\u00e1lvez.<\/p>\n<blockquote class=\"twitter-tweet\" data-media-max-width=\"560\">\n<p dir=\"ltr\" lang=\"es\">Discurso del Presidente Javier Milei en el Congreso Americano de la Federaci\u00f3n Internacional del Autom\u00f3vil (FIA). <a href=\"https:\/\/t.co\/8Vl4vBwS9e\">pic.twitter.com\/8Vl4vBwS9e<\/a><\/p>\n<p>\u2014 Oficina del Presidente (@OPRArgentina) <a href=\"https:\/\/x.com\/OPRArgentina\/status\/2094432649389474026?ref_src=twsrc%5Etfw\">August 31, 2026<\/a><\/p><\/blockquote>\n<p class=\"isSelectedEnd\">\u201cLa Argentina que vuelve a ser sede de la FIA es la misma Argentina que tiene todas las condiciones para volver a recibir a la F\u00f3rmula 1 y al Rally Mundial en su calendario\u201d, afirm\u00f3 el mandatario.<\/p>\n<p class=\"isSelectedEnd\">En ese sentido, sostuvo que el pa\u00eds cuenta con \u201cla tradici\u00f3n\u201d, \u201clos pilotos\u201d y la \u201cseriedad institucional\u201d necesarias para volver a recibir competencias internacionales de primer nivel.<\/p>\n<p class=\"isSelectedEnd\">\u201cTenemos absolutamente todo. Es momento de acelerar a toda m\u00e1quina en esta direcci\u00f3n\u201d, expres\u00f3 Milei, quien adem\u00e1s plante\u00f3 que el Congreso de la FIA puede convertirse en el punto de partida para avanzar con el regreso de la F\u00f3rmula 1.<\/p>\n<p class=\"isSelectedEnd\">El Presidente tambi\u00e9n se\u00f1al\u00f3 que durante los \u00faltimos 28 a\u00f1os falt\u00f3 que la Argentina volviera a ser considerada un mercado atractivo para una competencia de semejante magnitud. \u201cLo \u00fanico que falt\u00f3 durante 28 a\u00f1os fue que el mundo volviera a mirarnos como sede de la m\u00e1xima categor\u00eda del automovilismo\u201d, sostuvo.<\/p>\n<p class=\"isSelectedEnd\">Pero el momento m\u00e1s destacado de su discurso lleg\u00f3 sobre el final, cuando hizo referencia directa a Franco Colapinto, el piloto argentino que actualmente compite en la F\u00f3rmula 1. \u201cQueremos ver a Franco Colapinto en la Argentina\u201d, expres\u00f3 Milei, dejando as\u00ed un mensaje que r\u00e1pidamente se convirti\u00f3 en uno de los puntos centrales de su intervenci\u00f3n.<\/p>\n<p class=\"isSelectedEnd\">Adem\u00e1s, el mandatario elogi\u00f3 la trayectoria del Autom\u00f3vil Club Argentino y defendi\u00f3 una mayor participaci\u00f3n del sector privado en la construcci\u00f3n y mantenimiento de rutas. Tambi\u00e9n sostuvo que las pol\u00edticas de apertura econ\u00f3mica permitir\u00e1n renovar el parque automotor y contribuir a mejorar la seguridad vial.<\/p>\n<p>El regreso de la F\u00f3rmula 1 al pa\u00eds, por ahora, aparece como un objetivo a futuro, pero las declaraciones de Milei volvieron a instalar el tema en el centro de la agenda del automovilismo argentino.<\/p>\n","protected":false},"excerpt":{"rendered":"<p>Javier Milei volvi\u00f3 a poner sobre la mesa la posibilidad de que la F\u00f3rmula 1 regrese a la Argentina y asegur\u00f3 que el pa\u00eds cuenta con las condiciones necesarias para volver a formar parte del calendario de la m\u00e1xima categor\u00eda del automovilismo. El Presidente realiz\u00f3 estas declaraciones durante la apertura del Congreso 2026 de la [&hellip;]<\/p>\n","protected":false},"author":1,"featured_media":38182,"comment_status":"open","ping_status":"closed","sticky":false,"template":"","format":"standard","meta":{"footnotes":""},"categories":[132],"tags":[],"class_list":["post-38181","post","type-post","status-publish","format-standard","has-post-thumbnail","hentry","category-destacados"],"_links":{"self":[{"href":"https:\/\/nvccatamarca.com\/index.php\/wp-json\/wp\/v2\/posts\/38181","targetHints":{"allow":["GET"]}}],"collection":[{"href":"https:\/\/nvccatamarca.com\/index.php\/wp-json\/wp\/v2\/posts"}],"about":[{"href":"https:\/\/nvccatamarca.com\/index.php\/wp-json\/wp\/v2\/types\/post"}],"author":[{"embeddable":true,"href":"https:\/\/nvccatamarca.com\/index.php\/wp-json\/wp\/v2\/users\/1"}],"replies":[{"embeddable":true,"href":"https:\/\/nvccatamarca.com\/index.php\/wp-json\/wp\/v2\/comments?post=38181"}],"version-history":[{"count":1,"href":"https:\/\/nvccatamarca.com\/index.php\/wp-json\/wp\/v2\/posts\/38181\/revisions"}],"predecessor-version":[{"id":38213,"href":"https:\/\/nvccatamarca.com\/index.php\/wp-json\/wp\/v2\/posts\/38181\/revisions\/38213"}],"wp:featuredmedia":[{"embeddable":true,"href":"https:\/\/nvccatamarca.com\/index.php\/wp-json\/wp\/v2\/media\/38182"}],"wp:attachment":[{"href":"https:\/\/nvccatamarca.com\/index.php\/wp-json\/wp\/v2\/media?parent=38181"}],"wp:term":[{"taxonomy":"category","embeddable":true,"href":"https:\/\/nvccatamarca.com\/index.php\/wp-json\/wp\/v2\/categories?post=38181"},{"taxonomy":"post_tag","embeddable":true,"href":"https:\/\/nvccatamarca.com\/index.php\/wp-json\/wp\/v2\/tags?post=38181"}],"curies":[{"name":"wp","href":"https:\/\/api.w.org\/{rel}","templated":true}]}}