{"id":38185,"date":"2026-08-31T16:02:00","date_gmt":"2026-08-31T19:02:00","guid":{"rendered":"https:\/\/airevision.com.ar\/?p=187148"},"modified":"2026-08-31T16:02:00","modified_gmt":"2026-08-31T19:02:00","slug":"gracias-por-hacerme-argentino-el-video-con-el-que-messi-se-despidio-de-la-seleccion","status":"publish","type":"post","link":"https:\/\/nvccatamarca.com\/index.php\/2026\/08\/31\/gracias-por-hacerme-argentino-el-video-con-el-que-messi-se-despidio-de-la-seleccion\/","title":{"rendered":"\u201cGracias por hacerme argentino\u201d: el video con el que Messi se despidi\u00f3 de la Selecci\u00f3n"},"content":{"rendered":"<div class=\"td-post-featured-image\"><a href=\"https:\/\/airevision.com.ar\/wp-content\/uploads\/2022\/12\/Lionel-messi.jpeg\" data-caption><img loading=\"lazy\" decoding=\"async\" data-lazyloaded=\"1\" src=\"https:\/\/airevision.com.ar\/wp-content\/uploads\/2022\/12\/Lionel-messi.jpeg\" width=\"696\" height=\"464\" class=\"entry-thumb td-modal-image\" data-sizes=\"(max-width: 696px) 100vw, 696px\" alt title=\"Lionel messi\" srcset=\"https:\/\/airevision.com.ar\/wp-content\/uploads\/2022\/12\/Lionel-messi.jpeg 1200w, https:\/\/airevision.com.ar\/wp-content\/uploads\/2022\/12\/Lionel-messi-300x200.jpeg 300w, https:\/\/airevision.com.ar\/wp-content\/uploads\/2022\/12\/Lionel-messi-1024x683.jpeg 1024w, https:\/\/airevision.com.ar\/wp-content\/uploads\/2022\/12\/Lionel-messi-768x512.jpeg 768w, https:\/\/airevision.com.ar\/wp-content\/uploads\/2022\/12\/Lionel-messi-150x100.jpeg 150w, https:\/\/airevision.com.ar\/wp-content\/uploads\/2022\/12\/Lionel-messi-450x300.jpeg 450w\"><\/a><\/div>\n<p class=\"isSelectedEnd\">Lionel Messi le puso punto final a su historia con la Selecci\u00f3n Argentina y, minutos despu\u00e9s de comunicar su retiro, comparti\u00f3 un emotivo video que repas\u00f3 algunos de los momentos m\u00e1s importantes de su carrera con la camiseta albiceleste.<\/p>\n<p class=\"isSelectedEnd\">El capit\u00e1n argentino anunci\u00f3 este lunes que no volver\u00e1 a jugar para el seleccionado, luego de m\u00e1s de dos d\u00e9cadas representando al pa\u00eds. La decisi\u00f3n lleg\u00f3 semanas despu\u00e9s de la final del Mundial 2026 y tras el fallecimiento de su padre, Jorge Messi.<\/p>\n<figure id=\"attachment_187149\" aria-describedby=\"caption-attachment-187149\" class=\"wp-caption alignnone\"><img data-lazyloaded=\"1\" src=\"https:\/\/airevision.com.ar\/wp-content\/uploads\/2026\/08\/Screenshot-2026-08-31-155535-1024x657.png\" fetchpriority=\"high\" decoding=\"async\" class=\"wp-image-187149 size-large\" alt width=\"696\" height=\"447\" data-sizes=\"(max-width: 696px) 100vw, 696px\" srcset=\"https:\/\/airevision.com.ar\/wp-content\/uploads\/2026\/08\/Screenshot-2026-08-31-155535-1024x657.png 1024w, https:\/\/airevision.com.ar\/wp-content\/uploads\/2026\/08\/Screenshot-2026-08-31-155535-300x193.png 300w, https:\/\/airevision.com.ar\/wp-content\/uploads\/2026\/08\/Screenshot-2026-08-31-155535-768x493.png 768w, https:\/\/airevision.com.ar\/wp-content\/uploads\/2026\/08\/Screenshot-2026-08-31-155535-150x96.png 150w, https:\/\/airevision.com.ar\/wp-content\/uploads\/2026\/08\/Screenshot-2026-08-31-155535-696x447.png 696w, https:\/\/airevision.com.ar\/wp-content\/uploads\/2026\/08\/Screenshot-2026-08-31-155535-1068x686.png 1068w, https:\/\/airevision.com.ar\/wp-content\/uploads\/2026\/08\/Screenshot-2026-08-31-155535.png 1302w\"><figcaption id=\"caption-attachment-187149\" class=\"wp-caption-text\">Lionel Messi anunci\u00f3 su retiro de la Selecci\u00f3n Argentina<\/figcaption><\/figure>\n<p class=\"isSelectedEnd\">A trav\u00e9s de sus redes sociales, el rosarino public\u00f3 una carta en la que explic\u00f3 los motivos de su despedida. \u201cMe vaci\u00e9, ya no tengo m\u00e1s para dar y aparte vienen chicos muy grandes atr\u00e1s que merecen estar\u201d, expres\u00f3.<\/p>\n<p class=\"isSelectedEnd\">Poco despu\u00e9s, acompa\u00f1\u00f3 el anuncio con un video cargado de emoci\u00f3n. El compilado recorre distintas etapas de su recorrido con la Selecci\u00f3n, desde sus primeros a\u00f1os con las juveniles hasta sus grandes consagraciones con el equipo mayor. Las im\u00e1genes reflejan tanto los momentos de frustraci\u00f3n como las conquistas que marcaron una generaci\u00f3n.<\/p>\n<p class=\"isSelectedEnd\">Messi tambi\u00e9n record\u00f3 todo lo vivido junto a sus compa\u00f1eros y los hinchas argentinos. \u201cMe voy con la tranquilidad y el orgullo de haberles regalado, juntos con mis compa\u00f1eros, momentos so\u00f1ados. Fue una locura haberlo vivido con ustedes\u201d, escribi\u00f3.<\/p>\n<p class=\"isSelectedEnd\">El futbolista revel\u00f3 adem\u00e1s que la carta de despedida hab\u00eda sido escrita el 21 de julio, apenas dos d\u00edas despu\u00e9s de la final del Mundial 2026. Sin embargo, decidi\u00f3 postergar su publicaci\u00f3n y asegur\u00f3 que, despu\u00e9s de la muerte de su padre, est\u00e1 \u201cm\u00e1s convencido que antes\u201d de la decisi\u00f3n.<\/p>\n<p class=\"isSelectedEnd\">\u201cGracias por todo el cari\u00f1o de estos 20 a\u00f1os. Voy a extra\u00f1ar mucho escucharlos desde adentro. Ahora voy a ser uno m\u00e1s de ustedes, alentando y bancando siempre desde afuera\u201d, se\u00f1al\u00f3.<\/p>\n<blockquote class=\"instagram-media\" data-instgrm-captioned data-instgrm-permalink=\"https:\/\/www.instagram.com\/reel\/DctYV2qt6S5\/?utm_source=ig_embed&amp;utm_campaign=loading\" data-instgrm-version=\"14\" readability=\"-8.7692307692308\"><\/blockquote>\n<p class=\"isSelectedEnd\">De esta manera, Messi cierra una etapa hist\u00f3rica con la Selecci\u00f3n Argentina, en la que consigui\u00f3 t\u00edtulos inolvidables y se convirti\u00f3 en uno de los m\u00e1ximos referentes de la historia del f\u00fatbol argentino. Su despedida dej\u00f3 una certeza: el v\u00ednculo con la camiseta no termina, sino que cambia de lugar.<\/p>\n","protected":false},"excerpt":{"rendered":"<p>Lionel Messi le puso punto final a su historia con la Selecci\u00f3n Argentina y, minutos despu\u00e9s de comunicar su retiro, comparti\u00f3 un emotivo video que repas\u00f3 algunos de los momentos m\u00e1s importantes de su carrera con la camiseta albiceleste. El capit\u00e1n argentino anunci\u00f3 este lunes que no volver\u00e1 a jugar para el seleccionado, luego de [&hellip;]<\/p>\n","protected":false},"author":1,"featured_media":38186,"comment_status":"open","ping_status":"closed","sticky":false,"template":"","format":"standard","meta":{"footnotes":""},"categories":[132],"tags":[],"class_list":["post-38185","post","type-post","status-publish","format-standard","has-post-thumbnail","hentry","category-destacados"],"_links":{"self":[{"href":"https:\/\/nvccatamarca.com\/index.php\/wp-json\/wp\/v2\/posts\/38185","targetHints":{"allow":["GET"]}}],"collection":[{"href":"https:\/\/nvccatamarca.com\/index.php\/wp-json\/wp\/v2\/posts"}],"about":[{"href":"https:\/\/nvccatamarca.com\/index.php\/wp-json\/wp\/v2\/types\/post"}],"author":[{"embeddable":true,"href":"https:\/\/nvccatamarca.com\/index.php\/wp-json\/wp\/v2\/users\/1"}],"replies":[{"embeddable":true,"href":"https:\/\/nvccatamarca.com\/index.php\/wp-json\/wp\/v2\/comments?post=38185"}],"version-history":[{"count":0,"href":"https:\/\/nvccatamarca.com\/index.php\/wp-json\/wp\/v2\/posts\/38185\/revisions"}],"wp:featuredmedia":[{"embeddable":true,"href":"https:\/\/nvccatamarca.com\/index.php\/wp-json\/wp\/v2\/media\/38186"}],"wp:attachment":[{"href":"https:\/\/nvccatamarca.com\/index.php\/wp-json\/wp\/v2\/media?parent=38185"}],"wp:term":[{"taxonomy":"category","embeddable":true,"href":"https:\/\/nvccatamarca.com\/index.php\/wp-json\/wp\/v2\/categories?post=38185"},{"taxonomy":"post_tag","embeddable":true,"href":"https:\/\/nvccatamarca.com\/index.php\/wp-json\/wp\/v2\/tags?post=38185"}],"curies":[{"name":"wp","href":"https:\/\/api.w.org\/{rel}","templated":true}]}}