{"id":38187,"date":"2026-08-31T16:05:00","date_gmt":"2026-08-31T19:05:00","guid":{"rendered":"https:\/\/airevision.com.ar\/?p=187151"},"modified":"2026-08-31T16:05:00","modified_gmt":"2026-08-31T19:05:00","slug":"el-instituto-municipal-de-emprendedores-lanzo-su-nueva-plataforma-de-registro-unico-y-mapeo-estrategico","status":"publish","type":"post","link":"https:\/\/nvccatamarca.com\/index.php\/2026\/08\/31\/el-instituto-municipal-de-emprendedores-lanzo-su-nueva-plataforma-de-registro-unico-y-mapeo-estrategico\/","title":{"rendered":"El Instituto Municipal de Emprendedores lanz\u00f3 su nueva plataforma de Registro \u00danico y mapeo estrat\u00e9gico"},"content":{"rendered":"<div class=\"td-post-featured-image\"><a href=\"https:\/\/airevision.com.ar\/wp-content\/uploads\/2026\/08\/26726198-c1cb-425d-a527-085ba1ee3297.jpeg\" data-caption><img loading=\"lazy\" decoding=\"async\" data-lazyloaded=\"1\" src=\"https:\/\/airevision.com.ar\/wp-content\/uploads\/2026\/08\/26726198-c1cb-425d-a527-085ba1ee3297-696x464.jpeg\" width=\"696\" height=\"464\" class=\"entry-thumb td-modal-image\" data-sizes=\"(max-width: 696px) 100vw, 696px\" alt title=\"26726198-c1cb-425d-a527-085ba1ee3297\" srcset=\"https:\/\/airevision.com.ar\/wp-content\/uploads\/2026\/08\/26726198-c1cb-425d-a527-085ba1ee3297-696x464.jpeg 696w, https:\/\/airevision.com.ar\/wp-content\/uploads\/2026\/08\/26726198-c1cb-425d-a527-085ba1ee3297-300x200.jpeg 300w, https:\/\/airevision.com.ar\/wp-content\/uploads\/2026\/08\/26726198-c1cb-425d-a527-085ba1ee3297-1024x683.jpeg 1024w, https:\/\/airevision.com.ar\/wp-content\/uploads\/2026\/08\/26726198-c1cb-425d-a527-085ba1ee3297-768x512.jpeg 768w, https:\/\/airevision.com.ar\/wp-content\/uploads\/2026\/08\/26726198-c1cb-425d-a527-085ba1ee3297-150x100.jpeg 150w, https:\/\/airevision.com.ar\/wp-content\/uploads\/2026\/08\/26726198-c1cb-425d-a527-085ba1ee3297.jpeg 1068w\"><\/a><\/div>\n<p dir=\"ltr\">La Municipalidad de la Capital, a trav\u00e9s del Instituto Municipal de Emprendedores (IME), lanz\u00f3 su plataforma digital de Registro \u00danico. Esta iniciativa fue concebida como un ecosistema centralizado e interactivo dise\u00f1ado para simplificar el acceso a recursos, capacitaciones y financiamiento, permitiendo a los trabajadores independientes gestionar su informaci\u00f3n de manera directa y facilitando al municipio la obtenci\u00f3n de indicadores precisos para la planificaci\u00f3n de pol\u00edticas p\u00fablicas.<\/p>\n<p dir=\"ltr\">El dispositivo digital invita a los usuarios a realizar una autocarga \u00e1gil de sus datos y se estructura sobre tres pilares esenciales: una ficha personal georreferenciada con el nivel de formaci\u00f3n del solicitante; un m\u00f3dulo espec\u00edfico para dar de alta uno o varios proyectos comerciales; y un banco integral de herramientas que nuclea programas crediticios, asistencias t\u00e9cnicas, talleres y convocatorias impulsadas tanto por organismos p\u00fablicos como por el sector privado y organizaciones del tercer sector.<\/p>\n<p dir=\"ltr\">Al respecto, el gerente general del IME, Cristian Ruiz, detall\u00f3 el funcionamiento y la trascendencia del sistema se\u00f1alando: \u201cLa plataforma est\u00e1 dise\u00f1ada en tres grandes bloques: el primero concentra el perfil del emprendedor; el segundo re\u00fane los datos espec\u00edficos del emprendimiento \u2014entendiendo que una persona puede liderar m\u00faltiples proyectos productivos\u2014; y una tercera columna que nuclea todos los instrumentos de acompa\u00f1amiento, ya sean l\u00edneas de financiamiento, capacitaciones o eventos promovidos por el municipio, la provincia o el sector privado\u201d.<\/p>\n<p dir=\"ltr\">Asimismo, el funcionario remarc\u00f3: \u201cEl prop\u00f3sito de la plataforma es funcionar como un puente directo entre el emprendedor y las herramientas disponibles, permiti\u00e9ndonos al mismo tiempo consolidar un registro formal para mapear y geolocalizar a todas las unidades productivas que existen en la Capital\u201d.<\/p>\n<p dir=\"ltr\">Los interesados en incorporarse a este padr\u00f3n productivo y acceder a los beneficios ya pueden registrarse ingresando a la plataforma web oficial (<a href=\"https:\/\/emprendedores.cc.gob.ar\/\" target=\"_blank\" rel=\"noreferrer nofollow noopener\">https:\/\/emprendedores.cc.gob.ar\/<\/a>). Con esta puesta en marcha, el municipio capitalino contin\u00faa fomentando el empleo local, apostando a la digitalizaci\u00f3n para democratizar las oportunidades y fortalecer una red colaborativa capaz de potenciar el talento en toda la ciudad.<\/p>\n","protected":false},"excerpt":{"rendered":"<p>La Municipalidad de la Capital, a trav\u00e9s del Instituto Municipal de Emprendedores (IME), lanz\u00f3 su plataforma digital de Registro \u00danico. Esta iniciativa fue concebida como un ecosistema centralizado e interactivo dise\u00f1ado para simplificar el acceso a recursos, capacitaciones y financiamiento, permitiendo a los trabajadores independientes gestionar su informaci\u00f3n de manera directa y facilitando al municipio [&hellip;]<\/p>\n","protected":false},"author":1,"featured_media":38188,"comment_status":"open","ping_status":"closed","sticky":false,"template":"","format":"standard","meta":{"footnotes":""},"categories":[118],"tags":[],"class_list":["post-38187","post","type-post","status-publish","format-standard","has-post-thumbnail","hentry","category-provincia"],"_links":{"self":[{"href":"https:\/\/nvccatamarca.com\/index.php\/wp-json\/wp\/v2\/posts\/38187","targetHints":{"allow":["GET"]}}],"collection":[{"href":"https:\/\/nvccatamarca.com\/index.php\/wp-json\/wp\/v2\/posts"}],"about":[{"href":"https:\/\/nvccatamarca.com\/index.php\/wp-json\/wp\/v2\/types\/post"}],"author":[{"embeddable":true,"href":"https:\/\/nvccatamarca.com\/index.php\/wp-json\/wp\/v2\/users\/1"}],"replies":[{"embeddable":true,"href":"https:\/\/nvccatamarca.com\/index.php\/wp-json\/wp\/v2\/comments?post=38187"}],"version-history":[{"count":0,"href":"https:\/\/nvccatamarca.com\/index.php\/wp-json\/wp\/v2\/posts\/38187\/revisions"}],"wp:featuredmedia":[{"embeddable":true,"href":"https:\/\/nvccatamarca.com\/index.php\/wp-json\/wp\/v2\/media\/38188"}],"wp:attachment":[{"href":"https:\/\/nvccatamarca.com\/index.php\/wp-json\/wp\/v2\/media?parent=38187"}],"wp:term":[{"taxonomy":"category","embeddable":true,"href":"https:\/\/nvccatamarca.com\/index.php\/wp-json\/wp\/v2\/categories?post=38187"},{"taxonomy":"post_tag","embeddable":true,"href":"https:\/\/nvccatamarca.com\/index.php\/wp-json\/wp\/v2\/tags?post=38187"}],"curies":[{"name":"wp","href":"https:\/\/api.w.org\/{rel}","templated":true}]}}