{"id":38189,"date":"2026-08-31T20:02:59","date_gmt":"2026-08-31T23:02:59","guid":{"rendered":"https:\/\/www.eldiarioar.com\/deportes\/seleccion-messi-infinito-remolino-tiempo_1_13478257.html"},"modified":"2026-08-31T20:02:59","modified_gmt":"2026-08-31T23:02:59","slug":"una-seleccion-sin-messi-el-infinito-remolino-del-tiempo","status":"publish","type":"post","link":"https:\/\/nvccatamarca.com\/index.php\/2026\/08\/31\/una-seleccion-sin-messi-el-infinito-remolino-del-tiempo\/","title":{"rendered":"Una Selecci\u00f3n sin Messi: El infinito remolino del tiempo"},"content":{"rendered":"<p class=\"article-text\"> El g\u00e9nero epistolar recibi\u00f3 hoy un homenaje inesperado. Adem\u00e1s de una melancol\u00eda insoportable, la carta de despedida de la Selecci\u00f3n de<a href=\"https:\/\/www.eldiarioar.com\/deportes\/lionel-messi-retiro-seleccion_1_13477584.html\" data-mrf-recirculation=\"links-noticia\" class=\"link\"> Lionel Andr\u00e9s Messi<\/a> nos recuerda que debajo de las interminables capas de genialidad que cubren y elevan al crack rosarino, palpita tambi\u00e9n <strong>el don de la originalidad<\/strong>, uno m\u00e1s entre tantos atributos que lo hacen \u00fanico. <\/p>\n<aside class=\"know-more know-more--with-image\" readability=\"0\"> <a href=\"https:\/\/www.eldiarioar.com\/deportes\/messi-final-seleccion-despide-capitan-cifras-inigualables_1_13477636.html\" data-mrf-recirculation=\"saber-mas\" data-dl-event=\"saber-mas\" readability=\"3\"> <\/p>\n<p class=\"know-more__title\">Messi, el final de una era: la Selecci\u00f3n despide a su capit\u00e1n con cifras inigualables<\/p>\n<picture class=\"know-more__img\"> <!--[if IE 9]><video style=\"display: none;\"><![endif]--><source media=\"(max-width: 767px)\" type=\"image\/webp\" srcset=\"https:\/\/static.eldiario.es\/clip\/a569ccf7-212a-48b5-a682-5901692d1886_16-9-aspect-ratio_50p_0_x1362y316.webp\"><source media=\"(max-width: 767px)\" type=\"image\/jpg\" srcset=\"https:\/\/static.eldiario.es\/clip\/a569ccf7-212a-48b5-a682-5901692d1886_16-9-aspect-ratio_50p_0_x1362y316.jpg\"><source media=\"(min-width: 768px)\" type=\"image\/webp\" srcset=\"https:\/\/static.eldiario.es\/clip\/a569ccf7-212a-48b5-a682-5901692d1886_16-9-aspect-ratio_50p_0_x1362y316.webp\"><source media=\"(min-width: 768px)\" type=\"image\/jpg\" srcset=\"https:\/\/static.eldiario.es\/clip\/a569ccf7-212a-48b5-a682-5901692d1886_16-9-aspect-ratio_50p_0_x1362y316.jpg\"><source type=\"image\/webp\" srcset=\"https:\/\/static.eldiario.es\/clip\/a569ccf7-212a-48b5-a682-5901692d1886_16-9-aspect-ratio_default_0_x1362y316.webp\"><!--[if IE 9]><\/video><![endif]--> <img decoding=\"async\" class=\"lazy\" loading=\"lazy\" src=\"https:\/\/static.eldiario.es\/clip\/a569ccf7-212a-48b5-a682-5901692d1886_16-9-aspect-ratio_default_0_x1362y316.jpg\" alt=\"Messi, el final de una era: la Selecci\u00f3n despide a su capit\u00e1n con cifras inigualables\"> <\/picture> <\/a><br \/>\n<\/aside>\n<p class=\"article-text\"> En pleno siglo XXI, en tiempos de reinado de la IA,<strong> la publicaci\u00f3n de un mensaje escrito con letra imprenta parece un hecho contracultural, sin tiempo. <\/strong> <\/p>\n<p class=\"article-text\"> Esa demostraci\u00f3n de originalidad, una propiedad que se manifest\u00f3 cientos de veces en el campo de juego a trav\u00e9s de decisiones que parec\u00edan romper la Matrix, dialoga con algunos otros \u201cgestos de autor\u201d del pasado, como aquel que le dedic\u00f3 a Diego Maradona en 2020, d\u00edas despu\u00e9s de la muerte del h\u00e9roe de M\u00e9xico. Aquella vez su acto \u2013mostrarle al mundo una camiseta ic\u00f3nica, como la de Newell\u00b4s\u2013 fue pura imagen. No se necesitaron palabras. <\/p>\n<figure> <picture class=\"news-image\"> <!--[if IE 9]><video style=\"display: none;\"><![endif]--><source media=\"(max-width: 576px)\" type=\"image\/webp\" srcset=\"https:\/\/static.eldiario.es\/clip\/16a6f9be-7577-4ace-8852-175806b85749_source-aspect-ratio_50p_0.webp\"><source media=\"(max-width: 576px)\" type=\"image\/jpg\" srcset=\"https:\/\/static.eldiario.es\/clip\/16a6f9be-7577-4ace-8852-175806b85749_source-aspect-ratio_50p_0.jpg\"><source media=\"(max-width: 767px)\" type=\"image\/webp\" srcset=\"https:\/\/static.eldiario.es\/clip\/16a6f9be-7577-4ace-8852-175806b85749_source-aspect-ratio_75p_0.webp\"><source media=\"(max-width: 767px)\" type=\"image\/jpg\" srcset=\"https:\/\/static.eldiario.es\/clip\/16a6f9be-7577-4ace-8852-175806b85749_source-aspect-ratio_75p_0.jpg\"><source media=\"(min-width: 768px)\" type=\"image\/webp\" srcset=\"https:\/\/static.eldiario.es\/clip\/16a6f9be-7577-4ace-8852-175806b85749_source-aspect-ratio_default_0.webp\"><source media=\"(min-width: 768px)\" type=\"image\/jpg\" srcset=\"https:\/\/static.eldiario.es\/clip\/16a6f9be-7577-4ace-8852-175806b85749_source-aspect-ratio_default_0.jpg\"><source type=\"image\/webp\" srcset=\"https:\/\/static.eldiario.es\/clip\/16a6f9be-7577-4ace-8852-175806b85749_source-aspect-ratio_default_0.webp\"><!--[if IE 9]><\/video><![endif]--> <img decoding=\"async\" class=\"lazy\" loading=\"lazy\" src=\"https:\/\/static.eldiario.es\/clip\/16a6f9be-7577-4ace-8852-175806b85749_source-aspect-ratio_default_0.jpg\" alt=\"La carta de despedida de Lionel Messi\"> <\/picture> <\/figure>\n<p class=\"article-text\"> Lo de hoy tuvo algo m\u00e1s. Porque la foto nos muestra la lapicera con la que escribi\u00f3 la carta, lo que no hace m\u00e1s que enfatizar el aspecto artesanal, anacr\u00f3nico o decimon\u00f3nico, de todo el asunto. Pero tambi\u00e9n est\u00e1 el contenido del mensaje. Messi, nos informa all\u00ed, escribi\u00f3 la carta dos d\u00edas despu\u00e9s de la final del \u00faltimo Mundial. Su padre estaba agonizando y \u00e9l hab\u00eda vivido \u2013como todos nosotros\u2013 una exuberante cantidad de est\u00edmulos en los d\u00edas anteriores. Estaba exhausto, como qued\u00f3 claro en la final. Y all\u00ed se produce otra anomal\u00eda, si se quiere, y tiene que ver con algo que \u00e9l tambi\u00e9n se encarga de aclarar: nos cuenta que tuvo la necesidad \u2013la pulsi\u00f3n\u2013 de sentarse a redactar esa carta. <strong>Era un hombre arrasado que necesitaba hacer catarsis.<\/strong> Y lo hizo como lo hace la especie desde que es especie: escribiendo en silencio, cont\u00e1ndolo todo. Un mes despu\u00e9s, nos revela su interior, <strong>una mezcla de despedida pero tambi\u00e9n de homenaje y agradecimiento a la trepidante aventura vivida. <\/strong> <\/p>\n<p class=\"article-text\"> Y all\u00ed nos recuerda que el viaje tuvo de todo, que fue una suerte de melodrama larga duraci\u00f3n, con m\u00e1s alegr\u00edas que tristezas; una serie que dur\u00f3 m\u00e1s de 20 temporadas y que, de tan intensa y apasionante, fue superior a cualquiera de las franquicias de Disney. Tanto que, en su \u00faltima aparici\u00f3n, cuando ya no esper\u00e1bamos demasiado del h\u00e9roe porque ya nos hab\u00eda dado demasiado, <strong>nos ofreci\u00f3 una actuaci\u00f3n \u00e9pica y conmovedora<\/strong>. A los 39 a\u00f1os, ante Inglaterra, el 10 de la Selecci\u00f3n discuti\u00f3 mano a mano con la f\u00edsica del tiempo. <\/p>\n<p class=\"article-text\"> <strong>Lo concreto es que hoy comienza la era post Messi.<\/strong> Todos sab\u00edamos que este d\u00eda estaba cerca, pero no por anunciado duele menos o deja de ser menos crudo. <strong>Lo que emerge es una inevitable sensaci\u00f3n de desamparo.<\/strong> Al menos dos generaciones de argentinos crecieron y salieron al mundo con \u00e9l y han estado acompa\u00f1ados por su aura. Messi ha sido un pilar fundamental en sus vidas, es decir, ha sido quiz\u00e1s lo \u00fanico estable. Otras tres generaciones, las que vivieron bajo el influjo maradoniano, tuvieron la bendici\u00f3n de ver en vida y disfrutar a un genio tan grande como aquel. Entre ambos protagonizaron diez mundiales. Una cima tras otra. <\/p>\n<p class=\"article-text\"> \u201cEl tiempo vuela o no pasa\u201d, es una frase hecha que se repite en algunos pa\u00edses. El genio de Rosario nos recuerda que ambas cosas pueden ser ciertas. Porque estando a su lado, el tiempo no pasaba nunca. Su hechizo parec\u00eda eterno: duraba m\u00e1s que las estaciones, m\u00e1s que los gobiernos, m\u00e1s que las modas. M\u00e1s que el \u00eddolo de tu club, que un matrimonio, que las zapatillas que m\u00e1s te gustaban, que Del Potro, que los veranos con tus amigas.<strong> Messi con la 10 era una parte quintaesencial de nuestras vidas.<\/strong> <\/p>\n<p class=\"article-text\"> Pero tambi\u00e9n el tiempo vuela, y el retiro de Messi nos recuerda que el del calendario es uno de esos asuntos para el que no encontramos respuesta. Pesta\u00f1eamos y terminamos el secundario. O muri\u00f3 un familiar. O nos salieron canas. O aquello que te gustaba, dej\u00f3 de hacerlo. Alguna vez, un Borges crepuscular, respondi\u00f3 en una entrevista: \u201cHay algo que siempre me interes\u00f3 y a\u00fan me aterr\u00f3 desde que yo era ni\u00f1o. Ese algo es el problema del tiempo, la perplejidad del tiempo, el infinito remolino del tiempo\u201d. <\/p>\n<aside class=\"know-more know-more--with-image\" readability=\"0\"> <a href=\"https:\/\/www.eldiarioar.com\/deportes\/futbol\/emotivo-video-messi-anuncio-despedida-seleccion-argentina_1_13477861.html\" data-mrf-recirculation=\"saber-mas-abajo\" data-dl-event=\"saber-mas-abajo\" readability=\"2\"> <\/p>\n<p class=\"know-more__title\">El emotivo video con el que Messi anunci\u00f3 su despedida de la Selecci\u00f3n argentina\n<\/p>\n<picture class=\"know-more__img\"> <!--[if IE 9]><video style=\"display: none;\"><![endif]--><source media=\"(max-width: 767px)\" type=\"image\/webp\" srcset=\"https:\/\/static.eldiario.es\/clip\/301cc971-7014-413c-b7ff-cd5584ad4c82_16-9-aspect-ratio_50p_0_x1110y258.webp\"><source media=\"(max-width: 767px)\" type=\"image\/jpg\" srcset=\"https:\/\/static.eldiario.es\/clip\/301cc971-7014-413c-b7ff-cd5584ad4c82_16-9-aspect-ratio_50p_0_x1110y258.jpg\"><source media=\"(min-width: 768px)\" type=\"image\/webp\" srcset=\"https:\/\/static.eldiario.es\/clip\/301cc971-7014-413c-b7ff-cd5584ad4c82_16-9-aspect-ratio_50p_0_x1110y258.webp\"><source media=\"(min-width: 768px)\" type=\"image\/jpg\" srcset=\"https:\/\/static.eldiario.es\/clip\/301cc971-7014-413c-b7ff-cd5584ad4c82_16-9-aspect-ratio_50p_0_x1110y258.jpg\"><source type=\"image\/webp\" srcset=\"https:\/\/static.eldiario.es\/clip\/301cc971-7014-413c-b7ff-cd5584ad4c82_16-9-aspect-ratio_default_0_x1110y258.webp\"><!--[if IE 9]><\/video><![endif]--> <img decoding=\"async\" class=\"lazy\" loading=\"lazy\" src=\"https:\/\/static.eldiario.es\/clip\/301cc971-7014-413c-b7ff-cd5584ad4c82_16-9-aspect-ratio_default_0_x1110y258.jpg\" alt=\"El emotivo video con el que Messi anunci\u00f3 su despedida de la Selecci\u00f3n argentina\"> <\/picture> <\/a><br \/>\n<\/aside>\n<p class=\"article-text\"> <em>PP\/MG<\/em> <\/p>\n","protected":false},"excerpt":{"rendered":"<p>El g\u00e9nero epistolar recibi\u00f3 hoy un homenaje inesperado. Adem\u00e1s de una melancol\u00eda insoportable, la carta de despedida de la Selecci\u00f3n de Lionel Andr\u00e9s Messi nos recuerda que debajo de las interminables capas de genialidad que cubren y elevan al crack rosarino, palpita tambi\u00e9n el don de la originalidad, uno m\u00e1s entre tantos atributos que lo [&hellip;]<\/p>\n","protected":false},"author":1,"featured_media":38190,"comment_status":"closed","ping_status":"closed","sticky":false,"template":"","format":"standard","meta":{"footnotes":""},"categories":[123],"tags":[],"class_list":["post-38189","post","type-post","status-publish","format-standard","has-post-thumbnail","hentry","category-nacionales"],"_links":{"self":[{"href":"https:\/\/nvccatamarca.com\/index.php\/wp-json\/wp\/v2\/posts\/38189","targetHints":{"allow":["GET"]}}],"collection":[{"href":"https:\/\/nvccatamarca.com\/index.php\/wp-json\/wp\/v2\/posts"}],"about":[{"href":"https:\/\/nvccatamarca.com\/index.php\/wp-json\/wp\/v2\/types\/post"}],"author":[{"embeddable":true,"href":"https:\/\/nvccatamarca.com\/index.php\/wp-json\/wp\/v2\/users\/1"}],"replies":[{"embeddable":true,"href":"https:\/\/nvccatamarca.com\/index.php\/wp-json\/wp\/v2\/comments?post=38189"}],"version-history":[{"count":0,"href":"https:\/\/nvccatamarca.com\/index.php\/wp-json\/wp\/v2\/posts\/38189\/revisions"}],"wp:featuredmedia":[{"embeddable":true,"href":"https:\/\/nvccatamarca.com\/index.php\/wp-json\/wp\/v2\/media\/38190"}],"wp:attachment":[{"href":"https:\/\/nvccatamarca.com\/index.php\/wp-json\/wp\/v2\/media?parent=38189"}],"wp:term":[{"taxonomy":"category","embeddable":true,"href":"https:\/\/nvccatamarca.com\/index.php\/wp-json\/wp\/v2\/categories?post=38189"},{"taxonomy":"post_tag","embeddable":true,"href":"https:\/\/nvccatamarca.com\/index.php\/wp-json\/wp\/v2\/tags?post=38189"}],"curies":[{"name":"wp","href":"https:\/\/api.w.org\/{rel}","templated":true}]}}