{"id":38191,"date":"2026-08-31T21:06:32","date_gmt":"2026-09-01T00:06:32","guid":{"rendered":"https:\/\/www.eldiarioar.com\/deportes\/companeros-messi-despidieron-capitan-vas-seleccion-legado-sera-eterno_1_13478279.html"},"modified":"2026-08-31T21:06:32","modified_gmt":"2026-09-01T00:06:32","slug":"los-companeros-de-messi-despidieron-al-capitan-te-vas-de-la-seleccion-pero-tu-legado-sera-eterno","status":"publish","type":"post","link":"https:\/\/nvccatamarca.com\/index.php\/2026\/08\/31\/los-companeros-de-messi-despidieron-al-capitan-te-vas-de-la-seleccion-pero-tu-legado-sera-eterno\/","title":{"rendered":"Los compa\u00f1eros de Messi despidieron al capit\u00e1n: \u201cTe vas de la Selecci\u00f3n, pero tu legado ser\u00e1 eterno\u201d"},"content":{"rendered":"<div><img decoding=\"async\" src=\"https:\/\/static.eldiario.es\/clip\/bc95f7e6-faa8-4e2d-80e6-482eefdca143_facebook-eldiarioar-watermarked-aspect-ratio-1200-675_default_0_x784y755.jpg\" class=\"ff-og-image-inserted\"><\/div>\n<p class=\"article-text\"> El anuncio del retiro de <strong>Lionel Messi de la Selecci\u00f3n Argentina<\/strong> provoc\u00f3 una inmediata ola de mensajes entre sus compa\u00f1eros. Los futbolistas que compartieron con \u00e9l los \u00faltimos a\u00f1os no se limitaron a despedir al capit\u00e1n que llev\u00f3 al equipo a conquistar los principales t\u00edtulos: eligieron destacar tambi\u00e9n al l\u00edder, al compa\u00f1ero y a la persona detr\u00e1s del futbolista. <\/p>\n<p class=\"article-text\"> Uno de los primeros en reaccionar fue <strong>Rodrigo De Paul<\/strong>, uno de los jugadores m\u00e1s cercanos a Messi dentro del plantel. Su mensaje estuvo atravesado por el agradecimiento y por el reconocimiento a la relaci\u00f3n del rosarino con la camiseta argentina. <\/p>\n<p class=\"article-text\"> De Paul destac\u00f3 \u201ctu amor incondicional por nuestro pa\u00eds\u201d, sus \u201cbatallas internas para nunca abandonar\u201d y \u201ctu fortaleza para siempre aguantar las injusticias\u201d. Tambi\u00e9n record\u00f3 el trato que Messi ten\u00eda con sus compa\u00f1eros y con los trabajadores de la Selecci\u00f3n. <\/p>\n<p class=\"article-text\"> \u201cSolo gracias, <strong>el m\u00e1s grande de toda la historia<\/strong>, gracias por hacernos tan pero tan felices\u201d, escribi\u00f3. <\/p>\n<h2 class=\"article-text\">La Selecci\u00f3n que se queda sin su 10<\/h2>\n<p class=\"article-text\"> <strong>Enzo Fern\u00e1ndez<\/strong> eligi\u00f3 una extensa carta y puso en palabras una de las escenas m\u00e1s dif\u00edciles de imaginar para quienes compartieron esta generaci\u00f3n: una concentraci\u00f3n sin Messi. <\/p>\n<p class=\"article-text\"> \u201c<strong>Hoy me cuesta imaginar la pr\u00f3xima concentraci\u00f3n sin vos. Salir a la cancha y no verte adelante, con la 10<\/strong>\u201d, escribi\u00f3. <\/p>\n<p class=\"article-text\"> Leandro Paredes fue m\u00e1s breve: \u201cGracias por absolutamente todo. Sos y ser\u00e1s siempre el m\u00e1s grande de todos. Te amamos, capit\u00e1n\u201d. <\/p>\n<p class=\"article-text\"> <strong>Lautaro Mart\u00ednez<\/strong>, en cambio, reconstruy\u00f3 en una larga publicaci\u00f3n los a\u00f1os compartidos con Messi. \u201cDel primer abrazo, al \u00faltimo\u201d, escribi\u00f3, antes de remarcar que el legado del capit\u00e1n excede sus goles, asistencias y t\u00edtulos. <\/p>\n<p class=\"article-text\"> \u201cMe quedo con todo lo que nos ense\u00f1aste afuera, a no rendirnos, a seguir intentando despu\u00e9s de cada golpe, a trabajar en silencio y sobre todo, a creer siempre en nosotros\u201d, se\u00f1al\u00f3. <\/p>\n<p class=\"article-text\"> Para el delantero, <strong>el liderazgo de Messi estuvo tambi\u00e9n en el ejemplo<\/strong>: \u201cNos dejaste ense\u00f1anzas que vamos a llevar con nosotros toda la vida\u201d. <\/p>\n<h2 class=\"article-text\">\u201cNunca quisimos aceptar que este d\u00eda iba a llegar\u201d<\/h2>\n<p class=\"article-text\"> <strong>Lisandro Mart\u00ednez<\/strong> tambi\u00e9n eligi\u00f3 una carta para despedir al capit\u00e1n. \u201cSab\u00edamos que este d\u00eda iba a llegar\u2026 pero en el fondo nunca quisimos aceptarlo\u201d, escribi\u00f3. <\/p>\n<p class=\"article-text\"> El defensor record\u00f3 las victorias, las concentraciones, las risas y tambi\u00e9n los momentos dif\u00edciles que atraves\u00f3 el grupo. \u201cTu grandeza no fue solo dentro de la cancha, fen\u00f3meno. Fue en cada gesto, en cada palabra, en cada ejemplo\u201d, sostuvo. <\/p>\n<p class=\"article-text\"> Mart\u00ednez tambi\u00e9n agradeci\u00f3 las ense\u00f1anzas que Messi dej\u00f3 en el grupo: \u201cNos ense\u00f1aste que las acciones valen mucho m\u00e1s que las palabras, a competir, a creer, a no bajar los brazos nunca y a representar a la Selecci\u00f3n Argentina como se debe\u201d. <\/p>\n<p class=\"article-text\"> En otro mensaje, resumi\u00f3 la dimensi\u00f3n personal del v\u00ednculo: \u201c<strong>Mi hija va a estar muy orgullosa de que su padre comparti\u00f3 equipo con un ser humano extraordinario<\/strong>\u201d. <\/p>\n<p class=\"article-text\"> <strong>Cuti Romero<\/strong> escribi\u00f3: \u201cTe quiero, te admiro y te voy a estar siempre agradecido por todo lo que dejaste en m\u00ed y por nuestro pa\u00eds. Gracias por tanto, capit\u00e1n\u201d. <\/p>\n<p class=\"article-text\"> Nicol\u00e1s Tagliafico comparti\u00f3 una fotograf\u00eda junto a Messi con un mensaje breve: \u201cGracias eternas\u201d. <strong>Giovani Lo Celso<\/strong> tambi\u00e9n eligi\u00f3 destacar su legado: \u201cTu legado ser\u00e1 eterno. Gracias por ense\u00f1arnos tanto y guiarnos en este camino tanto dentro como fuera de la cancha\u201d. <\/p>\n<h2 class=\"article-text\">\u201cTuvimos el privilegio de vivir en la \u00e9poca de Messi\u201d<\/h2>\n<p class=\"article-text\"> El presidente de la AFA, <strong>Claudio \u201cChiqui\u201d Tapia<\/strong>, tambi\u00e9n public\u00f3 una extensa carta dedicada al capit\u00e1n. \u201cEl capit\u00e1n de nuestros sue\u00f1os. Ese pibe, esa Pulga, ese extraterrestre que hizo posible lo que tantas veces parec\u00eda imposible\u201d, escribi\u00f3. <\/p>\n<p class=\"article-text\"> Tapia destac\u00f3 al \u201ccompa\u00f1ero\u201d, al \u201cl\u00edder\u201d, al \u201cprofesional\u201d y al \u201camigo\u201d, y record\u00f3 que Messi volvi\u00f3 una y otra vez a elegir la camiseta argentina incluso despu\u00e9s de los momentos m\u00e1s dif\u00edciles. <\/p>\n<p class=\"article-text\"> \u201cNos hiciste creer en la magia, Leo\u201d, escribi\u00f3 el dirigente. <\/p>\n<p class=\"article-text\"> Su despedida termin\u00f3 con una frase que resume el sentimiento que atraves\u00f3 buena parte de los mensajes de sus compa\u00f1eros: \u201cEl f\u00fatbol contar\u00e1 tu historia con goles, r\u00e9cords y copas. <strong>Nosotros la vamos a contar de otra manera: diciendo que tuvimos el privilegio de vivir en la \u00e9poca de Lionel Messi<\/strong>\u201d. <\/p>\n<p class=\"article-text\"> El retiro anunciado por el rosarino cierra una etapa marcada por la <strong>Copa Am\u00e9rica de 2021, el Mundial de 2022 y la Copa Am\u00e9rica de 2024<\/strong>. Pero para quienes compartieron el vestuario con \u00e9l, la despedida tambi\u00e9n significa algo m\u00e1s sencillo y m\u00e1s dif\u00edcil de reemplazar: la pr\u00f3xima concentraci\u00f3n ser\u00e1 la primera en muchos a\u00f1os en la que ya no estar\u00e1 el 10. <\/p>\n","protected":false},"excerpt":{"rendered":"<p>El anuncio del retiro de Lionel Messi de la Selecci\u00f3n Argentina provoc\u00f3 una inmediata ola de mensajes entre sus compa\u00f1eros. Los futbolistas que compartieron con \u00e9l los \u00faltimos a\u00f1os no se limitaron a despedir al capit\u00e1n que llev\u00f3 al equipo a conquistar los principales t\u00edtulos: eligieron destacar tambi\u00e9n al l\u00edder, al compa\u00f1ero y a la [&hellip;]<\/p>\n","protected":false},"author":1,"featured_media":38192,"comment_status":"closed","ping_status":"closed","sticky":false,"template":"","format":"standard","meta":{"footnotes":""},"categories":[123],"tags":[],"class_list":["post-38191","post","type-post","status-publish","format-standard","has-post-thumbnail","hentry","category-nacionales"],"_links":{"self":[{"href":"https:\/\/nvccatamarca.com\/index.php\/wp-json\/wp\/v2\/posts\/38191","targetHints":{"allow":["GET"]}}],"collection":[{"href":"https:\/\/nvccatamarca.com\/index.php\/wp-json\/wp\/v2\/posts"}],"about":[{"href":"https:\/\/nvccatamarca.com\/index.php\/wp-json\/wp\/v2\/types\/post"}],"author":[{"embeddable":true,"href":"https:\/\/nvccatamarca.com\/index.php\/wp-json\/wp\/v2\/users\/1"}],"replies":[{"embeddable":true,"href":"https:\/\/nvccatamarca.com\/index.php\/wp-json\/wp\/v2\/comments?post=38191"}],"version-history":[{"count":0,"href":"https:\/\/nvccatamarca.com\/index.php\/wp-json\/wp\/v2\/posts\/38191\/revisions"}],"wp:featuredmedia":[{"embeddable":true,"href":"https:\/\/nvccatamarca.com\/index.php\/wp-json\/wp\/v2\/media\/38192"}],"wp:attachment":[{"href":"https:\/\/nvccatamarca.com\/index.php\/wp-json\/wp\/v2\/media?parent=38191"}],"wp:term":[{"taxonomy":"category","embeddable":true,"href":"https:\/\/nvccatamarca.com\/index.php\/wp-json\/wp\/v2\/categories?post=38191"},{"taxonomy":"post_tag","embeddable":true,"href":"https:\/\/nvccatamarca.com\/index.php\/wp-json\/wp\/v2\/tags?post=38191"}],"curies":[{"name":"wp","href":"https:\/\/api.w.org\/{rel}","templated":true}]}}