{"id":38193,"date":"2026-08-31T19:59:33","date_gmt":"2026-08-31T22:59:33","guid":{"rendered":"https:\/\/airevision.com.ar\/?p=187189"},"modified":"2026-09-01T21:07:03","modified_gmt":"2026-09-02T00:07:03","slug":"el-sistema-educativo-municipal-fortalece-la-articulacion-entre-primaria-y-secundaria-con-una-nueva-edicion-de-puentes","status":"publish","type":"post","link":"https:\/\/nvccatamarca.com\/index.php\/2026\/08\/31\/el-sistema-educativo-municipal-fortalece-la-articulacion-entre-primaria-y-secundaria-con-una-nueva-edicion-de-puentes\/","title":{"rendered":"El Sistema Educativo Municipal fortalece la articulaci\u00f3n entre Primaria y Secundaria con una nueva edici\u00f3n de \u201cPuentes\u201d"},"content":{"rendered":"<div class=\"td-post-featured-image\"><a href=\"https:\/\/airevision.com.ar\/wp-content\/uploads\/2026\/08\/IMG-20260831-WA0012.jpg\" data-caption=\"\"><img loading=\"lazy\" decoding=\"async\" class=\"entry-thumb td-modal-image\" title=\"IMG-20260831-WA0012\" src=\"https:\/\/airevision.com.ar\/wp-content\/uploads\/2026\/08\/IMG-20260831-WA0012-696x457.jpg\" srcset=\"https:\/\/airevision.com.ar\/wp-content\/uploads\/2026\/08\/IMG-20260831-WA0012-696x457.jpg 696w, https:\/\/airevision.com.ar\/wp-content\/uploads\/2026\/08\/IMG-20260831-WA0012-300x197.jpg 300w, https:\/\/airevision.com.ar\/wp-content\/uploads\/2026\/08\/IMG-20260831-WA0012-1024x672.jpg 1024w, https:\/\/airevision.com.ar\/wp-content\/uploads\/2026\/08\/IMG-20260831-WA0012-768x504.jpg 768w, https:\/\/airevision.com.ar\/wp-content\/uploads\/2026\/08\/IMG-20260831-WA0012-150x98.jpg 150w, https:\/\/airevision.com.ar\/wp-content\/uploads\/2026\/08\/IMG-20260831-WA0012-1068x701.jpg 1068w, https:\/\/airevision.com.ar\/wp-content\/uploads\/2026\/08\/IMG-20260831-WA0012.jpg 1280w\" alt=\"\" width=\"696\" height=\"457\" data-lazyloaded=\"1\" data-sizes=\"(max-width: 696px) 100vw, 696px\" \/><\/a><\/div>\n<p>La propuesta est\u00e1 destinada a estudiantes de 6\u00ba grado del Sistema Educativo Municipal y busca acompa\u00f1ar su transici\u00f3n hacia el nivel secundario mediante actividades de recuperaci\u00f3n, integraci\u00f3n y fortalecimiento de aprendizajes.<\/p>\n<p>La Direcci\u00f3n General de Educaci\u00f3n, dependiente de la Secretar\u00eda de Educaci\u00f3n y Cultura de la Municipalidad de la Capital, a trav\u00e9s del Equipo T\u00e9cnico de Fortalecimiento Pedag\u00f3gico, reedit\u00f3 y comenz\u00f3 la entrega del cuadernillo \u201cPuentes: Entre Primaria y Secundaria\u201d, una herramienta pedag\u00f3gica destinada a estudiantes de 6\u00ba grado del Sistema Educativo Municipal (SEM) que pr\u00f3ximamente iniciar\u00e1n 1\u00ba a\u00f1o del nivel secundario.<\/p>\n<p>El paso de la escuela primaria a la secundaria constituye uno de los momentos m\u00e1s significativos de la trayectoria escolar. Implica nuevos espacios, din\u00e1micas, desaf\u00edos y experiencias que requieren un acompa\u00f1amiento integral. En este marco, \u201cPuentes\u201d fue pensado para favorecer una articulaci\u00f3n progresiva entre ambos niveles, fortaleciendo la continuidad de los procesos de ense\u00f1anza y aprendizaje.<\/p>\n<p>A trav\u00e9s de diferentes propuestas y actividades de revisi\u00f3n, reflexi\u00f3n y resoluci\u00f3n, el cuadernillo busca recuperar y consolidar aprendizajes fundamentales adquiridos durante la primaria, al tiempo que promueve la autonom\u00eda, la confianza y el desarrollo de herramientas que permitan a los estudiantes desenvolverse con mayor seguridad frente a los nuevos escenarios escolares.<\/p>\n<p>La elaboraci\u00f3n de la propuesta cont\u00f3 con el trabajo conjunto de equipos docentes de las escuelas primarias y secundarias del Sistema Educativo Municipal, articulados por el equipo t\u00e9cnico pedag\u00f3gico, con el prop\u00f3sito de acompa\u00f1ar las trayectorias estudiantiles desde una mirada integral y generar continuidad entre las distintas etapas de formaci\u00f3n.<\/p>\n<p>De esta manera, \u201cPuentes\u201d trasciende su funci\u00f3n como material de actividades y se constituye en una herramienta de acompa\u00f1amiento pedag\u00f3gico que reconoce los aprendizajes construidos durante la primaria y los transforma en un punto de partida para la etapa que comienza. Educar tambi\u00e9n implica acompa\u00f1ar los cambios, sostener las trayectorias y brindar a cada estudiante las herramientas necesarias para animarse a cruzar nuevos puentes.<\/p>\n","protected":false},"excerpt":{"rendered":"<p>La propuesta est\u00e1 destinada a estudiantes de 6\u00ba grado del Sistema Educativo Municipal y busca acompa\u00f1ar su transici\u00f3n hacia el nivel secundario mediante actividades de recuperaci\u00f3n, integraci\u00f3n y fortalecimiento de aprendizajes. La Direcci\u00f3n General de Educaci\u00f3n, dependiente de la Secretar\u00eda de Educaci\u00f3n y Cultura de la Municipalidad de la Capital, a trav\u00e9s del Equipo T\u00e9cnico [&hellip;]<\/p>\n","protected":false},"author":1,"featured_media":38194,"comment_status":"open","ping_status":"closed","sticky":false,"template":"","format":"standard","meta":{"footnotes":""},"categories":[118],"tags":[],"class_list":["post-38193","post","type-post","status-publish","format-standard","has-post-thumbnail","hentry","category-provincia"],"_links":{"self":[{"href":"https:\/\/nvccatamarca.com\/index.php\/wp-json\/wp\/v2\/posts\/38193","targetHints":{"allow":["GET"]}}],"collection":[{"href":"https:\/\/nvccatamarca.com\/index.php\/wp-json\/wp\/v2\/posts"}],"about":[{"href":"https:\/\/nvccatamarca.com\/index.php\/wp-json\/wp\/v2\/types\/post"}],"author":[{"embeddable":true,"href":"https:\/\/nvccatamarca.com\/index.php\/wp-json\/wp\/v2\/users\/1"}],"replies":[{"embeddable":true,"href":"https:\/\/nvccatamarca.com\/index.php\/wp-json\/wp\/v2\/comments?post=38193"}],"version-history":[{"count":1,"href":"https:\/\/nvccatamarca.com\/index.php\/wp-json\/wp\/v2\/posts\/38193\/revisions"}],"predecessor-version":[{"id":38211,"href":"https:\/\/nvccatamarca.com\/index.php\/wp-json\/wp\/v2\/posts\/38193\/revisions\/38211"}],"wp:featuredmedia":[{"embeddable":true,"href":"https:\/\/nvccatamarca.com\/index.php\/wp-json\/wp\/v2\/media\/38194"}],"wp:attachment":[{"href":"https:\/\/nvccatamarca.com\/index.php\/wp-json\/wp\/v2\/media?parent=38193"}],"wp:term":[{"taxonomy":"category","embeddable":true,"href":"https:\/\/nvccatamarca.com\/index.php\/wp-json\/wp\/v2\/categories?post=38193"},{"taxonomy":"post_tag","embeddable":true,"href":"https:\/\/nvccatamarca.com\/index.php\/wp-json\/wp\/v2\/tags?post=38193"}],"curies":[{"name":"wp","href":"https:\/\/api.w.org\/{rel}","templated":true}]}}