{"id":38195,"date":"2026-08-31T18:03:03","date_gmt":"2026-08-31T21:03:03","guid":{"rendered":"https:\/\/airevision.com.ar\/?p=187178"},"modified":"2026-09-01T21:22:06","modified_gmt":"2026-09-02T00:22:06","slug":"osep-realizara-una-jornada-de-actualizacion-sobre-leucemias-agudas-en-catamarca","status":"publish","type":"post","link":"https:\/\/nvccatamarca.com\/index.php\/2026\/08\/31\/osep-realizara-una-jornada-de-actualizacion-sobre-leucemias-agudas-en-catamarca\/","title":{"rendered":"OSEP realizar\u00e1 una jornada de actualizaci\u00f3n sobre leucemias agudas en Catamarca"},"content":{"rendered":"<div class=\"td-post-featured-image\"><a href=\"https:\/\/airevision.com.ar\/wp-content\/uploads\/2026\/08\/c5991000-1a97-4233-83ea-d82094800b0d.jpeg\" data-caption=\"\"><img loading=\"lazy\" decoding=\"async\" class=\"entry-thumb td-modal-image\" title=\"c5991000-1a97-4233-83ea-d82094800b0d\" src=\"https:\/\/airevision.com.ar\/wp-content\/uploads\/2026\/08\/c5991000-1a97-4233-83ea-d82094800b0d-696x464.jpeg\" srcset=\"https:\/\/airevision.com.ar\/wp-content\/uploads\/2026\/08\/c5991000-1a97-4233-83ea-d82094800b0d-696x464.jpeg 696w, https:\/\/airevision.com.ar\/wp-content\/uploads\/2026\/08\/c5991000-1a97-4233-83ea-d82094800b0d-300x200.jpeg 300w, https:\/\/airevision.com.ar\/wp-content\/uploads\/2026\/08\/c5991000-1a97-4233-83ea-d82094800b0d-1024x682.jpeg 1024w, https:\/\/airevision.com.ar\/wp-content\/uploads\/2026\/08\/c5991000-1a97-4233-83ea-d82094800b0d-768x512.jpeg 768w, https:\/\/airevision.com.ar\/wp-content\/uploads\/2026\/08\/c5991000-1a97-4233-83ea-d82094800b0d-1536x1023.jpeg 1536w, https:\/\/airevision.com.ar\/wp-content\/uploads\/2026\/08\/c5991000-1a97-4233-83ea-d82094800b0d-150x100.jpeg 150w, https:\/\/airevision.com.ar\/wp-content\/uploads\/2026\/08\/c5991000-1a97-4233-83ea-d82094800b0d-1068x712.jpeg 1068w, https:\/\/airevision.com.ar\/wp-content\/uploads\/2026\/08\/c5991000-1a97-4233-83ea-d82094800b0d.jpeg 1600w\" alt=\"\" width=\"696\" height=\"464\" data-lazyloaded=\"1\" data-sizes=\"(max-width: 696px) 100vw, 696px\" \/><\/a><\/div>\n<p><em>La actividad se realizar\u00e1 este viernes 4 de septiembre en la sede del C\u00edrculo M\u00e9dico de Catamarca y contar\u00e1 con la participaci\u00f3n de especialistas en leucemias agudas del Hospital Privado de C\u00f3rdoba.<\/em><\/p>\n<p>La Obra Social de los Empleados P\u00fablicos (OSEP), junto al Hospital Privado de C\u00f3rdoba, llevar\u00e1 adelante este viernes 4 de septiembre la Jornada de Actualizaci\u00f3n en Oncohematolog\u00eda \u201cManejo actual de las leucemias agudas en pediatr\u00eda y adultos\u201d, destinada a m\u00e9dicos y profesionales de la salud. La actividad se desarrollar\u00e1 de 8.30 a 12.30 horas en la sede del C\u00edrculo M\u00e9dico de Catamarca, ubicada en avenida Hip\u00f3lito Yrigoyen 1233.<\/p>\n<p>La propuesta busca generar un espacio de formaci\u00f3n e intercambio profesional en torno a los avances en el diagn\u00f3stico, tratamiento y abordaje integral de las leucemias agudas, tanto en pacientes pedi\u00e1tricos como adultos. Para ello, la jornada contar\u00e1 con la participaci\u00f3n de integrantes del staff del Servicio de Oncolog\u00eda y Hematolog\u00eda del Hospital Privado de C\u00f3rdoba.<\/p>\n<p>Entre los disertantes estar\u00e1 el Dr. Carlos Hern\u00e1n Hollmann, especialista en Oncolog\u00eda Pedi\u00e1trica y Hematolog\u00eda Pedi\u00e1trica, quien abordar\u00e1 los resultados actuales en el tratamiento de las leucemias pedi\u00e1tricas, el manejo de las complicaciones m\u00e1s frecuentes y la importancia del trabajo de los equipos multidisciplinarios.<\/p>\n<p>Tambi\u00e9n participar\u00e1 la Dra. Ana Romina Montivero, especialista en Medicina Interna y Hematolog\u00eda, junto a la Dra. Ana Lisa Basquiera, especialista en Oncolog\u00eda y Hematolog\u00eda. Durante este segmento se profundizar\u00e1 en el abordaje de las leucemias en pacientes adultos, los tratamientos adaptados seg\u00fan la edad y el riesgo, el soporte intensivo y la importancia del laboratorio especializado.<\/p>\n<p>La jornada comenzar\u00e1 a las 8.30 horas con la acreditaci\u00f3n de los asistentes, mientras que a las 9 se realizar\u00e1 la bienvenida y presentaci\u00f3n. Las exposiciones sobre leucemias pedi\u00e1tricas se desarrollar\u00e1n desde las 9.15 hasta las 10.30 y, luego de un intervalo, entre las 10.45 y las 12 se abordar\u00e1 el tratamiento de las leucemias en adultos.<\/p>\n<p>Finalmente, de 12 a 12.30 horas, los especialistas desarrollar\u00e1n un espacio dedicado a analizar qu\u00e9 pacientes pedi\u00e1tricos y adultos requieren un trasplante, completando un recorrido por diferentes instancias del abordaje actual de estas patolog\u00edas.<\/p>\n<p>La actividad es organizada por OSEP y el Hospital Privado de C\u00f3rdoba, con el auspicio del C\u00edrculo M\u00e9dico de Catamarca. La participaci\u00f3n ser\u00e1 gratuita y se entregar\u00e1n certificados a los integrantes de la comunidad m\u00e9dica que asistan a la jornada.<\/p>\n<p>Con esta propuesta, OSEP contin\u00faa promoviendo espacios de capacitaci\u00f3n y actualizaci\u00f3n profesional y fortaleciendo la articulaci\u00f3n con instituciones m\u00e9dicas de referencia, con el objetivo de favorecer el intercambio de conocimientos y experiencias sobre patolog\u00edas que requieren abordajes especializados y de alta complejidad.<\/p>\n","protected":false},"excerpt":{"rendered":"<p>La actividad se realizar\u00e1 este viernes 4 de septiembre en la sede del C\u00edrculo M\u00e9dico de Catamarca y contar\u00e1 con la participaci\u00f3n de especialistas en leucemias agudas del Hospital Privado de C\u00f3rdoba. La Obra Social de los Empleados P\u00fablicos (OSEP), junto al Hospital Privado de C\u00f3rdoba, llevar\u00e1 adelante este viernes 4 de septiembre la Jornada [&hellip;]<\/p>\n","protected":false},"author":1,"featured_media":38196,"comment_status":"open","ping_status":"closed","sticky":false,"template":"","format":"standard","meta":{"footnotes":""},"categories":[118],"tags":[],"class_list":["post-38195","post","type-post","status-publish","format-standard","has-post-thumbnail","hentry","category-provincia"],"_links":{"self":[{"href":"https:\/\/nvccatamarca.com\/index.php\/wp-json\/wp\/v2\/posts\/38195","targetHints":{"allow":["GET"]}}],"collection":[{"href":"https:\/\/nvccatamarca.com\/index.php\/wp-json\/wp\/v2\/posts"}],"about":[{"href":"https:\/\/nvccatamarca.com\/index.php\/wp-json\/wp\/v2\/types\/post"}],"author":[{"embeddable":true,"href":"https:\/\/nvccatamarca.com\/index.php\/wp-json\/wp\/v2\/users\/1"}],"replies":[{"embeddable":true,"href":"https:\/\/nvccatamarca.com\/index.php\/wp-json\/wp\/v2\/comments?post=38195"}],"version-history":[{"count":1,"href":"https:\/\/nvccatamarca.com\/index.php\/wp-json\/wp\/v2\/posts\/38195\/revisions"}],"predecessor-version":[{"id":38212,"href":"https:\/\/nvccatamarca.com\/index.php\/wp-json\/wp\/v2\/posts\/38195\/revisions\/38212"}],"wp:featuredmedia":[{"embeddable":true,"href":"https:\/\/nvccatamarca.com\/index.php\/wp-json\/wp\/v2\/media\/38196"}],"wp:attachment":[{"href":"https:\/\/nvccatamarca.com\/index.php\/wp-json\/wp\/v2\/media?parent=38195"}],"wp:term":[{"taxonomy":"category","embeddable":true,"href":"https:\/\/nvccatamarca.com\/index.php\/wp-json\/wp\/v2\/categories?post=38195"},{"taxonomy":"post_tag","embeddable":true,"href":"https:\/\/nvccatamarca.com\/index.php\/wp-json\/wp\/v2\/tags?post=38195"}],"curies":[{"name":"wp","href":"https:\/\/api.w.org\/{rel}","templated":true}]}}