{"id":38200,"date":"2026-08-31T17:57:08","date_gmt":"2026-08-31T20:57:08","guid":{"rendered":"https:\/\/informe24catamarca.net\/?p=66666"},"modified":"2026-08-31T17:57:08","modified_gmt":"2026-08-31T20:57:08","slug":"lionel-messi-se-retiro-de-la-seleccion-argentina","status":"publish","type":"post","link":"https:\/\/nvccatamarca.com\/index.php\/2026\/08\/31\/lionel-messi-se-retiro-de-la-seleccion-argentina\/","title":{"rendered":"Lionel Messi se retir\u00f3 de la Selecci\u00f3n Argentina"},"content":{"rendered":"<p>Lionel Messi anunci\u00f3 su retiro de la Selecci\u00f3n Argentina. El capit\u00e1n public\u00f3 un emotivo mensaje de despedida en sus redes sociales.<\/p>\n<p id=\"p-1788188870615-36654\">A trav\u00e9s de su cuenta oficial de Instagram,<strong><a href=\"http:\/\/informe24catamarca.net\" target=\"_blank\" rel=\"noreferrer noopener\">\u00a0Lionel Messi\u00a0<\/a>comunic\u00f3 la noticia m\u00e1s triste para todos los fan\u00e1ticos del f\u00fatbol mundial<\/strong>. El hist\u00f3rico capit\u00e1n confirm\u00f3 que no volver\u00e1 a vestir la camiseta de la Selecci\u00f3n Argentina, asegurando que es una decisi\u00f3n que le duele profundamente en el alma.<\/p>\n<h2 class=\"wp-block-heading\" id=\"p-1788188870615-60012\">El doloroso adi\u00f3s de Lionel&nbsp;<strong>Messi<\/strong>&nbsp;a la&nbsp;<strong>Selecci\u00f3n Argentina<\/strong><\/h2>\n<figure class=\"wp-block-image\"><img decoding=\"async\" src=\"https:\/\/media.minutouno.com\/p\/a5664024d911aad1f77837ac304bdbe9\/adjuntos\/150\/imagenes\/043\/613\/0043613905\/610x0\/smart\/image.png\" alt=\"\" title=\"\"\/><\/figure>\n<p id=\"p-1788188870615-61943\">El astro rosarino explic\u00f3 en su publicaci\u00f3n que el emotivo texto hab\u00eda sido escrito el 21 de julio, tan solo dos d\u00edas despu\u00e9s de haberse consagrado en la \u00faltima final disputada. Sin embargo, una situaci\u00f3n familiar reciente lo impuls\u00f3 a ratificar definitivamente su postura:&nbsp;<strong>\u00abHoy despu\u00e9s de lo de mi pap\u00e1, estoy m\u00e1s convencido que antes\u00bb<\/strong>, sentenci\u00f3 el capit\u00e1n.<\/p>\n<p id=\"p-1788188870615-41668\">En su extensa carta, el \u00eddolo agradeci\u00f3 el apoyo incondicional recibido durante estas dos d\u00e9cadas representando al pa\u00eds.&nbsp;<strong>\u00abMe vaci\u00e9, ya no tengo m\u00e1s para dar y aparte vienen chicos muy grandes atr\u00e1s que merecen estar\u00bb<\/strong>, reflexion\u00f3 con total sinceridad, dejando claro que considera que su ciclo est\u00e1 completamente cumplido.<\/p>\n<p id=\"p-1788188870615-54722\">Para cerrar, destac\u00f3 su amor inquebrantable por los colores celeste y blanco, agradeciendo a sus compa\u00f1eros, entrenadores y dirigentes con los que comparti\u00f3 plantel. Prometi\u00f3, adem\u00e1s, alentar al equipo como un hincha m\u00e1s desde afuera:&nbsp;<strong>\u00abMe voy con la tranquilidad y el orgullo de haberles regalado momentos so\u00f1ados. Gracias Dios por hacerme argentino\u00bb<\/strong>.<\/p>\n<p>La entrada <a href=\"https:\/\/informe24catamarca.net\/lionel-messi-se-retiro-de-la-seleccion-argentina\/\">Lionel Messi se retir\u00f3 de la Selecci\u00f3n Argentina<\/a> se public\u00f3 primero en <a href=\"https:\/\/informe24catamarca.net\">Informe 24 Catamarca<\/a>.<\/p>\n","protected":false},"excerpt":{"rendered":"<p>Lionel Messi anunci\u00f3 su retiro de la Selecci\u00f3n Argentina. El capit\u00e1n public\u00f3 un emotivo mensaje de despedida en sus redes sociales. A trav\u00e9s de su cuenta oficial de Instagram,\u00a0Lionel Messi\u00a0comunic\u00f3 la noticia m\u00e1s triste para todos los fan\u00e1ticos del f\u00fatbol mundial. El hist\u00f3rico capit\u00e1n confirm\u00f3 que no volver\u00e1 a vestir la camiseta de la Selecci\u00f3n [&hellip;]<\/p>\n","protected":false},"author":1,"featured_media":38201,"comment_status":"open","ping_status":"closed","sticky":false,"template":"","format":"standard","meta":{"footnotes":""},"categories":[119],"tags":[],"class_list":["post-38200","post","type-post","status-publish","format-standard","has-post-thumbnail","hentry","category-deporte"],"_links":{"self":[{"href":"https:\/\/nvccatamarca.com\/index.php\/wp-json\/wp\/v2\/posts\/38200","targetHints":{"allow":["GET"]}}],"collection":[{"href":"https:\/\/nvccatamarca.com\/index.php\/wp-json\/wp\/v2\/posts"}],"about":[{"href":"https:\/\/nvccatamarca.com\/index.php\/wp-json\/wp\/v2\/types\/post"}],"author":[{"embeddable":true,"href":"https:\/\/nvccatamarca.com\/index.php\/wp-json\/wp\/v2\/users\/1"}],"replies":[{"embeddable":true,"href":"https:\/\/nvccatamarca.com\/index.php\/wp-json\/wp\/v2\/comments?post=38200"}],"version-history":[{"count":0,"href":"https:\/\/nvccatamarca.com\/index.php\/wp-json\/wp\/v2\/posts\/38200\/revisions"}],"wp:featuredmedia":[{"embeddable":true,"href":"https:\/\/nvccatamarca.com\/index.php\/wp-json\/wp\/v2\/media\/38201"}],"wp:attachment":[{"href":"https:\/\/nvccatamarca.com\/index.php\/wp-json\/wp\/v2\/media?parent=38200"}],"wp:term":[{"taxonomy":"category","embeddable":true,"href":"https:\/\/nvccatamarca.com\/index.php\/wp-json\/wp\/v2\/categories?post=38200"},{"taxonomy":"post_tag","embeddable":true,"href":"https:\/\/nvccatamarca.com\/index.php\/wp-json\/wp\/v2\/tags?post=38200"}],"curies":[{"name":"wp","href":"https:\/\/api.w.org\/{rel}","templated":true}]}}