{"id":38207,"date":"2026-09-01T08:19:04","date_gmt":"2026-09-01T11:19:04","guid":{"rendered":"https:\/\/airevision.com.ar\/?p=187198"},"modified":"2026-09-01T08:19:04","modified_gmt":"2026-09-01T11:19:04","slug":"violencia-intrafamiliar-en-el-oeste-un-joven-fue-detenido-acusado-de-agredir-a-su-propia-madre","status":"publish","type":"post","link":"https:\/\/nvccatamarca.com\/index.php\/2026\/09\/01\/violencia-intrafamiliar-en-el-oeste-un-joven-fue-detenido-acusado-de-agredir-a-su-propia-madre\/","title":{"rendered":"Violencia intrafamiliar en el Oeste: un joven fue detenido acusado de agredir a su propia madre"},"content":{"rendered":"<div class=\"td-post-featured-image\"><a href=\"https:\/\/airevision.com.ar\/wp-content\/uploads\/2026\/09\/Cria.-Segunda-ferreyra-e1788261509264.jpeg\" data-caption><img loading=\"lazy\" decoding=\"async\" data-lazyloaded=\"1\" src=\"https:\/\/airevision.com.ar\/wp-content\/uploads\/2026\/09\/Cria.-Segunda-ferreyra-e1788261509264.jpeg\" width=\"613\" height=\"430\" class=\"entry-thumb td-modal-image\" data-sizes=\"(max-width: 613px) 100vw, 613px\" alt title=\"Cria. Segunda - ferreyra\" srcset=\"https:\/\/airevision.com.ar\/wp-content\/uploads\/2026\/09\/Cria.-Segunda-ferreyra-e1788261509264.jpeg 613w, https:\/\/airevision.com.ar\/wp-content\/uploads\/2026\/09\/Cria.-Segunda-ferreyra-e1788261509264-300x210.jpeg 300w, https:\/\/airevision.com.ar\/wp-content\/uploads\/2026\/09\/Cria.-Segunda-ferreyra-e1788261509264-150x105.jpeg 150w\"><\/a><\/div>\n<p data-start=\"105\" data-end=\"251\">Un joven de 25 a\u00f1os fue aprehendido este lunes en el Oeste de la Capital, acusado de haber agredido f\u00edsicamente a su madre, una mujer de 45 a\u00f1os.<\/p>\n<p data-start=\"253\" data-end=\"540\">El procedimiento se llev\u00f3 a cabo alrededor de las <strong data-start=\"303\" data-end=\"312\">14:50<\/strong>, luego de un requerimiento del <strong data-start=\"344\" data-end=\"392\">Sistema de Atenci\u00f3n de Emergencias (SAE-911)<\/strong>. Personal de la <strong data-start=\"409\" data-end=\"430\">Comisar\u00eda Segunda<\/strong> se constituy\u00f3 en un domicilio ubicado en calle <strong data-start=\"478\" data-end=\"499\">R\u00edo Negro al 1900<\/strong>, donde se entrevist\u00f3 con la damnificada.<\/p>\n<p data-start=\"542\" data-end=\"674\">Seg\u00fan manifest\u00f3 la mujer, momentos antes habr\u00eda sido agredida f\u00edsicamente por su propio hijo, quien posteriormente se dio a la fuga.<\/p>\n<p data-start=\"676\" data-end=\"911\">Con las caracter\u00edsticas aportadas, los efectivos policiales ampliaron los recorridos preventivos por la zona y, en inmediaciones del lugar, lograron aprehender al presunto autor del hecho, un joven de apellido <strong data-start=\"886\" data-end=\"910\">Ferreyra, de 25 a\u00f1os<\/strong>.<\/p>\n<p data-start=\"913\" data-end=\"1101\">El sospechoso fue trasladado a la <strong data-start=\"947\" data-end=\"966\">Comisar\u00eda Sexta<\/strong>, por corresponder a esa jurisdicci\u00f3n, donde qued\u00f3 alojado a disposici\u00f3n de la <strong data-start=\"1045\" data-end=\"1100\">Fiscal\u00eda de Instrucci\u00f3n en turno del Distrito Oeste<\/strong>.<\/p>\n<p data-start=\"1103\" data-end=\"1210\" data-is-last-node data-is-only-node>En tanto, la mujer fue invitada a radicar la correspondiente denuncia penal en la <strong data-start=\"1185\" data-end=\"1209\">Unidad Judicial N\u00ba 6<\/strong>.<\/p>\n","protected":false},"excerpt":{"rendered":"<p>Un joven de 25 a\u00f1os fue aprehendido este lunes en el Oeste de la Capital, acusado de haber agredido f\u00edsicamente a su madre, una mujer de 45 a\u00f1os. El procedimiento se llev\u00f3 a cabo alrededor de las 14:50, luego de un requerimiento del Sistema de Atenci\u00f3n de Emergencias (SAE-911). Personal de la Comisar\u00eda Segunda se [&hellip;]<\/p>\n","protected":false},"author":1,"featured_media":38208,"comment_status":"open","ping_status":"closed","sticky":false,"template":"","format":"standard","meta":{"footnotes":""},"categories":[118],"tags":[],"class_list":["post-38207","post","type-post","status-publish","format-standard","has-post-thumbnail","hentry","category-provincia"],"_links":{"self":[{"href":"https:\/\/nvccatamarca.com\/index.php\/wp-json\/wp\/v2\/posts\/38207","targetHints":{"allow":["GET"]}}],"collection":[{"href":"https:\/\/nvccatamarca.com\/index.php\/wp-json\/wp\/v2\/posts"}],"about":[{"href":"https:\/\/nvccatamarca.com\/index.php\/wp-json\/wp\/v2\/types\/post"}],"author":[{"embeddable":true,"href":"https:\/\/nvccatamarca.com\/index.php\/wp-json\/wp\/v2\/users\/1"}],"replies":[{"embeddable":true,"href":"https:\/\/nvccatamarca.com\/index.php\/wp-json\/wp\/v2\/comments?post=38207"}],"version-history":[{"count":0,"href":"https:\/\/nvccatamarca.com\/index.php\/wp-json\/wp\/v2\/posts\/38207\/revisions"}],"wp:featuredmedia":[{"embeddable":true,"href":"https:\/\/nvccatamarca.com\/index.php\/wp-json\/wp\/v2\/media\/38208"}],"wp:attachment":[{"href":"https:\/\/nvccatamarca.com\/index.php\/wp-json\/wp\/v2\/media?parent=38207"}],"wp:term":[{"taxonomy":"category","embeddable":true,"href":"https:\/\/nvccatamarca.com\/index.php\/wp-json\/wp\/v2\/categories?post=38207"},{"taxonomy":"post_tag","embeddable":true,"href":"https:\/\/nvccatamarca.com\/index.php\/wp-json\/wp\/v2\/tags?post=38207"}],"curies":[{"name":"wp","href":"https:\/\/api.w.org\/{rel}","templated":true}]}}