{"id":38215,"date":"2026-09-01T17:19:21","date_gmt":"2026-09-01T20:19:21","guid":{"rendered":"https:\/\/airevision.com.ar\/?p=187231"},"modified":"2026-09-01T17:19:21","modified_gmt":"2026-09-01T20:19:21","slug":"la-vicegobernacion-pone-en-marcha-el-centro-de-participacion-ciudadana","status":"publish","type":"post","link":"https:\/\/nvccatamarca.com\/index.php\/2026\/09\/01\/la-vicegobernacion-pone-en-marcha-el-centro-de-participacion-ciudadana\/","title":{"rendered":"La Vicegobernaci\u00f3n pone en marcha el Centro de Participaci\u00f3n Ciudadana"},"content":{"rendered":"<div class=\"td-post-featured-image\"><a href=\"https:\/\/airevision.com.ar\/wp-content\/uploads\/2026\/09\/5b809821-9cb6-47e9-adcf-fd0fa8b61a8a.jpeg\" data-caption><img loading=\"lazy\" decoding=\"async\" data-lazyloaded=\"1\" src=\"https:\/\/airevision.com.ar\/wp-content\/uploads\/2026\/09\/5b809821-9cb6-47e9-adcf-fd0fa8b61a8a-696x870.jpeg\" width=\"696\" height=\"870\" class=\"entry-thumb td-modal-image\" data-sizes=\"(max-width: 696px) 100vw, 696px\" alt title=\"5b809821-9cb6-47e9-adcf-fd0fa8b61a8a\" srcset=\"https:\/\/airevision.com.ar\/wp-content\/uploads\/2026\/09\/5b809821-9cb6-47e9-adcf-fd0fa8b61a8a-696x870.jpeg 696w, https:\/\/airevision.com.ar\/wp-content\/uploads\/2026\/09\/5b809821-9cb6-47e9-adcf-fd0fa8b61a8a-240x300.jpeg 240w, https:\/\/airevision.com.ar\/wp-content\/uploads\/2026\/09\/5b809821-9cb6-47e9-adcf-fd0fa8b61a8a-819x1024.jpeg 819w, https:\/\/airevision.com.ar\/wp-content\/uploads\/2026\/09\/5b809821-9cb6-47e9-adcf-fd0fa8b61a8a-768x960.jpeg 768w, https:\/\/airevision.com.ar\/wp-content\/uploads\/2026\/09\/5b809821-9cb6-47e9-adcf-fd0fa8b61a8a-150x188.jpeg 150w, https:\/\/airevision.com.ar\/wp-content\/uploads\/2026\/09\/5b809821-9cb6-47e9-adcf-fd0fa8b61a8a-300x375.jpeg 300w, https:\/\/airevision.com.ar\/wp-content\/uploads\/2026\/09\/5b809821-9cb6-47e9-adcf-fd0fa8b61a8a.jpeg 1024w\"><\/a><\/div>\n<p>La Vicegobernaci\u00f3n de Catamarca, a cargo de Rub\u00e9n Dusso, presentar\u00e1 este viernes 4 de septiembre el Centro de Participaci\u00f3n Ciudadana, un nuevo espacio destinado a promover el di\u00e1logo con los vecinos, debatir sobre la realidad provincial y generar propuestas que puedan transformarse en acciones concretas.<\/p>\n<p class=\"isSelectedEnd\">La presentaci\u00f3n y primera jornada se realizar\u00e1 desde las 15:30 en el Centro Vecinal \u201cJes\u00fas de la Misericordia\u201d, ubicado en Int. Aparicio Victoria 1554. La actividad es coordinada por la Direcci\u00f3n de Calidad Humana del Senado, conducida por Susana Murua.<\/p>\n<p class=\"isSelectedEnd\">Durante el encuentro, los participantes podr\u00e1n integrarse a distintas comisiones de trabajo, organizadas en ocho \u00e1reas vinculadas al desarrollo de la provincia: desarrollo econ\u00f3mico; cultura y deporte; justicia y derechos humanos; pol\u00edtica, ciudadan\u00eda y seguridad; salud; educaci\u00f3n; comunicaci\u00f3n y nuevas tecnolog\u00edas; y desarrollo integral juvenil.<\/p>\n<p class=\"isSelectedEnd\">La iniciativa apunta a consolidar un \u00e1mbito abierto y democr\u00e1tico donde los vecinos puedan expresar sus inquietudes, intercambiar ideas y elaborar propuestas de manera colectiva.<\/p>\n<p>Desde la Vicegobernaci\u00f3n se\u00f1alaron que el objetivo es fortalecer la participaci\u00f3n ciudadana y generar proyectos que surjan directamente del intercambio entre la comunidad y los distintos actores de la sociedad.<\/p>\n","protected":false},"excerpt":{"rendered":"<p>La Vicegobernaci\u00f3n de Catamarca, a cargo de Rub\u00e9n Dusso, presentar\u00e1 este viernes 4 de septiembre el Centro de Participaci\u00f3n Ciudadana, un nuevo espacio destinado a promover el di\u00e1logo con los vecinos, debatir sobre la realidad provincial y generar propuestas que puedan transformarse en acciones concretas. La presentaci\u00f3n y primera jornada se realizar\u00e1 desde las 15:30 [&hellip;]<\/p>\n","protected":false},"author":1,"featured_media":38216,"comment_status":"open","ping_status":"closed","sticky":false,"template":"","format":"standard","meta":{"footnotes":""},"categories":[118],"tags":[],"class_list":["post-38215","post","type-post","status-publish","format-standard","has-post-thumbnail","hentry","category-provincia"],"_links":{"self":[{"href":"https:\/\/nvccatamarca.com\/index.php\/wp-json\/wp\/v2\/posts\/38215","targetHints":{"allow":["GET"]}}],"collection":[{"href":"https:\/\/nvccatamarca.com\/index.php\/wp-json\/wp\/v2\/posts"}],"about":[{"href":"https:\/\/nvccatamarca.com\/index.php\/wp-json\/wp\/v2\/types\/post"}],"author":[{"embeddable":true,"href":"https:\/\/nvccatamarca.com\/index.php\/wp-json\/wp\/v2\/users\/1"}],"replies":[{"embeddable":true,"href":"https:\/\/nvccatamarca.com\/index.php\/wp-json\/wp\/v2\/comments?post=38215"}],"version-history":[{"count":0,"href":"https:\/\/nvccatamarca.com\/index.php\/wp-json\/wp\/v2\/posts\/38215\/revisions"}],"wp:featuredmedia":[{"embeddable":true,"href":"https:\/\/nvccatamarca.com\/index.php\/wp-json\/wp\/v2\/media\/38216"}],"wp:attachment":[{"href":"https:\/\/nvccatamarca.com\/index.php\/wp-json\/wp\/v2\/media?parent=38215"}],"wp:term":[{"taxonomy":"category","embeddable":true,"href":"https:\/\/nvccatamarca.com\/index.php\/wp-json\/wp\/v2\/categories?post=38215"},{"taxonomy":"post_tag","embeddable":true,"href":"https:\/\/nvccatamarca.com\/index.php\/wp-json\/wp\/v2\/tags?post=38215"}],"curies":[{"name":"wp","href":"https:\/\/api.w.org\/{rel}","templated":true}]}}