{"id":38217,"date":"2026-09-01T11:47:16","date_gmt":"2026-09-01T14:47:16","guid":{"rendered":"https:\/\/airevision.com.ar\/?p=187219"},"modified":"2026-09-01T11:47:16","modified_gmt":"2026-09-01T14:47:16","slug":"comerciantes-locales-tomaran-parte-de-la-expo-catamarca-2026","status":"publish","type":"post","link":"https:\/\/nvccatamarca.com\/index.php\/2026\/09\/01\/comerciantes-locales-tomaran-parte-de-la-expo-catamarca-2026\/","title":{"rendered":"Comerciantes locales tomar\u00e1n parte de la Expo Catamarca 2026"},"content":{"rendered":"<div class=\"td-post-featured-image\"><a href=\"https:\/\/airevision.com.ar\/wp-content\/uploads\/2026\/09\/Comerciantes-locales-tomaran-parte-de-la-Expo-Catamarca-2026-2.jpg\" data-caption><img loading=\"lazy\" decoding=\"async\" data-lazyloaded=\"1\" src=\"https:\/\/airevision.com.ar\/wp-content\/uploads\/2026\/09\/Comerciantes-locales-tomaran-parte-de-la-Expo-Catamarca-2026-2-696x464.jpg\" width=\"696\" height=\"464\" class=\"entry-thumb td-modal-image\" data-sizes=\"(max-width: 696px) 100vw, 696px\" alt title=\"Comerciantes locales tomar\u00e1n parte de la Expo Catamarca 2026 2\" srcset=\"https:\/\/airevision.com.ar\/wp-content\/uploads\/2026\/09\/Comerciantes-locales-tomaran-parte-de-la-Expo-Catamarca-2026-2-696x464.jpg 696w, https:\/\/airevision.com.ar\/wp-content\/uploads\/2026\/09\/Comerciantes-locales-tomaran-parte-de-la-Expo-Catamarca-2026-2-300x200.jpg 300w, https:\/\/airevision.com.ar\/wp-content\/uploads\/2026\/09\/Comerciantes-locales-tomaran-parte-de-la-Expo-Catamarca-2026-2-1024x682.jpg 1024w, https:\/\/airevision.com.ar\/wp-content\/uploads\/2026\/09\/Comerciantes-locales-tomaran-parte-de-la-Expo-Catamarca-2026-2-768x512.jpg 768w, https:\/\/airevision.com.ar\/wp-content\/uploads\/2026\/09\/Comerciantes-locales-tomaran-parte-de-la-Expo-Catamarca-2026-2-1536x1023.jpg 1536w, https:\/\/airevision.com.ar\/wp-content\/uploads\/2026\/09\/Comerciantes-locales-tomaran-parte-de-la-Expo-Catamarca-2026-2-150x100.jpg 150w, https:\/\/airevision.com.ar\/wp-content\/uploads\/2026\/09\/Comerciantes-locales-tomaran-parte-de-la-Expo-Catamarca-2026-2-1068x712.jpg 1068w, https:\/\/airevision.com.ar\/wp-content\/uploads\/2026\/09\/Comerciantes-locales-tomaran-parte-de-la-Expo-Catamarca-2026-2.jpg 1600w\"><\/a><\/div>\n<p>En \u00e1mbito del Ministerio de Desarrollo Productivo se llev\u00f3 a cabo una reuni\u00f3n en la que comerciantes locales firmaron los convenios correspondientes para sumarse y formar parte de Expo Oportunidades, una propuesta comercial estrat\u00e9gica que se desarrollar\u00e1 en el pabell\u00f3n de Econom\u00edas Regionales, en el marco de la Expo Catamarca 2026.<\/p>\n<p>El encuentro estuvo encabezado por el ministro de Desarrollo Productivo, Luis Castro, y cont\u00f3 con las presencias del secretario de Industria y Comercio, Sebasti\u00e1n Caria, y la directora de Comercio, Mariela Olivera.<\/p>\n<p>Durante las jornadas de la Expo, que se realizar\u00e1 del 10 al 12 de septiembre en el Predio Ferial Catamarca bajo el lema \u201cConectando Regiones, Generando Futuro\u201d, el espacio Expo Oportunidades contar\u00e1 con 26 stands habilitados que atender\u00e1n al p\u00fablico en el horario de 12 a 20 horas.<\/p>\n<p>Esta iniciativa, coordinada de manera articulada entre la Secretar\u00eda de Industria y Comercio del Ministerio y la Uni\u00f3n Comercial de Catamarca (UCC), busca potenciar el consumo local. En este espacio, f\u00e1bricas y comercios de indumentaria y calzado ofrecer\u00e1n productos de excelente calidad, saldos y stock de fin de temporada con significativos descuentos.<\/p>\n<p>De esta manera, se genera un doble beneficio: por un lado, las familias catamarque\u00f1as podr\u00e1n acceder a indumentaria y calzado a precios accesibles y competitivos; por el otro, las PyMEs y comerciantes locales contar\u00e1n con una plataforma para liquidar remanentes y ganar visibilidad ante la importante cantidad de visitantes que se prev\u00e9 tomar\u00e1n parte del mayor evento productivo y econ\u00f3mico de la provincia.<\/p>\n","protected":false},"excerpt":{"rendered":"<p>En \u00e1mbito del Ministerio de Desarrollo Productivo se llev\u00f3 a cabo una reuni\u00f3n en la que comerciantes locales firmaron los convenios correspondientes para sumarse y formar parte de Expo Oportunidades, una propuesta comercial estrat\u00e9gica que se desarrollar\u00e1 en el pabell\u00f3n de Econom\u00edas Regionales, en el marco de la Expo Catamarca 2026. El encuentro estuvo encabezado [&hellip;]<\/p>\n","protected":false},"author":1,"featured_media":38218,"comment_status":"open","ping_status":"closed","sticky":false,"template":"","format":"standard","meta":{"footnotes":""},"categories":[118],"tags":[],"class_list":["post-38217","post","type-post","status-publish","format-standard","has-post-thumbnail","hentry","category-provincia"],"_links":{"self":[{"href":"https:\/\/nvccatamarca.com\/index.php\/wp-json\/wp\/v2\/posts\/38217","targetHints":{"allow":["GET"]}}],"collection":[{"href":"https:\/\/nvccatamarca.com\/index.php\/wp-json\/wp\/v2\/posts"}],"about":[{"href":"https:\/\/nvccatamarca.com\/index.php\/wp-json\/wp\/v2\/types\/post"}],"author":[{"embeddable":true,"href":"https:\/\/nvccatamarca.com\/index.php\/wp-json\/wp\/v2\/users\/1"}],"replies":[{"embeddable":true,"href":"https:\/\/nvccatamarca.com\/index.php\/wp-json\/wp\/v2\/comments?post=38217"}],"version-history":[{"count":0,"href":"https:\/\/nvccatamarca.com\/index.php\/wp-json\/wp\/v2\/posts\/38217\/revisions"}],"wp:featuredmedia":[{"embeddable":true,"href":"https:\/\/nvccatamarca.com\/index.php\/wp-json\/wp\/v2\/media\/38218"}],"wp:attachment":[{"href":"https:\/\/nvccatamarca.com\/index.php\/wp-json\/wp\/v2\/media?parent=38217"}],"wp:term":[{"taxonomy":"category","embeddable":true,"href":"https:\/\/nvccatamarca.com\/index.php\/wp-json\/wp\/v2\/categories?post=38217"},{"taxonomy":"post_tag","embeddable":true,"href":"https:\/\/nvccatamarca.com\/index.php\/wp-json\/wp\/v2\/tags?post=38217"}],"curies":[{"name":"wp","href":"https:\/\/api.w.org\/{rel}","templated":true}]}}