{"id":38219,"date":"2026-09-01T10:11:42","date_gmt":"2026-09-01T13:11:42","guid":{"rendered":"https:\/\/airevision.com.ar\/?p=187205"},"modified":"2026-09-01T10:11:42","modified_gmt":"2026-09-01T13:11:42","slug":"las-jubilaciones-pensiones-y-asignaciones-aumentaran-211-en-septiembre","status":"publish","type":"post","link":"https:\/\/nvccatamarca.com\/index.php\/2026\/09\/01\/las-jubilaciones-pensiones-y-asignaciones-aumentaran-211-en-septiembre\/","title":{"rendered":"Las jubilaciones, pensiones y asignaciones aumentar\u00e1n 2,11% en septiembre"},"content":{"rendered":"<div class=\"td-post-featured-image\"><a href=\"https:\/\/airevision.com.ar\/wp-content\/uploads\/2025\/05\/efectivo.png\" data-caption><img loading=\"lazy\" decoding=\"async\" data-lazyloaded=\"1\" src=\"https:\/\/airevision.com.ar\/wp-content\/uploads\/2025\/05\/efectivo-696x385.png\" width=\"696\" height=\"385\" class=\"entry-thumb td-modal-image\" data-sizes=\"(max-width: 696px) 100vw, 696px\" alt title=\"efectivo\" srcset=\"https:\/\/airevision.com.ar\/wp-content\/uploads\/2025\/05\/efectivo-696x385.png 696w, https:\/\/airevision.com.ar\/wp-content\/uploads\/2025\/05\/efectivo-300x166.png 300w, https:\/\/airevision.com.ar\/wp-content\/uploads\/2025\/05\/efectivo-1024x566.png 1024w, https:\/\/airevision.com.ar\/wp-content\/uploads\/2025\/05\/efectivo-768x424.png 768w, https:\/\/airevision.com.ar\/wp-content\/uploads\/2025\/05\/efectivo-150x83.png 150w, https:\/\/airevision.com.ar\/wp-content\/uploads\/2025\/05\/efectivo-1068x590.png 1068w, https:\/\/airevision.com.ar\/wp-content\/uploads\/2025\/05\/efectivo.png 1287w\"><\/a><\/div>\n<p>ANSES, organismo dependiente del Ministerio de Capital Humano, informa que las jubilaciones, pensiones y asignaciones tendr\u00e1n un incremento en<strong>&nbsp;septiembre<\/strong>&nbsp;del&nbsp;<strong>2,11 por ciento<\/strong>, por la f\u00f3rmula de movilidad, que toma como referencia el IPC de julio publicado por el INDEC.<\/p>\n<p>Adem\u00e1s, los titulares de jubilaciones y pensiones con haberes m\u00ednimos cobrar\u00e1n un<strong>&nbsp;bono de 70 mil pesos<\/strong>, por lo que el monto total que percibir\u00e1n ser\u00e1 de<strong>&nbsp;498.633,20pesos&nbsp;<\/strong>(428.633,20 pesos de haber m\u00ednimo con aumento + 70 mil pesos de bono)<em>.<\/em><strong>&nbsp;<\/strong>En tanto, quienes superen el m\u00ednimo tendr\u00e1n un plus proporcional hasta alcanzar la suma de 498.633,20&nbsp;pesos.<\/p>\n<p>La&nbsp;Pensi\u00f3n Universal para el Adulto Mayor (PUAM) ser\u00e1 de&nbsp;<strong>412.906,56 pesos&nbsp;<\/strong>(342.906,56 pesos de haber con aumento + 70 mil pesos de bono) y las Pensiones No Contributivas (PNC) por Invalidez y Vejez, de&nbsp;<strong>370.043,24 pesos<\/strong>&nbsp;(300.043,24 pesos de haber con aumento + 70 mil pesos de bono).<\/p>\n<p>En tanto, la Asignaci\u00f3n Universal por Hijo (AUH) ascender\u00e1 a&nbsp;<strong>154.031 pesos<\/strong>; la AUH por Hijo con Discapacidad, a&nbsp;<strong>501.537 pesos<\/strong>, y la Asignaci\u00f3n Familiar por Hijo, a&nbsp;<strong>77.025 pesos<\/strong>&nbsp;para el primer rango de ingresos.<\/p>\n<p>Todos los pagos se realizar\u00e1n en las fechas estipuladas en el calendario habitual.<\/p>\n","protected":false},"excerpt":{"rendered":"<p>ANSES, organismo dependiente del Ministerio de Capital Humano, informa que las jubilaciones, pensiones y asignaciones tendr\u00e1n un incremento en&nbsp;septiembre&nbsp;del&nbsp;2,11 por ciento, por la f\u00f3rmula de movilidad, que toma como referencia el IPC de julio publicado por el INDEC. Adem\u00e1s, los titulares de jubilaciones y pensiones con haberes m\u00ednimos cobrar\u00e1n un&nbsp;bono de 70 mil pesos, por [&hellip;]<\/p>\n","protected":false},"author":1,"featured_media":38220,"comment_status":"open","ping_status":"closed","sticky":false,"template":"","format":"standard","meta":{"footnotes":""},"categories":[118],"tags":[],"class_list":["post-38219","post","type-post","status-publish","format-standard","has-post-thumbnail","hentry","category-provincia"],"_links":{"self":[{"href":"https:\/\/nvccatamarca.com\/index.php\/wp-json\/wp\/v2\/posts\/38219","targetHints":{"allow":["GET"]}}],"collection":[{"href":"https:\/\/nvccatamarca.com\/index.php\/wp-json\/wp\/v2\/posts"}],"about":[{"href":"https:\/\/nvccatamarca.com\/index.php\/wp-json\/wp\/v2\/types\/post"}],"author":[{"embeddable":true,"href":"https:\/\/nvccatamarca.com\/index.php\/wp-json\/wp\/v2\/users\/1"}],"replies":[{"embeddable":true,"href":"https:\/\/nvccatamarca.com\/index.php\/wp-json\/wp\/v2\/comments?post=38219"}],"version-history":[{"count":0,"href":"https:\/\/nvccatamarca.com\/index.php\/wp-json\/wp\/v2\/posts\/38219\/revisions"}],"wp:featuredmedia":[{"embeddable":true,"href":"https:\/\/nvccatamarca.com\/index.php\/wp-json\/wp\/v2\/media\/38220"}],"wp:attachment":[{"href":"https:\/\/nvccatamarca.com\/index.php\/wp-json\/wp\/v2\/media?parent=38219"}],"wp:term":[{"taxonomy":"category","embeddable":true,"href":"https:\/\/nvccatamarca.com\/index.php\/wp-json\/wp\/v2\/categories?post=38219"},{"taxonomy":"post_tag","embeddable":true,"href":"https:\/\/nvccatamarca.com\/index.php\/wp-json\/wp\/v2\/tags?post=38219"}],"curies":[{"name":"wp","href":"https:\/\/api.w.org\/{rel}","templated":true}]}}