{"id":38221,"date":"2026-09-01T17:46:34","date_gmt":"2026-09-01T20:46:34","guid":{"rendered":"https:\/\/airevision.com.ar\/?p=187238"},"modified":"2026-09-01T17:46:34","modified_gmt":"2026-09-01T20:46:34","slug":"milei-hablara-por-cadena-nacional-este-jueves-para-referirse-a-la-cuestion-malvinas","status":"publish","type":"post","link":"https:\/\/nvccatamarca.com\/index.php\/2026\/09\/01\/milei-hablara-por-cadena-nacional-este-jueves-para-referirse-a-la-cuestion-malvinas\/","title":{"rendered":"Milei hablar\u00e1 por cadena nacional este jueves para referirse a la cuesti\u00f3n Malvinas"},"content":{"rendered":"<div class=\"td-post-featured-image\"><a href=\"https:\/\/airevision.com.ar\/wp-content\/uploads\/2026\/03\/Milei-3.png\" data-caption><img loading=\"lazy\" decoding=\"async\" data-lazyloaded=\"1\" src=\"https:\/\/airevision.com.ar\/wp-content\/uploads\/2026\/03\/Milei-3-696x388.png\" width=\"696\" height=\"388\" class=\"entry-thumb td-modal-image\" data-sizes=\"(max-width: 696px) 100vw, 696px\" alt title=\"Milei\" srcset=\"https:\/\/airevision.com.ar\/wp-content\/uploads\/2026\/03\/Milei-3-696x388.png 696w, https:\/\/airevision.com.ar\/wp-content\/uploads\/2026\/03\/Milei-3-300x167.png 300w, https:\/\/airevision.com.ar\/wp-content\/uploads\/2026\/03\/Milei-3-768x428.png 768w, https:\/\/airevision.com.ar\/wp-content\/uploads\/2026\/03\/Milei-3-150x84.png 150w, https:\/\/airevision.com.ar\/wp-content\/uploads\/2026\/03\/Milei-3.png 1017w\"><\/a><\/div>\n<p class=\"isSelectedEnd\">El presidente Javier Milei dar\u00e1 este jueves a las 21 un mensaje por cadena nacional para referirse a la cuesti\u00f3n Malvinas y a los avances diplom\u00e1ticos de Argentina en el reclamo de soberan\u00eda sobre las islas.<\/p>\n<p class=\"isSelectedEnd\">El anuncio se realiz\u00f3 durante la reuni\u00f3n de Gabinete que el mandatario encabez\u00f3 este martes en la Casa Rosada. El canciller Pablo Quirno present\u00f3 un informe sobre las gestiones realizadas en torno al reclamo argentino.<\/p>\n<p class=\"isSelectedEnd\">La decisi\u00f3n se conoci\u00f3 luego de que Donald Trump dejara abierta la posibilidad de revisar la postura de Estados Unidos sobre la soberan\u00eda del archipi\u00e9lago. Desde el Reino Unido, en tanto, reafirmaron que las Malvinas \u201cson brit\u00e1nicas y seguir\u00e1n siendo brit\u00e1nicas\u201d.<\/p>\n<p>El Gobierno mantiene el hermetismo sobre el contenido del mensaje, aunque anticip\u00f3 que Milei brindar\u00e1 mayores detalles durante la transmisi\u00f3n.<\/p>\n","protected":false},"excerpt":{"rendered":"<p>El presidente Javier Milei dar\u00e1 este jueves a las 21 un mensaje por cadena nacional para referirse a la cuesti\u00f3n Malvinas y a los avances diplom\u00e1ticos de Argentina en el reclamo de soberan\u00eda sobre las islas. El anuncio se realiz\u00f3 durante la reuni\u00f3n de Gabinete que el mandatario encabez\u00f3 este martes en la Casa Rosada. [&hellip;]<\/p>\n","protected":false},"author":1,"featured_media":38222,"comment_status":"open","ping_status":"closed","sticky":false,"template":"","format":"standard","meta":{"footnotes":""},"categories":[132],"tags":[],"class_list":["post-38221","post","type-post","status-publish","format-standard","has-post-thumbnail","hentry","category-destacados"],"_links":{"self":[{"href":"https:\/\/nvccatamarca.com\/index.php\/wp-json\/wp\/v2\/posts\/38221","targetHints":{"allow":["GET"]}}],"collection":[{"href":"https:\/\/nvccatamarca.com\/index.php\/wp-json\/wp\/v2\/posts"}],"about":[{"href":"https:\/\/nvccatamarca.com\/index.php\/wp-json\/wp\/v2\/types\/post"}],"author":[{"embeddable":true,"href":"https:\/\/nvccatamarca.com\/index.php\/wp-json\/wp\/v2\/users\/1"}],"replies":[{"embeddable":true,"href":"https:\/\/nvccatamarca.com\/index.php\/wp-json\/wp\/v2\/comments?post=38221"}],"version-history":[{"count":0,"href":"https:\/\/nvccatamarca.com\/index.php\/wp-json\/wp\/v2\/posts\/38221\/revisions"}],"wp:featuredmedia":[{"embeddable":true,"href":"https:\/\/nvccatamarca.com\/index.php\/wp-json\/wp\/v2\/media\/38222"}],"wp:attachment":[{"href":"https:\/\/nvccatamarca.com\/index.php\/wp-json\/wp\/v2\/media?parent=38221"}],"wp:term":[{"taxonomy":"category","embeddable":true,"href":"https:\/\/nvccatamarca.com\/index.php\/wp-json\/wp\/v2\/categories?post=38221"},{"taxonomy":"post_tag","embeddable":true,"href":"https:\/\/nvccatamarca.com\/index.php\/wp-json\/wp\/v2\/tags?post=38221"}],"curies":[{"name":"wp","href":"https:\/\/api.w.org\/{rel}","templated":true}]}}