{"id":38223,"date":"2026-09-01T13:11:20","date_gmt":"2026-09-01T16:11:20","guid":{"rendered":"https:\/\/airevision.com.ar\/?p=187227"},"modified":"2026-09-01T13:11:20","modified_gmt":"2026-09-01T16:11:20","slug":"caso-galan-la-camara-rechazo-una-apelacion-y-declaro-inconstitucional-un-articulo-del-codigo-procesal-penal","status":"publish","type":"post","link":"https:\/\/nvccatamarca.com\/index.php\/2026\/09\/01\/caso-galan-la-camara-rechazo-una-apelacion-y-declaro-inconstitucional-un-articulo-del-codigo-procesal-penal\/","title":{"rendered":"Caso Gal\u00e1n: la C\u00e1mara rechaz\u00f3 una apelaci\u00f3n y declar\u00f3 inconstitucional un art\u00edculo del C\u00f3digo Procesal Penal"},"content":{"rendered":"<div class=\"td-post-featured-image\"><a href=\"https:\/\/airevision.com.ar\/wp-content\/uploads\/2026\/05\/galan.jpeg\" data-caption><img loading=\"lazy\" decoding=\"async\" data-lazyloaded=\"1\" src=\"https:\/\/airevision.com.ar\/wp-content\/uploads\/2026\/05\/galan-696x392.jpeg\" width=\"696\" height=\"392\" class=\"entry-thumb td-modal-image\" data-sizes=\"(max-width: 696px) 100vw, 696px\" alt title=\"gal\u00e1n\" srcset=\"https:\/\/airevision.com.ar\/wp-content\/uploads\/2026\/05\/galan-696x392.jpeg 696w, https:\/\/airevision.com.ar\/wp-content\/uploads\/2026\/05\/galan-300x169.jpeg 300w, https:\/\/airevision.com.ar\/wp-content\/uploads\/2026\/05\/galan-1024x576.jpeg 1024w, https:\/\/airevision.com.ar\/wp-content\/uploads\/2026\/05\/galan-768x432.jpeg 768w, https:\/\/airevision.com.ar\/wp-content\/uploads\/2026\/05\/galan-1536x864.jpeg 1536w, https:\/\/airevision.com.ar\/wp-content\/uploads\/2026\/05\/galan-150x84.jpeg 150w, https:\/\/airevision.com.ar\/wp-content\/uploads\/2026\/05\/galan-1068x601.jpeg 1068w, https:\/\/airevision.com.ar\/wp-content\/uploads\/2026\/05\/galan.jpeg 1600w\"><\/a><\/div>\n<p data-start=\"112\" data-end=\"414\">La C\u00e1mara de Apelaciones en lo Penal y de Exhortos de Catamarca resolvi\u00f3 <strong data-start=\"185\" data-end=\"300\">rechazar el recurso de apelaci\u00f3n presentado en el marco de la causa que tiene como imputado a Jos\u00e9 Javier Gal\u00e1n<\/strong> y, adem\u00e1s, declar\u00f3 la <strong data-start=\"323\" data-end=\"413\">inconstitucionalidad de una parte del art\u00edculo 20 del C\u00f3digo Procesal Penal provincial<\/strong>.<\/p>\n<p data-start=\"416\" data-end=\"600\">La resoluci\u00f3n fue dictada este lunes 1 de septiembre por unanimidad por el Tribunal, en el expediente Letra \u201cR\u201d N\u00b0 115\/2026, caratulado <strong data-start=\"552\" data-end=\"599\">\u201cGal\u00e1n, Jos\u00e9 Javier \u2013 Recurso de Apelaci\u00f3n\u201d<\/strong>.<\/p>\n<p data-start=\"602\" data-end=\"839\">El recurso hab\u00eda sido interpuesto por el abogado <strong data-start=\"651\" data-end=\"675\">Jos\u00e9 Leonardo Berber<\/strong>, defensor t\u00e9cnico, contra un auto interlocutorio emitido el 29 de julio pasado por el Juzgado de Control de Garant\u00edas de 4\u00aa Nominaci\u00f3n, en el expediente N\u00b0 754\/26.<\/p>\n<p data-start=\"841\" data-end=\"945\">En su parte resolutiva, la C\u00e1mara dispuso <strong data-start=\"883\" data-end=\"944\">\u201cno hacer lugar\u201d a la apelaci\u00f3n presentada por la defensa<\/strong>.<\/p>\n<p data-start=\"947\" data-end=\"1169\">Asimismo, el Tribunal declar\u00f3 la <strong data-start=\"980\" data-end=\"1059\">inconstitucionalidad del art\u00edculo 20 del C\u00f3digo Procesal Penal de Catamarca<\/strong>, en lo referido al plazo de caducidad de la investigaci\u00f3n sumaria previsto en el primer p\u00e1rrafo de esa norma.<\/p>\n<p data-start=\"1171\" data-end=\"1543\">Seg\u00fan se desprende de la resoluci\u00f3n, los magistrados consideraron que esa disposici\u00f3n resulta incompatible con la <strong data-start=\"1285\" data-end=\"1385\">Constituci\u00f3n Nacional y los instrumentos internacionales de derechos humanos incorporados a ella<\/strong>, particularmente por las obligaciones estatales de debida diligencia en la <strong data-start=\"1461\" data-end=\"1542\">prevenci\u00f3n, investigaci\u00f3n y sanci\u00f3n de hechos de violencia contra las mujeres<\/strong>.<\/p>\n<p data-start=\"1545\" data-end=\"1662\">La C\u00e1mara resolvi\u00f3 adem\u00e1s que el pronunciamiento sea <strong data-start=\"1598\" data-end=\"1612\">sin costas<\/strong>, debido a la naturaleza de la cuesti\u00f3n analizada.<\/p>\n<p data-start=\"1664\" data-end=\"1776\">La lectura de los fundamentos de la resoluci\u00f3n fue fijada para el <strong data-start=\"1730\" data-end=\"1775\">mi\u00e9rcoles 9 de septiembre, a las 11 horas<\/strong>.<\/p>\n<p data-start=\"1778\" data-end=\"1939\" data-is-last-node data-is-only-node>El Tribunal estuvo integrado por <strong data-start=\"1811\" data-end=\"1834\">Juan Isauro Rosales<\/strong>, como presidente; <strong data-start=\"1853\" data-end=\"1876\">Rosa Elena Berrondo<\/strong>, jueza decana; y <strong data-start=\"1894\" data-end=\"1921\">Carlos Horacio Brizuela<\/strong>, juez vicedecano.<\/p>\n","protected":false},"excerpt":{"rendered":"<p>La C\u00e1mara de Apelaciones en lo Penal y de Exhortos de Catamarca resolvi\u00f3 rechazar el recurso de apelaci\u00f3n presentado en el marco de la causa que tiene como imputado a Jos\u00e9 Javier Gal\u00e1n y, adem\u00e1s, declar\u00f3 la inconstitucionalidad de una parte del art\u00edculo 20 del C\u00f3digo Procesal Penal provincial. La resoluci\u00f3n fue dictada este lunes [&hellip;]<\/p>\n","protected":false},"author":1,"featured_media":38224,"comment_status":"open","ping_status":"closed","sticky":false,"template":"","format":"standard","meta":{"footnotes":""},"categories":[132],"tags":[],"class_list":["post-38223","post","type-post","status-publish","format-standard","has-post-thumbnail","hentry","category-destacados"],"_links":{"self":[{"href":"https:\/\/nvccatamarca.com\/index.php\/wp-json\/wp\/v2\/posts\/38223","targetHints":{"allow":["GET"]}}],"collection":[{"href":"https:\/\/nvccatamarca.com\/index.php\/wp-json\/wp\/v2\/posts"}],"about":[{"href":"https:\/\/nvccatamarca.com\/index.php\/wp-json\/wp\/v2\/types\/post"}],"author":[{"embeddable":true,"href":"https:\/\/nvccatamarca.com\/index.php\/wp-json\/wp\/v2\/users\/1"}],"replies":[{"embeddable":true,"href":"https:\/\/nvccatamarca.com\/index.php\/wp-json\/wp\/v2\/comments?post=38223"}],"version-history":[{"count":0,"href":"https:\/\/nvccatamarca.com\/index.php\/wp-json\/wp\/v2\/posts\/38223\/revisions"}],"wp:featuredmedia":[{"embeddable":true,"href":"https:\/\/nvccatamarca.com\/index.php\/wp-json\/wp\/v2\/media\/38224"}],"wp:attachment":[{"href":"https:\/\/nvccatamarca.com\/index.php\/wp-json\/wp\/v2\/media?parent=38223"}],"wp:term":[{"taxonomy":"category","embeddable":true,"href":"https:\/\/nvccatamarca.com\/index.php\/wp-json\/wp\/v2\/categories?post=38223"},{"taxonomy":"post_tag","embeddable":true,"href":"https:\/\/nvccatamarca.com\/index.php\/wp-json\/wp\/v2\/tags?post=38223"}],"curies":[{"name":"wp","href":"https:\/\/api.w.org\/{rel}","templated":true}]}}