{"id":38225,"date":"2026-09-01T11:54:09","date_gmt":"2026-09-01T14:54:09","guid":{"rendered":"https:\/\/airevision.com.ar\/?p=187223"},"modified":"2026-09-01T11:54:09","modified_gmt":"2026-09-01T14:54:09","slug":"el-secretario-del-tesoro-de-ee-uu-volvio-a-elogiar-al-gobierno-de-milei-esta-liderando-una-oportunidad-historica","status":"publish","type":"post","link":"https:\/\/nvccatamarca.com\/index.php\/2026\/09\/01\/el-secretario-del-tesoro-de-ee-uu-volvio-a-elogiar-al-gobierno-de-milei-esta-liderando-una-oportunidad-historica\/","title":{"rendered":"El secretario del Tesoro de EE.UU. volvi\u00f3 a elogiar al gobierno de Milei: \u201cEst\u00e1 liderando una oportunidad hist\u00f3rica\u201d"},"content":{"rendered":"<div class=\"td-post-featured-image\"><a href=\"https:\/\/airevision.com.ar\/wp-content\/uploads\/2026\/09\/Captura-de-pantalla-2026-09-01-115344.png\" data-caption><img loading=\"lazy\" decoding=\"async\" data-lazyloaded=\"1\" src=\"https:\/\/airevision.com.ar\/wp-content\/uploads\/2026\/09\/Captura-de-pantalla-2026-09-01-115344-696x459.png\" width=\"696\" height=\"459\" class=\"entry-thumb td-modal-image\" data-sizes=\"(max-width: 696px) 100vw, 696px\" alt title=\"Captura de pantalla 2026-09-01 115344\" srcset=\"https:\/\/airevision.com.ar\/wp-content\/uploads\/2026\/09\/Captura-de-pantalla-2026-09-01-115344-696x459.png 696w, https:\/\/airevision.com.ar\/wp-content\/uploads\/2026\/09\/Captura-de-pantalla-2026-09-01-115344-300x198.png 300w, https:\/\/airevision.com.ar\/wp-content\/uploads\/2026\/09\/Captura-de-pantalla-2026-09-01-115344-768x507.png 768w, https:\/\/airevision.com.ar\/wp-content\/uploads\/2026\/09\/Captura-de-pantalla-2026-09-01-115344-150x99.png 150w, https:\/\/airevision.com.ar\/wp-content\/uploads\/2026\/09\/Captura-de-pantalla-2026-09-01-115344.png 927w\"><\/a><\/div>\n<p class=\"paragraph font__body-regular\">El secretario del Tesoro norteamericano,<b>&nbsp;<\/b><b>Scott Bessent<\/b>, volvi\u00f3 a elogiar al gobierno de&nbsp;<b>Javier Milei<\/b>. Dijo que bajo su mandato, la Argentina \u201cest\u00e1 liderando la oportunidad hist\u00f3rica en el hemisferio occidental\u201d.<\/p>\n<p class=\"paragraph font__body-regular\">Bessent, quien encabeza la reuni\u00f3n de ministros de Finanzas y jefes de bancos centrales del G20, se reunir\u00e1 esta tarde con el ministro de Econom\u00eda,&nbsp;<b>Luis Caputo<\/b>.<\/p>\n<p>El funcionario de<b>&nbsp;Donald Trump<\/b>&nbsp;elogi\u00f3 las reformas implementadas por Milei y remarc\u00f3: \u201cDijeron que no pod\u00eda hacerlas y ahora&nbsp;<b>vemos que la inflaci\u00f3n ha bajado<\/b>&nbsp;<b>y las circunstancias econ\u00f3micas tambi\u00e9n<\/b>\u201d.<\/p>\n","protected":false},"excerpt":{"rendered":"<p>El secretario del Tesoro norteamericano,&nbsp;Scott Bessent, volvi\u00f3 a elogiar al gobierno de&nbsp;Javier Milei. Dijo que bajo su mandato, la Argentina \u201cest\u00e1 liderando la oportunidad hist\u00f3rica en el hemisferio occidental\u201d. Bessent, quien encabeza la reuni\u00f3n de ministros de Finanzas y jefes de bancos centrales del G20, se reunir\u00e1 esta tarde con el ministro de Econom\u00eda,&nbsp;Luis Caputo. [&hellip;]<\/p>\n","protected":false},"author":1,"featured_media":38226,"comment_status":"open","ping_status":"closed","sticky":false,"template":"","format":"standard","meta":{"footnotes":""},"categories":[132],"tags":[],"class_list":["post-38225","post","type-post","status-publish","format-standard","has-post-thumbnail","hentry","category-destacados"],"_links":{"self":[{"href":"https:\/\/nvccatamarca.com\/index.php\/wp-json\/wp\/v2\/posts\/38225","targetHints":{"allow":["GET"]}}],"collection":[{"href":"https:\/\/nvccatamarca.com\/index.php\/wp-json\/wp\/v2\/posts"}],"about":[{"href":"https:\/\/nvccatamarca.com\/index.php\/wp-json\/wp\/v2\/types\/post"}],"author":[{"embeddable":true,"href":"https:\/\/nvccatamarca.com\/index.php\/wp-json\/wp\/v2\/users\/1"}],"replies":[{"embeddable":true,"href":"https:\/\/nvccatamarca.com\/index.php\/wp-json\/wp\/v2\/comments?post=38225"}],"version-history":[{"count":0,"href":"https:\/\/nvccatamarca.com\/index.php\/wp-json\/wp\/v2\/posts\/38225\/revisions"}],"wp:featuredmedia":[{"embeddable":true,"href":"https:\/\/nvccatamarca.com\/index.php\/wp-json\/wp\/v2\/media\/38226"}],"wp:attachment":[{"href":"https:\/\/nvccatamarca.com\/index.php\/wp-json\/wp\/v2\/media?parent=38225"}],"wp:term":[{"taxonomy":"category","embeddable":true,"href":"https:\/\/nvccatamarca.com\/index.php\/wp-json\/wp\/v2\/categories?post=38225"},{"taxonomy":"post_tag","embeddable":true,"href":"https:\/\/nvccatamarca.com\/index.php\/wp-json\/wp\/v2\/tags?post=38225"}],"curies":[{"name":"wp","href":"https:\/\/api.w.org\/{rel}","templated":true}]}}