{"id":38229,"date":"2026-09-01T16:42:15","date_gmt":"2026-09-01T19:42:15","guid":{"rendered":"https:\/\/www.eldiarioar.com\/politica\/ravier-evito-adelantar-mensaje-milei-malvinas-nego-exista-crisis-economica_1_13480734.html"},"modified":"2026-09-01T16:42:15","modified_gmt":"2026-09-01T19:42:15","slug":"ravier-evito-adelantar-el-mensaje-de-milei-sobre-malvinas-y-nego-que-exista-una-crisis-economica","status":"publish","type":"post","link":"https:\/\/nvccatamarca.com\/index.php\/2026\/09\/01\/ravier-evito-adelantar-el-mensaje-de-milei-sobre-malvinas-y-nego-que-exista-una-crisis-economica\/","title":{"rendered":"Ravier evit\u00f3 adelantar el mensaje de Milei sobre Malvinas y neg\u00f3 que exista una crisis econ\u00f3mica"},"content":{"rendered":"<p class=\"article-text\"> <strong>Adri\u00e1n Ravier<\/strong> lleg\u00f3 este martes a la conferencia de prensa con una instrucci\u00f3n precisa: no adelantar qu\u00e9 dir\u00e1 <strong>Javier Milei <\/strong>el jueves cuando <a href=\"https:\/\/www.eldiarioar.com\/politica\/gobierno-habla-avance-diplomatico-milei-hara-cadena-nacional-malvinas-dichos-trump_1_13480303.html\" data-mrf-recirculation=\"links-noticia\" class=\"link\">hable por cadena nacional sobre la cuesti\u00f3n Malvinas<\/a>. <strong>El vocero presidencial confirm\u00f3 que el mensaje ser\u00e1 a las 21<\/strong>, ratific\u00f3 que el Gobierno considera el reclamo de soberan\u00eda una<strong> \u201cprioridad\u201d <\/strong>y esquiv\u00f3 las sucesivas preguntas destinadas a conocer qu\u00e9 hay detr\u00e1s de la expectativa que la propia Casa Rosada instal\u00f3 durante las \u00faltimas horas. <\/p>\n<aside class=\"know-more know-more--with-image\" readability=\"0\"> <a href=\"https:\/\/www.eldiarioar.com\/politica\/gobierno-habla-avance-diplomatico-milei-hara-cadena-nacional-malvinas-dichos-trump_1_13480303.html\" data-mrf-recirculation=\"saber-mas\" data-dl-event=\"saber-mas\" readability=\"3\"> <\/p>\n<p class=\"know-more__title\">El Gobierno habla de \u00abavance diplom\u00e1tico\u00bb y Milei har\u00e1 una cadena nacional sobre Malvinas tras los dichos de Trump<\/p>\n<picture class=\"know-more__img\"> <!--[if IE 9]><video style=\"display: none;\"><![endif]--><source media=\"(max-width: 767px)\" type=\"image\/webp\" srcset=\"https:\/\/static.eldiario.es\/clip\/7cf9c821-85e8-44dc-815c-0f6521ce9f48_16-9-aspect-ratio_50p_0_x555y225.webp\"><source media=\"(max-width: 767px)\" type=\"image\/jpg\" srcset=\"https:\/\/static.eldiario.es\/clip\/7cf9c821-85e8-44dc-815c-0f6521ce9f48_16-9-aspect-ratio_50p_0_x555y225.jpg\"><source media=\"(min-width: 768px)\" type=\"image\/webp\" srcset=\"https:\/\/static.eldiario.es\/clip\/7cf9c821-85e8-44dc-815c-0f6521ce9f48_16-9-aspect-ratio_50p_0_x555y225.webp\"><source media=\"(min-width: 768px)\" type=\"image\/jpg\" srcset=\"https:\/\/static.eldiario.es\/clip\/7cf9c821-85e8-44dc-815c-0f6521ce9f48_16-9-aspect-ratio_50p_0_x555y225.jpg\"><source type=\"image\/webp\" srcset=\"https:\/\/static.eldiario.es\/clip\/7cf9c821-85e8-44dc-815c-0f6521ce9f48_16-9-aspect-ratio_default_0_x555y225.webp\"><!--[if IE 9]><\/video><![endif]--> <img decoding=\"async\" class=\"lazy\" loading=\"lazy\" src=\"https:\/\/static.eldiario.es\/clip\/7cf9c821-85e8-44dc-815c-0f6521ce9f48_16-9-aspect-ratio_default_0_x555y225.jpg\" alt=\"El Gobierno habla de &quot;avance diplom\u00e1tico&quot; y Milei har\u00e1 una cadena nacional sobre Malvinas tras los dichos de Trump\"> <\/picture> <\/a><br \/>\n<\/aside>\n<p class=\"article-text\"> <strong>\u201cNo puedo decir mucho. Las Malvinas son argentinas. El Presidente esto lo plantea como una prioridad\u201d<\/strong>, respondi\u00f3 Ravier ante la primera bater\u00eda de consultas. Se\u00f1al\u00f3 que el canciller <strong>Pablo Quirno<\/strong> viene trabajando el asunto \u201cdesde el punto de vista diplom\u00e1tico\u201d, pero <strong>evit\u00f3 precisar si hubo conversaciones con Donald Trump<\/strong>, si Estados Unidos podr\u00eda asumir alg\u00fan papel como facilitador frente al Reino Unido o si las novedades tendr\u00e1n alguna derivaci\u00f3n durante la pr\u00f3xima Asamblea General de las Naciones Unidas (ONU). \u201cNo tengo informaci\u00f3n sobre el contenido; de hecho, se est\u00e1 trabajando en este momento\u201d, sostuvo. <\/p>\n<figure> <picture class=\"news-image\"> <!--[if IE 9]><video style=\"display: none;\"><![endif]--><source media=\"(max-width: 576px)\" type=\"image\/webp\" srcset=\"https:\/\/static.eldiario.es\/clip\/fffcabd6-077c-4be4-9df7-67ae4f2927c9_16-9-discover-aspect-ratio_50p_0.webp\"><source media=\"(max-width: 576px)\" type=\"image\/jpg\" srcset=\"https:\/\/static.eldiario.es\/clip\/fffcabd6-077c-4be4-9df7-67ae4f2927c9_16-9-discover-aspect-ratio_50p_0.jpg\"><source media=\"(max-width: 767px)\" type=\"image\/webp\" srcset=\"https:\/\/static.eldiario.es\/clip\/fffcabd6-077c-4be4-9df7-67ae4f2927c9_16-9-discover-aspect-ratio_75p_0.webp\"><source media=\"(max-width: 767px)\" type=\"image\/jpg\" srcset=\"https:\/\/static.eldiario.es\/clip\/fffcabd6-077c-4be4-9df7-67ae4f2927c9_16-9-discover-aspect-ratio_75p_0.jpg\"><source media=\"(min-width: 768px)\" type=\"image\/webp\" srcset=\"https:\/\/static.eldiario.es\/clip\/fffcabd6-077c-4be4-9df7-67ae4f2927c9_16-9-discover-aspect-ratio_default_0.webp\"><source media=\"(min-width: 768px)\" type=\"image\/jpg\" srcset=\"https:\/\/static.eldiario.es\/clip\/fffcabd6-077c-4be4-9df7-67ae4f2927c9_16-9-discover-aspect-ratio_default_0.jpg\"><source type=\"image\/webp\" srcset=\"https:\/\/static.eldiario.es\/clip\/fffcabd6-077c-4be4-9df7-67ae4f2927c9_16-9-discover-aspect-ratio_default_0.webp\"><!--[if IE 9]><\/video><![endif]--> <img decoding=\"async\" class=\"lazy\" loading=\"lazy\" src=\"https:\/\/static.eldiario.es\/clip\/fffcabd6-077c-4be4-9df7-67ae4f2927c9_16-9-discover-aspect-ratio_default_0.jpg\" alt=\"Adri\u00e1n Ravier\"> <\/picture> <\/figure>\n<p class=\"article-text\"> En ese contexto, Ravier aport\u00f3 adem\u00e1s un dato sobre la preparaci\u00f3n del discurso: la <strong>Secretar\u00eda de Inteligencia del Estado (SIDE) <\/strong>participa de su elaboraci\u00f3n. Seg\u00fan explic\u00f3 al comienzo de la conferencia, <strong>el contenido est\u00e1 siendo trabajado por Milei junto con Quirno y el organismo de inteligencia<\/strong>. No dio precisiones sobre cu\u00e1l es espec\u00edficamente la intervenci\u00f3n de la SIDE en el mensaje. <\/p>\n<p class=\"article-text\"> El hermetismo, de todas maneras, no respondi\u00f3 solamente a la falta de definiciones. El propio Ravier termin\u00f3 por revelar que hab\u00eda recibido un pedido durante la reuni\u00f3n de gabinete para no ampliar p\u00fablicamente la informaci\u00f3n. <strong>\u201cVamos a dejar que el propio Presidente en cadena nacional ampl\u00ede todo lo relativo al tema Malvinas, que comprende muchas cuestiones que se van a ampliar el d\u00eda jueves\u201d<\/strong>, explic\u00f3 cuando volvieron a preguntarle por el asunto. <\/p>\n<h2 class=\"article-text\">\u201cNo vemos crisis econ\u00f3mica\u201d<\/h2>\n<p class=\"article-text\"> Fuera de Malvinas, la econom\u00eda concentr\u00f3 las definiciones m\u00e1s fuertes de Ravier. El vocero busc\u00f3 confrontar con las se\u00f1ales de deterioro que se observan en algunos sectores y defendi\u00f3 la evoluci\u00f3n del empleo y de los ingresos. La frase que condens\u00f3 el diagn\u00f3stico oficial lleg\u00f3 durante el intercambio con los periodistas: <strong>\u201cNo vemos crisis econ\u00f3mica\u201d<\/strong>. <\/p>\n<p class=\"article-text\"> Ravier hab\u00eda comenzado su exposici\u00f3n con los \u00faltimos datos de la cuenta de generaci\u00f3n del ingreso del INDEC. Seg\u00fan las cifras que present\u00f3, <strong>durante el primer trimestre de 2026 la econom\u00eda registr\u00f3 22,9 millones de puestos de trabajo, unos 510.000 m\u00e1s que en el mismo per\u00edodo de 2023<\/strong>. Para el Gobierno, ese incremento desmiente la existencia de una crisis laboral. \u201cEs una se\u00f1al clara de una econom\u00eda que demanda m\u00e1s trabajo y contradice la idea de una crisis del empleo que la oposici\u00f3n pretende instalar\u201d, afirm\u00f3. <\/p>\n<figure> <picture class=\"news-image\"> <!--[if IE 9]><video style=\"display: none;\"><![endif]--><source media=\"(max-width: 576px)\" type=\"image\/webp\" srcset=\"https:\/\/static.eldiario.es\/clip\/cfee9eb6-d56b-424d-a72c-a190b8d6d1a8_16-9-discover-aspect-ratio_50p_0.webp\"><source media=\"(max-width: 576px)\" type=\"image\/jpg\" srcset=\"https:\/\/static.eldiario.es\/clip\/cfee9eb6-d56b-424d-a72c-a190b8d6d1a8_16-9-discover-aspect-ratio_50p_0.jpg\"><source media=\"(max-width: 767px)\" type=\"image\/webp\" srcset=\"https:\/\/static.eldiario.es\/clip\/cfee9eb6-d56b-424d-a72c-a190b8d6d1a8_16-9-discover-aspect-ratio_75p_0.webp\"><source media=\"(max-width: 767px)\" type=\"image\/jpg\" srcset=\"https:\/\/static.eldiario.es\/clip\/cfee9eb6-d56b-424d-a72c-a190b8d6d1a8_16-9-discover-aspect-ratio_75p_0.jpg\"><source media=\"(min-width: 768px)\" type=\"image\/webp\" srcset=\"https:\/\/static.eldiario.es\/clip\/cfee9eb6-d56b-424d-a72c-a190b8d6d1a8_16-9-discover-aspect-ratio_default_0.webp\"><source media=\"(min-width: 768px)\" type=\"image\/jpg\" srcset=\"https:\/\/static.eldiario.es\/clip\/cfee9eb6-d56b-424d-a72c-a190b8d6d1a8_16-9-discover-aspect-ratio_default_0.jpg\"><source type=\"image\/webp\" srcset=\"https:\/\/static.eldiario.es\/clip\/cfee9eb6-d56b-424d-a72c-a190b8d6d1a8_16-9-discover-aspect-ratio_default_0.webp\"><!--[if IE 9]><\/video><![endif]--> <img decoding=\"async\" class=\"lazy\" loading=\"lazy\" src=\"https:\/\/static.eldiario.es\/clip\/cfee9eb6-d56b-424d-a72c-a190b8d6d1a8_16-9-discover-aspect-ratio_default_0.jpg\" alt=\"El ministro de Econom\u00eda, Luis &quot;Toto&quot; Caputo, ingresando a la Casa Rosada.\"> <\/picture> <\/figure>\n<p class=\"article-text\"> La discusi\u00f3n se profundiz\u00f3 cuando le preguntaron por salarios, jubilaciones, tarifas y la situaci\u00f3n de los trabajadores estatales. <strong>Ravier asegur\u00f3 que \u201clos salarios est\u00e1n mejorando en general\u201d<\/strong> <strong>y destac\u00f3 especialmente la evoluci\u00f3n de los ingresos informales<\/strong>, donde habl\u00f3 de subas superiores al 60%. Sobre los trabajadores formales utiliz\u00f3 una descripci\u00f3n m\u00e1s cautelosa: dijo que atraviesan una situaci\u00f3n \u201cm\u00e1s estable\u201d y admiti\u00f3 que el asunto requiere un an\u00e1lisis espec\u00edfico. <\/p>\n<p class=\"article-text\"> A partir de all\u00ed ampli\u00f3 su defensa del programa econ\u00f3mico. <strong>\u201cEstamos mejor en materia de exportaciones, estamos mejor en materia de producci\u00f3n, estamos mejor en materia de bajar la inflaci\u00f3n, estamos mejor en bajar la pobreza, la indigencia\u201d<\/strong>, enumer\u00f3. Y enseguida expres\u00f3 su desconcierto frente a quienes describen una realidad diferente: \u201cYo no entiendo bien c\u00f3mo no lo ven la cantidad de aspectos en los cuales la Argentina est\u00e1 saliendo adelante\u201d. <\/p>\n<p class=\"article-text\"> La afirmaci\u00f3n m\u00e1s categ\u00f3rica lleg\u00f3 inmediatamente despu\u00e9s. <strong>\u201cLos n\u00fameros dicen que la situaci\u00f3n est\u00e1 mejorando\u201d<\/strong>, sostuvo. Ravier aclar\u00f3 que no pretend\u00eda ser \u201cinsensible\u201d frente a quienes tienen una percepci\u00f3n distinta, pero traz\u00f3 una frontera clara entre esas dificultades y el diagn\u00f3stico que hace la Casa Rosada: <strong>\u201cNo vemos, por lo menos desde el Gobierno, una situaci\u00f3n cr\u00edtica. No vemos crisis econ\u00f3mica\u201d<\/strong>. Tambi\u00e9n rechaz\u00f3 que exista un derrumbe del empleo y asegur\u00f3 que los niveles de desocupaci\u00f3n se mantienen en l\u00ednea con los de uno o dos a\u00f1os atr\u00e1s. <\/p>\n<figure> <picture class=\"news-image\"> <!--[if IE 9]><video style=\"display: none;\"><![endif]--><source media=\"(max-width: 576px)\" type=\"image\/webp\" srcset=\"https:\/\/static.eldiario.es\/clip\/7c932430-9bf0-46fb-b409-698db1a25eec_16-9-discover-aspect-ratio_50p_0.webp\"><source media=\"(max-width: 576px)\" type=\"image\/jpg\" srcset=\"https:\/\/static.eldiario.es\/clip\/7c932430-9bf0-46fb-b409-698db1a25eec_16-9-discover-aspect-ratio_50p_0.jpg\"><source media=\"(max-width: 767px)\" type=\"image\/webp\" srcset=\"https:\/\/static.eldiario.es\/clip\/7c932430-9bf0-46fb-b409-698db1a25eec_16-9-discover-aspect-ratio_75p_0.webp\"><source media=\"(max-width: 767px)\" type=\"image\/jpg\" srcset=\"https:\/\/static.eldiario.es\/clip\/7c932430-9bf0-46fb-b409-698db1a25eec_16-9-discover-aspect-ratio_75p_0.jpg\"><source media=\"(min-width: 768px)\" type=\"image\/webp\" srcset=\"https:\/\/static.eldiario.es\/clip\/7c932430-9bf0-46fb-b409-698db1a25eec_16-9-discover-aspect-ratio_default_0.webp\"><source media=\"(min-width: 768px)\" type=\"image\/jpg\" srcset=\"https:\/\/static.eldiario.es\/clip\/7c932430-9bf0-46fb-b409-698db1a25eec_16-9-discover-aspect-ratio_default_0.jpg\"><source type=\"image\/webp\" srcset=\"https:\/\/static.eldiario.es\/clip\/7c932430-9bf0-46fb-b409-698db1a25eec_16-9-discover-aspect-ratio_default_0.webp\"><!--[if IE 9]><\/video><![endif]--> <img decoding=\"async\" class=\"lazy\" loading=\"lazy\" src=\"https:\/\/static.eldiario.es\/clip\/7c932430-9bf0-46fb-b409-698db1a25eec_16-9-discover-aspect-ratio_default_0.jpg\" alt=\"Adri\u00e1n Ravier\"> <\/picture> <\/figure>\n<p class=\"article-text\"> El vocero s\u00ed admiti\u00f3 que la transformaci\u00f3n econ\u00f3mica puede producir costos concretos. Para explicarlo recurri\u00f3 al ejemplo del cierre de una f\u00e1brica de neum\u00e1ticos: reconoci\u00f3 que sus trabajadores pueden quedar desocupados, pero argument\u00f3 que si esos productos costaban tres veces m\u00e1s que ahora \u201cevidentemente hab\u00eda algo que corregir ah\u00ed\u201d. <strong>La tesis de Ravier fue que detenerse sobre una empresa o un sector permite encontrar indicadores negativos, mientras que la evaluaci\u00f3n cambia cuando se observa el conjunto<\/strong>. \u201cSi miramos la foto completa nosotros entendemos que la cosa est\u00e1 mejorando\u201d, resumi\u00f3. <\/p>\n<p class=\"article-text\"> Tambi\u00e9n reconoci\u00f3 un frente sensible alrededor de las tarifas. Defendi\u00f3 su actualizaci\u00f3n por el atraso heredado y por la necesidad de garantizar inversiones, pero confirm\u00f3 que <strong>el Gobierno analiza la cuesti\u00f3n de los subsidios, especialmente para las familias de menores ingresos<\/strong>, con el objetivo de amortiguar los incrementos. Por ahora, aclar\u00f3, no existe ning\u00fan anuncio concreto. <\/p>\n<p class=\"article-text\"> <em>PL\/CRM<\/em> <\/p>\n","protected":false},"excerpt":{"rendered":"<p>Adri\u00e1n Ravier lleg\u00f3 este martes a la conferencia de prensa con una instrucci\u00f3n precisa: no adelantar qu\u00e9 dir\u00e1 Javier Milei el jueves cuando hable por cadena nacional sobre la cuesti\u00f3n Malvinas. El vocero presidencial confirm\u00f3 que el mensaje ser\u00e1 a las 21, ratific\u00f3 que el Gobierno considera el reclamo de soberan\u00eda una \u201cprioridad\u201d y esquiv\u00f3 [&hellip;]<\/p>\n","protected":false},"author":1,"featured_media":38230,"comment_status":"closed","ping_status":"closed","sticky":false,"template":"","format":"standard","meta":{"footnotes":""},"categories":[123],"tags":[],"class_list":["post-38229","post","type-post","status-publish","format-standard","has-post-thumbnail","hentry","category-nacionales"],"_links":{"self":[{"href":"https:\/\/nvccatamarca.com\/index.php\/wp-json\/wp\/v2\/posts\/38229","targetHints":{"allow":["GET"]}}],"collection":[{"href":"https:\/\/nvccatamarca.com\/index.php\/wp-json\/wp\/v2\/posts"}],"about":[{"href":"https:\/\/nvccatamarca.com\/index.php\/wp-json\/wp\/v2\/types\/post"}],"author":[{"embeddable":true,"href":"https:\/\/nvccatamarca.com\/index.php\/wp-json\/wp\/v2\/users\/1"}],"replies":[{"embeddable":true,"href":"https:\/\/nvccatamarca.com\/index.php\/wp-json\/wp\/v2\/comments?post=38229"}],"version-history":[{"count":0,"href":"https:\/\/nvccatamarca.com\/index.php\/wp-json\/wp\/v2\/posts\/38229\/revisions"}],"wp:featuredmedia":[{"embeddable":true,"href":"https:\/\/nvccatamarca.com\/index.php\/wp-json\/wp\/v2\/media\/38230"}],"wp:attachment":[{"href":"https:\/\/nvccatamarca.com\/index.php\/wp-json\/wp\/v2\/media?parent=38229"}],"wp:term":[{"taxonomy":"category","embeddable":true,"href":"https:\/\/nvccatamarca.com\/index.php\/wp-json\/wp\/v2\/categories?post=38229"},{"taxonomy":"post_tag","embeddable":true,"href":"https:\/\/nvccatamarca.com\/index.php\/wp-json\/wp\/v2\/tags?post=38229"}],"curies":[{"name":"wp","href":"https:\/\/api.w.org\/{rel}","templated":true}]}}