{"id":38231,"date":"2026-09-01T13:14:58","date_gmt":"2026-09-01T16:14:58","guid":{"rendered":"https:\/\/www.eldiarioar.com\/politica\/gobierno-habla-avance-diplomatico-milei-hara-cadena-nacional-malvinas-dichos-trump_1_13480303.html"},"modified":"2026-09-01T13:14:58","modified_gmt":"2026-09-01T16:14:58","slug":"el-gobierno-habla-de-avance-diplomatico-y-milei-hara-una-cadena-nacional-sobre-malvinas-tras-los-dichos-de-trump","status":"publish","type":"post","link":"https:\/\/nvccatamarca.com\/index.php\/2026\/09\/01\/el-gobierno-habla-de-avance-diplomatico-y-milei-hara-una-cadena-nacional-sobre-malvinas-tras-los-dichos-de-trump\/","title":{"rendered":"El Gobierno habla de \u00abavance diplom\u00e1tico\u00bb y Milei har\u00e1 una cadena nacional sobre Malvinas tras los dichos de Trump"},"content":{"rendered":"<p class=\"article-text\"> <strong>Javier Milei<\/strong> hablar\u00e1 el jueves por la noche en <strong>cadena nacional sobre la cuesti\u00f3n Malvinas<\/strong>, apenas tres d\u00edas despu\u00e9s de que <strong>Donald Trump<\/strong> revelara que <a href=\"https:\/\/www.eldiarioar.com\/politica\/trump-dijo-revisar-respaldo-ee-uu-gran-bretana-malvinas_1_13478275.html\" data-mrf-recirculation=\"links-noticia\" class=\"link\">su administraci\u00f3n revisa la posici\u00f3n de Estados Unidos<\/a> sobre la disputa de soberan\u00eda entre la Argentina y el Reino Unido. La decisi\u00f3n termin\u00f3 de tomar forma este martes durante una reuni\u00f3n de gabinete en la Casa Rosada, donde el tema ocup\u00f3 buena parte de la discusi\u00f3n internacional y el canciller <strong>Pablo Quirno<\/strong> present\u00f3 un informe sobre los movimientos diplom\u00e1ticos que viene realizando el Gobierno. <\/p>\n<aside class=\"know-more know-more--with-image\" readability=\"0\"> <a href=\"https:\/\/www.eldiarioar.com\/politica\/trump-dijo-revisar-respaldo-ee-uu-gran-bretana-malvinas_1_13478275.html\" data-mrf-recirculation=\"saber-mas\" data-dl-event=\"saber-mas\" readability=\"2\"> <\/p>\n<p class=\"know-more__title\">Trump dijo que podr\u00eda \u201crevisar\u201d el respaldo de EE.UU. a Gran Breta\u00f1a por las Malvinas<\/p>\n<picture class=\"know-more__img\"> <!--[if IE 9]><video style=\"display: none;\"><![endif]--><source media=\"(max-width: 767px)\" type=\"image\/webp\" srcset=\"https:\/\/static.eldiario.es\/clip\/66256006-56a4-46d6-b157-7ac3fa9ad775_16-9-aspect-ratio_50p_0_x917y249.webp\"><source media=\"(max-width: 767px)\" type=\"image\/jpg\" srcset=\"https:\/\/static.eldiario.es\/clip\/66256006-56a4-46d6-b157-7ac3fa9ad775_16-9-aspect-ratio_50p_0_x917y249.jpg\"><source media=\"(min-width: 768px)\" type=\"image\/webp\" srcset=\"https:\/\/static.eldiario.es\/clip\/66256006-56a4-46d6-b157-7ac3fa9ad775_16-9-aspect-ratio_50p_0_x917y249.webp\"><source media=\"(min-width: 768px)\" type=\"image\/jpg\" srcset=\"https:\/\/static.eldiario.es\/clip\/66256006-56a4-46d6-b157-7ac3fa9ad775_16-9-aspect-ratio_50p_0_x917y249.jpg\"><source type=\"image\/webp\" srcset=\"https:\/\/static.eldiario.es\/clip\/66256006-56a4-46d6-b157-7ac3fa9ad775_16-9-aspect-ratio_default_0_x917y249.webp\"><!--[if IE 9]><\/video><![endif]--> <img decoding=\"async\" class=\"lazy\" loading=\"lazy\" src=\"https:\/\/static.eldiario.es\/clip\/66256006-56a4-46d6-b157-7ac3fa9ad775_16-9-aspect-ratio_default_0_x917y249.jpg\" alt=\"Trump dijo que podr\u00eda \u201crevisar\u201d el respaldo de EE.UU. a Gran Breta\u00f1a por las Malvinas\"> <\/picture> <\/a><br \/>\n<\/aside>\n<p class=\"article-text\"> El anuncio adquiere una dimensi\u00f3n particular por el momento elegido. Trump sorprendi\u00f3 el lunes cuando fue consultado en el Sal\u00f3n Oval sobre si Washington estaba reconsiderando su postura respecto de las islas.<strong> \u201cSiempre reviso cada posici\u00f3n. Esa es solo una de muchas\u201d<\/strong>, respondi\u00f3. El mandatario estadounidense no precis\u00f3 si esa revisi\u00f3n desembocar\u00e1 efectivamente en un cambio de pol\u00edtica, pero sus palabras fueron suficientes para generar expectativa en Buenos Aires y preocupaci\u00f3n en Londres. Es que <strong>Estados Unidos reconoce la administraci\u00f3n brit\u00e1nica de facto sobre las islas<\/strong>, aunque formalmente mantiene una posici\u00f3n de neutralidad frente a los reclamos contrapuestos de soberan\u00eda. <\/p>\n<figure> <picture class=\"news-image\"> <!--[if IE 9]><video style=\"display: none;\"><![endif]--><source media=\"(max-width: 576px)\" type=\"image\/webp\" srcset=\"https:\/\/static.eldiario.es\/clip\/e8c0c727-e444-49ca-916c-637838f8e566_16-9-discover-aspect-ratio_50p_0_x908y199.webp\"><source media=\"(max-width: 576px)\" type=\"image\/jpg\" srcset=\"https:\/\/static.eldiario.es\/clip\/e8c0c727-e444-49ca-916c-637838f8e566_16-9-discover-aspect-ratio_50p_0_x908y199.jpg\"><source media=\"(max-width: 767px)\" type=\"image\/webp\" srcset=\"https:\/\/static.eldiario.es\/clip\/e8c0c727-e444-49ca-916c-637838f8e566_16-9-discover-aspect-ratio_75p_0_x908y199.webp\"><source media=\"(max-width: 767px)\" type=\"image\/jpg\" srcset=\"https:\/\/static.eldiario.es\/clip\/e8c0c727-e444-49ca-916c-637838f8e566_16-9-discover-aspect-ratio_75p_0_x908y199.jpg\"><source media=\"(min-width: 768px)\" type=\"image\/webp\" srcset=\"https:\/\/static.eldiario.es\/clip\/e8c0c727-e444-49ca-916c-637838f8e566_16-9-discover-aspect-ratio_default_0_x908y199.webp\"><source media=\"(min-width: 768px)\" type=\"image\/jpg\" srcset=\"https:\/\/static.eldiario.es\/clip\/e8c0c727-e444-49ca-916c-637838f8e566_16-9-discover-aspect-ratio_default_0_x908y199.jpg\"><source type=\"image\/webp\" srcset=\"https:\/\/static.eldiario.es\/clip\/e8c0c727-e444-49ca-916c-637838f8e566_16-9-discover-aspect-ratio_default_0_x908y199.webp\"><!--[if IE 9]><\/video><![endif]--> <img decoding=\"async\" class=\"lazy\" loading=\"lazy\" src=\"https:\/\/static.eldiario.es\/clip\/e8c0c727-e444-49ca-916c-637838f8e566_16-9-discover-aspect-ratio_default_0_x908y199.jpg\" alt=\"Milei habl\u00f3 este martes de los dichos de Trump sobre Malvinas.\"> <\/picture> <\/figure>\n<p class=\"article-text\"> Milei hab\u00eda dado una primera se\u00f1al antes incluso de ingresar a la reuni\u00f3n. En <a href=\"https:\/\/www.eldiarioar.com\/politica\/milei-entusiasma-guino-trump-funcionario-ingles-afirmo-malvinas-seguiran-britanicas_1_13479876.html\" data-mrf-recirculation=\"links-noticia\" class=\"link\">una entrevista<\/a> concedida durante la ma\u00f1ana defini\u00f3 lo ocurrido el lunes como <strong>\u201calgo muy fuerte respecto a la causa m\u00e1s importante y sagrada que tenemos los argentinos\u201d<\/strong> y anticip\u00f3 que Malvinas formar\u00eda parte de la conversaci\u00f3n con sus ministros. <\/p>\n<p class=\"article-text\"> Seg\u00fan la informaci\u00f3n oficial, fue Quirno quien tuvo a su cargo la exposici\u00f3n espec\u00edfica durante el encuentro. El canciller hizo un repaso de lo que el Gobierno considera <strong>avances diplom\u00e1ticos en defensa del reclamo argentino de soberan\u00eda<\/strong> y, a partir de esa presentaci\u00f3n, se resolvi\u00f3 que Milei explique p\u00fablicamente los pr\u00f3ximos pasos.<strong> En Balcarce 50 todav\u00eda no adelantaron el contenido concreto del mensaje<\/strong> <strong>presidencial<\/strong> ni precisaron qu\u00e9 novedades anunciar\u00e1. <\/p>\n<p class=\"article-text\"> La expectativa oficial alrededor de las palabras de Trump contrasta, por ahora, con <strong>la cautela que exige el alcance real de su declaraci\u00f3n<\/strong>. El tema hab\u00eda comenzado a circular meses atr\u00e1s, cuando trascendi\u00f3 que el Pent\u00e1gono analizaba distintas medidas para presionar a aliados de la OTAN que Washington consideraba insuficientemente comprometidos con sus objetivos militares. Entre esas alternativas aparec\u00eda<strong> una revisi\u00f3n de la postura estadounidense sobre Malvinas<\/strong>. La semana pasada, adem\u00e1s, funcionarios norteamericanos volvieron a dejar abierta esa posibilidad como mecanismo de presi\u00f3n para conseguir que el Reino Unido aumente su gasto en Defensa. <\/p>\n<figure> <picture class=\"news-image\"> <!--[if IE 9]><video style=\"display: none;\"><![endif]--><source media=\"(max-width: 576px)\" type=\"image\/webp\" srcset=\"https:\/\/static.eldiario.es\/clip\/573fcdf2-1e38-456a-bf25-678df71747eb_16-9-discover-aspect-ratio_50p_0.webp\"><source media=\"(max-width: 576px)\" type=\"image\/jpg\" srcset=\"https:\/\/static.eldiario.es\/clip\/573fcdf2-1e38-456a-bf25-678df71747eb_16-9-discover-aspect-ratio_50p_0.jpg\"><source media=\"(max-width: 767px)\" type=\"image\/webp\" srcset=\"https:\/\/static.eldiario.es\/clip\/573fcdf2-1e38-456a-bf25-678df71747eb_16-9-discover-aspect-ratio_75p_0.webp\"><source media=\"(max-width: 767px)\" type=\"image\/jpg\" srcset=\"https:\/\/static.eldiario.es\/clip\/573fcdf2-1e38-456a-bf25-678df71747eb_16-9-discover-aspect-ratio_75p_0.jpg\"><source media=\"(min-width: 768px)\" type=\"image\/webp\" srcset=\"https:\/\/static.eldiario.es\/clip\/573fcdf2-1e38-456a-bf25-678df71747eb_16-9-discover-aspect-ratio_default_0.webp\"><source media=\"(min-width: 768px)\" type=\"image\/jpg\" srcset=\"https:\/\/static.eldiario.es\/clip\/573fcdf2-1e38-456a-bf25-678df71747eb_16-9-discover-aspect-ratio_default_0.jpg\"><source type=\"image\/webp\" srcset=\"https:\/\/static.eldiario.es\/clip\/573fcdf2-1e38-456a-bf25-678df71747eb_16-9-discover-aspect-ratio_default_0.webp\"><!--[if IE 9]><\/video><![endif]--> <img decoding=\"async\" class=\"lazy\" loading=\"lazy\" src=\"https:\/\/static.eldiario.es\/clip\/573fcdf2-1e38-456a-bf25-678df71747eb_16-9-discover-aspect-ratio_default_0.jpg\" alt=\"Monumento en conmemoraci\u00f3n a los ca\u00eddos en las Islas Malvinas\"> <\/picture> <\/figure>\n<p class=\"article-text\"> La Casa Rosada sigui\u00f3 esas se\u00f1ales con especial atenci\u00f3n por la relaci\u00f3n pol\u00edtica que Milei construy\u00f3 con Trump. <strong>El v\u00ednculo con Washington se convirti\u00f3 en uno de los pilares de la pol\u00edtica exterior libertaria<\/strong> y ahora el Gobierno busca explorar si esa cercan\u00eda puede traducirse tambi\u00e9n en alg\u00fan movimiento concreto alrededor de una cuesti\u00f3n hist\u00f3ricamente sensible para la diplomacia argentina. <\/p>\n<h2 class=\"article-text\">M\u00e1s temas<\/h2>\n<p class=\"article-text\"> Malvinas no fue el \u00fanico asunto sobre la mesa este martes. Milei aprovech\u00f3 el encuentro con su gabinete para hacer tambi\u00e9n <strong>una lectura optimista de la marcha de la econom\u00eda<\/strong>, concentrada en aquellos indicadores que la Casa Rosada considera favorables. Junto con sus ministros repas\u00f3 la desaceleraci\u00f3n de la inflaci\u00f3n, los datos de actividad y la situaci\u00f3n del mercado laboral, aunque sin detenerse, al menos seg\u00fan la informaci\u00f3n difundida oficialmente, en <strong>las se\u00f1ales menos c\u00f3modas que todav\u00eda atraviesan la econom\u00eda real, desde la fragilidad del empleo y los ingresos hasta las dificultades que persisten en distintos sectores productivos<\/strong>. <\/p>\n<figure> <picture class=\"news-image\"> <!--[if IE 9]><video style=\"display: none;\"><![endif]--><source media=\"(max-width: 576px)\" type=\"image\/webp\" srcset=\"https:\/\/static.eldiario.es\/clip\/085dfe56-ac7f-4b2b-9edd-009eaaa25029_16-9-discover-aspect-ratio_50p_0_x836y360.webp\"><source media=\"(max-width: 576px)\" type=\"image\/jpg\" srcset=\"https:\/\/static.eldiario.es\/clip\/085dfe56-ac7f-4b2b-9edd-009eaaa25029_16-9-discover-aspect-ratio_50p_0_x836y360.jpg\"><source media=\"(max-width: 767px)\" type=\"image\/webp\" srcset=\"https:\/\/static.eldiario.es\/clip\/085dfe56-ac7f-4b2b-9edd-009eaaa25029_16-9-discover-aspect-ratio_75p_0_x836y360.webp\"><source media=\"(max-width: 767px)\" type=\"image\/jpg\" srcset=\"https:\/\/static.eldiario.es\/clip\/085dfe56-ac7f-4b2b-9edd-009eaaa25029_16-9-discover-aspect-ratio_75p_0_x836y360.jpg\"><source media=\"(min-width: 768px)\" type=\"image\/webp\" srcset=\"https:\/\/static.eldiario.es\/clip\/085dfe56-ac7f-4b2b-9edd-009eaaa25029_16-9-discover-aspect-ratio_default_0_x836y360.webp\"><source media=\"(min-width: 768px)\" type=\"image\/jpg\" srcset=\"https:\/\/static.eldiario.es\/clip\/085dfe56-ac7f-4b2b-9edd-009eaaa25029_16-9-discover-aspect-ratio_default_0_x836y360.jpg\"><source type=\"image\/webp\" srcset=\"https:\/\/static.eldiario.es\/clip\/085dfe56-ac7f-4b2b-9edd-009eaaa25029_16-9-discover-aspect-ratio_default_0_x836y360.webp\"><!--[if IE 9]><\/video><![endif]--> <img decoding=\"async\" class=\"lazy\" loading=\"lazy\" src=\"https:\/\/static.eldiario.es\/clip\/085dfe56-ac7f-4b2b-9edd-009eaaa25029_16-9-discover-aspect-ratio_default_0_x836y360.jpg\" alt=\"Foto de la reuni\u00f3n de gabinete que encabez\u00f3 Milei tras el Tedeum del 9 de Julio en la Catedral Metropolitana.\"> <\/picture> <\/figure>\n<p class=\"article-text\"> La discusi\u00f3n tuvo adem\u00e1s un disparador particular: un art\u00edculo publicado durante el fin de semana por el ministro de Desregulaci\u00f3n y Transformaci\u00f3n del Estado, <strong>Federico Sturzenegger<\/strong>, construido precisamente alrededor de la idea de que existe <strong>una distancia entre los resultados econ\u00f3micos que reivindica el Gobierno y la percepci\u00f3n que transmiten los medios de comunicaci\u00f3n<\/strong>. Milei hab\u00eda anticipado antes del encuentro que utilizar\u00edan ese texto como punto de partida. As\u00ed, m\u00e1s que una revisi\u00f3n integral de la coyuntura, la conversaci\u00f3n funcion\u00f3 tambi\u00e9n como <strong>un ejercicio para reafirmar la interpretaci\u00f3n oficial sobre una econom\u00eda cuyos efectos siguen siendo mucho m\u00e1s discutidos fuera de las paredes de Balcarce 50<\/strong>. <\/p>\n<p class=\"article-text\"> De la reuni\u00f3n participaron, adem\u00e1s del canciller Quirno, la secretaria general de la Presidencia, <strong>Karina Milei<\/strong>; el jefe de Gabinete, <strong>Diego Santilli<\/strong>; los ministros <strong>Federico Sturzenegger<\/strong>, <strong>Alejandra Monteoliva<\/strong>, <strong>Carlos Presti<\/strong>, <strong>Mario Lugones<\/strong>, y <strong>Juan Bautista Mahiques<\/strong>; el presidente de la C\u00e1mara de Diputados, <strong>Mart\u00edn Menem<\/strong>; la senadora <strong>Patricia Bullrich<\/strong>; el asesor presidencial <strong>Santiago Caputo<\/strong>; la secretaria de Legal y T\u00e9cnica, <strong>Mar\u00eda Ibarzabal Murphy<\/strong>; el vocero presidencial, <strong>Adri\u00e1n Ravier<\/strong>; y el secretario de Comunicaci\u00f3n y Medios, <strong>Fabi\u00e1n Fern\u00e1ndez<\/strong>. <\/p>\n<p class=\"article-text\"> <em>PL<\/em> <\/p>\n","protected":false},"excerpt":{"rendered":"<p>Javier Milei hablar\u00e1 el jueves por la noche en cadena nacional sobre la cuesti\u00f3n Malvinas, apenas tres d\u00edas despu\u00e9s de que Donald Trump revelara que su administraci\u00f3n revisa la posici\u00f3n de Estados Unidos sobre la disputa de soberan\u00eda entre la Argentina y el Reino Unido. La decisi\u00f3n termin\u00f3 de tomar forma este martes durante una [&hellip;]<\/p>\n","protected":false},"author":1,"featured_media":38232,"comment_status":"closed","ping_status":"closed","sticky":false,"template":"","format":"standard","meta":{"footnotes":""},"categories":[123],"tags":[],"class_list":["post-38231","post","type-post","status-publish","format-standard","has-post-thumbnail","hentry","category-nacionales"],"_links":{"self":[{"href":"https:\/\/nvccatamarca.com\/index.php\/wp-json\/wp\/v2\/posts\/38231","targetHints":{"allow":["GET"]}}],"collection":[{"href":"https:\/\/nvccatamarca.com\/index.php\/wp-json\/wp\/v2\/posts"}],"about":[{"href":"https:\/\/nvccatamarca.com\/index.php\/wp-json\/wp\/v2\/types\/post"}],"author":[{"embeddable":true,"href":"https:\/\/nvccatamarca.com\/index.php\/wp-json\/wp\/v2\/users\/1"}],"replies":[{"embeddable":true,"href":"https:\/\/nvccatamarca.com\/index.php\/wp-json\/wp\/v2\/comments?post=38231"}],"version-history":[{"count":0,"href":"https:\/\/nvccatamarca.com\/index.php\/wp-json\/wp\/v2\/posts\/38231\/revisions"}],"wp:featuredmedia":[{"embeddable":true,"href":"https:\/\/nvccatamarca.com\/index.php\/wp-json\/wp\/v2\/media\/38232"}],"wp:attachment":[{"href":"https:\/\/nvccatamarca.com\/index.php\/wp-json\/wp\/v2\/media?parent=38231"}],"wp:term":[{"taxonomy":"category","embeddable":true,"href":"https:\/\/nvccatamarca.com\/index.php\/wp-json\/wp\/v2\/categories?post=38231"},{"taxonomy":"post_tag","embeddable":true,"href":"https:\/\/nvccatamarca.com\/index.php\/wp-json\/wp\/v2\/tags?post=38231"}],"curies":[{"name":"wp","href":"https:\/\/api.w.org\/{rel}","templated":true}]}}