{"id":38235,"date":"2026-09-02T11:13:22","date_gmt":"2026-09-02T14:13:22","guid":{"rendered":"https:\/\/airevision.com.ar\/?p=187279"},"modified":"2026-09-02T11:13:22","modified_gmt":"2026-09-02T14:13:22","slug":"el-sexto-episodio-de-nuestras-voces-2026-presenta-a-dalma-robles","status":"publish","type":"post","link":"https:\/\/nvccatamarca.com\/index.php\/2026\/09\/02\/el-sexto-episodio-de-nuestras-voces-2026-presenta-a-dalma-robles\/","title":{"rendered":"El sexto episodio de \u201cNuestras Voces\u201d 2026 presenta a Dalma Robles"},"content":{"rendered":"<div class=\"td-post-featured-image\"><a href=\"https:\/\/airevision.com.ar\/wp-content\/uploads\/2026\/09\/Nuestras-Voces-Episodio-6.jpeg\" data-caption><img loading=\"lazy\" decoding=\"async\" data-lazyloaded=\"1\" src=\"https:\/\/airevision.com.ar\/wp-content\/uploads\/2026\/09\/Nuestras-Voces-Episodio-6-696x392.jpeg\" width=\"696\" height=\"392\" class=\"entry-thumb td-modal-image\" data-sizes=\"(max-width: 696px) 100vw, 696px\" alt title=\"Nuestras Voces Episodio 6\" srcset=\"https:\/\/airevision.com.ar\/wp-content\/uploads\/2026\/09\/Nuestras-Voces-Episodio-6-696x392.jpeg 696w, https:\/\/airevision.com.ar\/wp-content\/uploads\/2026\/09\/Nuestras-Voces-Episodio-6-300x169.jpeg 300w, https:\/\/airevision.com.ar\/wp-content\/uploads\/2026\/09\/Nuestras-Voces-Episodio-6-1024x576.jpeg 1024w, https:\/\/airevision.com.ar\/wp-content\/uploads\/2026\/09\/Nuestras-Voces-Episodio-6-768x432.jpeg 768w, https:\/\/airevision.com.ar\/wp-content\/uploads\/2026\/09\/Nuestras-Voces-Episodio-6-1536x864.jpeg 1536w, https:\/\/airevision.com.ar\/wp-content\/uploads\/2026\/09\/Nuestras-Voces-Episodio-6-150x84.jpeg 150w, https:\/\/airevision.com.ar\/wp-content\/uploads\/2026\/09\/Nuestras-Voces-Episodio-6-1068x601.jpeg 1068w, https:\/\/airevision.com.ar\/wp-content\/uploads\/2026\/09\/Nuestras-Voces-Episodio-6.jpeg 1600w\"><\/a><\/div>\n<div readability=\"29\">El ciclo audiovisual \u201cNuestras Voces\u201d, organizado desde la Vicegobernaci\u00f3n que conduce Rub\u00e9n Dusso, contin\u00faa su sexta temporada presentando m\u00fasica catamarque\u00f1a en vivo desde la Biblioteca del Senado.<\/p>\n<p>La sexta entrega de Nuestras Voces, que se presentar\u00e1 este mi\u00e9rcoles 2 de septiembre a las 20 horas en en las cuentas de facebook e instagram del Senado, trae el arte de Dalma Robles, cantora catamarque\u00f1a que con el caudal de su voz nos contagia el entusiasmo y orgullo de formar parte de la gran comunidad que formamos como provincia.<\/p>\n<p>Una producci\u00f3n que refleja un nuevo a\u00f1o de trabajo por parte del equipo de Vicegobernaci\u00f3n comprometido en este proyecto, y que conforman bajo la direcci\u00f3n del subsecretario de Coordinaci\u00f3n y T\u00e9cnica de Senado, Julio Macedo; Agustin Isasmendi, David Moya, Marcos C\u00f3rdoba, Mauricio Ponce y Rodrigo Ferreira.<\/p>\n<\/div>\n<div readability=\"23.863636363636\">\n<p><b>Sobre el ciclo<\/b><\/p>\n<p>El ciclo audiovisual de m\u00fasica emitido desde la Biblioteca del Senado hace un recorrido por la cultura catamarque\u00f1a de la mano de artistas e int\u00e9rpretes que ponen de relieve la significancia que para cada uno tiene la historia y letra de la obra que elige para su presentaci\u00f3n, ya sea desde el canto, la copla, el recitado o la m\u00fasica urbana.<\/p>\n<p>El proyecto producido \u00edntegramente por el equipo de Vicegobernaci\u00f3n, cuenta con representantes pertenecientes a los departamentos de la provincia, proponiendo al p\u00fablico tender un puente entre el arte y su significado, como una unidad de sentido que permite a sonido de la voz permite al sonido de la voz o el instrumento, transportar nada m\u00e1s y nada menos que las huellas de la cultura en un momento tan especial de la historia como el actual.<\/p>\n<p>Los episodios de la temporada pueden disfrutarse a trav\u00e9s de este link&nbsp;<a href=\"https:\/\/www.youtube.com\/@senadodecatamarca\" target=\"_blank\" rel=\"noreferrer nofollow noopener\">https:\/\/www.youtube.com\/@senadodecatamarca<\/a><\/p>\n<\/div>\n","protected":false},"excerpt":{"rendered":"<p>El ciclo audiovisual \u201cNuestras Voces\u201d, organizado desde la Vicegobernaci\u00f3n que conduce Rub\u00e9n Dusso, contin\u00faa su sexta temporada presentando m\u00fasica catamarque\u00f1a en vivo desde la Biblioteca del Senado. La sexta entrega de Nuestras Voces, que se presentar\u00e1 este mi\u00e9rcoles 2 de septiembre a las 20 horas en en las cuentas de facebook e instagram del Senado, [&hellip;]<\/p>\n","protected":false},"author":1,"featured_media":38236,"comment_status":"open","ping_status":"closed","sticky":false,"template":"","format":"standard","meta":{"footnotes":""},"categories":[118],"tags":[],"class_list":["post-38235","post","type-post","status-publish","format-standard","has-post-thumbnail","hentry","category-provincia"],"_links":{"self":[{"href":"https:\/\/nvccatamarca.com\/index.php\/wp-json\/wp\/v2\/posts\/38235","targetHints":{"allow":["GET"]}}],"collection":[{"href":"https:\/\/nvccatamarca.com\/index.php\/wp-json\/wp\/v2\/posts"}],"about":[{"href":"https:\/\/nvccatamarca.com\/index.php\/wp-json\/wp\/v2\/types\/post"}],"author":[{"embeddable":true,"href":"https:\/\/nvccatamarca.com\/index.php\/wp-json\/wp\/v2\/users\/1"}],"replies":[{"embeddable":true,"href":"https:\/\/nvccatamarca.com\/index.php\/wp-json\/wp\/v2\/comments?post=38235"}],"version-history":[{"count":0,"href":"https:\/\/nvccatamarca.com\/index.php\/wp-json\/wp\/v2\/posts\/38235\/revisions"}],"wp:featuredmedia":[{"embeddable":true,"href":"https:\/\/nvccatamarca.com\/index.php\/wp-json\/wp\/v2\/media\/38236"}],"wp:attachment":[{"href":"https:\/\/nvccatamarca.com\/index.php\/wp-json\/wp\/v2\/media?parent=38235"}],"wp:term":[{"taxonomy":"category","embeddable":true,"href":"https:\/\/nvccatamarca.com\/index.php\/wp-json\/wp\/v2\/categories?post=38235"},{"taxonomy":"post_tag","embeddable":true,"href":"https:\/\/nvccatamarca.com\/index.php\/wp-json\/wp\/v2\/tags?post=38235"}],"curies":[{"name":"wp","href":"https:\/\/api.w.org\/{rel}","templated":true}]}}