{"id":38237,"date":"2026-09-02T17:09:19","date_gmt":"2026-09-02T20:09:19","guid":{"rendered":"https:\/\/airevision.com.ar\/?p=187300"},"modified":"2026-09-02T17:09:19","modified_gmt":"2026-09-02T20:09:19","slug":"detuvieron-a-un-hombre-de-42-anos-por-un-presunto-caso-de-violencia-de-genero-en-la-paz","status":"publish","type":"post","link":"https:\/\/nvccatamarca.com\/index.php\/2026\/09\/02\/detuvieron-a-un-hombre-de-42-anos-por-un-presunto-caso-de-violencia-de-genero-en-la-paz\/","title":{"rendered":"Detuvieron a un hombre de 42 a\u00f1os por un presunto caso de violencia de g\u00e9nero en La Paz"},"content":{"rendered":"<div class=\"td-post-featured-image\"><a href=\"https:\/\/airevision.com.ar\/wp-content\/uploads\/2026\/09\/786811208_1516356527193735_3599935199954466045_n-e1788379754206.jpg\" data-caption><img loading=\"lazy\" decoding=\"async\" data-lazyloaded=\"1\" src=\"https:\/\/airevision.com.ar\/wp-content\/uploads\/2026\/09\/786811208_1516356527193735_3599935199954466045_n-e1788379754206.jpg\" width=\"526\" height=\"373\" class=\"entry-thumb td-modal-image\" data-sizes=\"(max-width: 526px) 100vw, 526px\" alt title=\"786811208_1516356527193735_3599935199954466045_n\" srcset=\"https:\/\/airevision.com.ar\/wp-content\/uploads\/2026\/09\/786811208_1516356527193735_3599935199954466045_n-e1788379754206.jpg 526w, https:\/\/airevision.com.ar\/wp-content\/uploads\/2026\/09\/786811208_1516356527193735_3599935199954466045_n-e1788379754206-300x213.jpg 300w, https:\/\/airevision.com.ar\/wp-content\/uploads\/2026\/09\/786811208_1516356527193735_3599935199954466045_n-e1788379754206-150x106.jpg 150w\"><\/a><\/div>\n<p class=\"isSelectedEnd\">Un hombre de 42 a\u00f1os fue detenido este mi\u00e9rcoles en la localidad de San Antonio, departamento La Paz, acusado de un supuesto hecho de violencia de g\u00e9nero.<\/p>\n<p class=\"isSelectedEnd\">El procedimiento se realiz\u00f3 alrededor de las 10:30, por disposici\u00f3n de la Fiscal\u00eda de la Sexta Circunscripci\u00f3n Judicial. Personal de la Comisar\u00eda de San Antonio intervino en el operativo y traslad\u00f3 al acusado a la dependencia policial.<\/p>\n<p class=\"isSelectedEnd\">El hombre qued\u00f3 alojado en la comisar\u00eda y permanece a disposici\u00f3n de la Justicia, que deber\u00e1 avanzar con las actuaciones correspondientes para determinar las circunstancias del hecho.<\/p>\n<p>Ante situaciones de violencia de g\u00e9nero, las v\u00edctimas pueden comunicarse de manera gratuita y confidencial a la l\u00ednea 144 o al 911, disponibles las 24 horas.<\/p>\n","protected":false},"excerpt":{"rendered":"<p>Un hombre de 42 a\u00f1os fue detenido este mi\u00e9rcoles en la localidad de San Antonio, departamento La Paz, acusado de un supuesto hecho de violencia de g\u00e9nero. El procedimiento se realiz\u00f3 alrededor de las 10:30, por disposici\u00f3n de la Fiscal\u00eda de la Sexta Circunscripci\u00f3n Judicial. Personal de la Comisar\u00eda de San Antonio intervino en el [&hellip;]<\/p>\n","protected":false},"author":1,"featured_media":38238,"comment_status":"open","ping_status":"closed","sticky":false,"template":"","format":"standard","meta":{"footnotes":""},"categories":[118],"tags":[],"class_list":["post-38237","post","type-post","status-publish","format-standard","has-post-thumbnail","hentry","category-provincia"],"_links":{"self":[{"href":"https:\/\/nvccatamarca.com\/index.php\/wp-json\/wp\/v2\/posts\/38237","targetHints":{"allow":["GET"]}}],"collection":[{"href":"https:\/\/nvccatamarca.com\/index.php\/wp-json\/wp\/v2\/posts"}],"about":[{"href":"https:\/\/nvccatamarca.com\/index.php\/wp-json\/wp\/v2\/types\/post"}],"author":[{"embeddable":true,"href":"https:\/\/nvccatamarca.com\/index.php\/wp-json\/wp\/v2\/users\/1"}],"replies":[{"embeddable":true,"href":"https:\/\/nvccatamarca.com\/index.php\/wp-json\/wp\/v2\/comments?post=38237"}],"version-history":[{"count":0,"href":"https:\/\/nvccatamarca.com\/index.php\/wp-json\/wp\/v2\/posts\/38237\/revisions"}],"wp:featuredmedia":[{"embeddable":true,"href":"https:\/\/nvccatamarca.com\/index.php\/wp-json\/wp\/v2\/media\/38238"}],"wp:attachment":[{"href":"https:\/\/nvccatamarca.com\/index.php\/wp-json\/wp\/v2\/media?parent=38237"}],"wp:term":[{"taxonomy":"category","embeddable":true,"href":"https:\/\/nvccatamarca.com\/index.php\/wp-json\/wp\/v2\/categories?post=38237"},{"taxonomy":"post_tag","embeddable":true,"href":"https:\/\/nvccatamarca.com\/index.php\/wp-json\/wp\/v2\/tags?post=38237"}],"curies":[{"name":"wp","href":"https:\/\/api.w.org\/{rel}","templated":true}]}}