{"id":38239,"date":"2026-09-02T11:09:38","date_gmt":"2026-09-02T14:09:38","guid":{"rendered":"https:\/\/airevision.com.ar\/?p=187277"},"modified":"2026-09-02T11:09:38","modified_gmt":"2026-09-02T14:09:38","slug":"alfredo-aydar-analiza-impulsar-una-nueva-denuncia-contra-sarroca-en-tucuman","status":"publish","type":"post","link":"https:\/\/nvccatamarca.com\/index.php\/2026\/09\/02\/alfredo-aydar-analiza-impulsar-una-nueva-denuncia-contra-sarroca-en-tucuman\/","title":{"rendered":"Alfredo Aydar analiza impulsar una nueva denuncia contra Sarroca en Tucum\u00e1n"},"content":{"rendered":"<div class=\"td-post-featured-image\"><a href=\"https:\/\/airevision.com.ar\/wp-content\/uploads\/2025\/09\/aybar.jpg\" data-caption><img loading=\"lazy\" decoding=\"async\" data-lazyloaded=\"1\" src=\"https:\/\/airevision.com.ar\/wp-content\/uploads\/2025\/09\/aybar-696x517.jpg\" width=\"696\" height=\"517\" class=\"entry-thumb td-modal-image\" data-sizes=\"(max-width: 696px) 100vw, 696px\" alt title=\"aybar\" srcset=\"https:\/\/airevision.com.ar\/wp-content\/uploads\/2025\/09\/aybar-696x517.jpg 696w, https:\/\/airevision.com.ar\/wp-content\/uploads\/2025\/09\/aybar-300x223.jpg 300w, https:\/\/airevision.com.ar\/wp-content\/uploads\/2025\/09\/aybar-1024x761.jpg 1024w, https:\/\/airevision.com.ar\/wp-content\/uploads\/2025\/09\/aybar-768x571.jpg 768w, https:\/\/airevision.com.ar\/wp-content\/uploads\/2025\/09\/aybar-150x112.jpg 150w, https:\/\/airevision.com.ar\/wp-content\/uploads\/2025\/09\/aybar-485x360.jpg 485w, https:\/\/airevision.com.ar\/wp-content\/uploads\/2025\/09\/aybar-1068x794.jpg 1068w, https:\/\/airevision.com.ar\/wp-content\/uploads\/2025\/09\/aybar.jpg 1290w\"><\/a><\/div>\n<p class=\"isSelectedEnd\">El abogado querellante <strong>Alfredo Aydar<\/strong> anticip\u00f3 que analiza, junto a su equipo jur\u00eddico, la posibilidad de impulsar una <strong>nueva denuncia penal en la Justicia de Tucum\u00e1n contra Franco Alexis Sarroca<\/strong>, exgerente de Adhemar Capital, a partir de documentaci\u00f3n aportada recientemente por nuevos damnificados.<\/p>\n<p class=\"isSelectedEnd\">Seg\u00fan explic\u00f3 Aydar, los nuevos elementos permitir\u00edan avanzar sobre la presunta vinculaci\u00f3n de Sarroca con la operatoria que la empresa desarrollaba en Tucum\u00e1n y sobre hechos que, a criterio de la querella, no habr\u00edan sido investigados en profundidad en la causa tramitada en Catamarca.<\/p>\n<p class=\"isSelectedEnd\">\u201cDespu\u00e9s de cuatro a\u00f1os reci\u00e9n venimos a ver una l\u00ednea de investigaci\u00f3n de Sarroca con la sucursal Tucum\u00e1n\u201d, se\u00f1al\u00f3 el abogado.<\/p>\n<p class=\"isSelectedEnd\">En ese sentido, Aydar record\u00f3 que la <strong>C\u00e1mara Federal de Tucum\u00e1n<\/strong> hab\u00eda considerado que Sarroca se desempe\u00f1aba como gerente de Adhemar Capital y contaba con facultades para el manejo de dinero y la disposici\u00f3n de recursos de la empresa.<\/p>\n<p class=\"isSelectedEnd\">A partir de esta situaci\u00f3n, el abogado sostuvo que buscan determinar cu\u00e1l era concretamente el rol de Sarroca en Tucum\u00e1n: si viajaba a la provincia para cerrar negocios, si ten\u00eda personal gerencial a su cargo y qu\u00e9 v\u00ednculos manten\u00eda con empresarios y personas que participaron de la operatoria de Adhemar.<\/p>\n<h3>Analizan una nueva acci\u00f3n penal<\/h3>\n<p class=\"isSelectedEnd\">El equipo jur\u00eddico que trabaja en Tucum\u00e1n, encabezado por el abogado <strong>Juan Marcote<\/strong>, se encuentra analizando si los nuevos elementos permiten iniciar una causa independiente sin que exista una afectaci\u00f3n al principio de <strong>non bis in idem<\/strong>, que establece que una persona no puede ser perseguida o juzgada dos veces por los mismos hechos.<\/p>\n<p class=\"isSelectedEnd\">Aydar explic\u00f3 que, de acuerdo con el an\u00e1lisis realizado hasta el momento, ese principio no impedir\u00eda una nueva investigaci\u00f3n si se demuestra que <strong>los hechos y las personas que ser\u00edan denunciados en Tucum\u00e1n no fueron investigados en la causa de Catamarca<\/strong>.<\/p>\n<p class=\"isSelectedEnd\">\u201cEstos hechos y estas personas no han formado parte de la investigaci\u00f3n de Catamarca\u201d, afirm\u00f3.<\/p>\n<p class=\"isSelectedEnd\">Por este motivo, el abogado adelant\u00f3 que existe una alta posibilidad de que se presente una <strong>nueva acci\u00f3n penal en Tucum\u00e1n<\/strong>, orientada a investigar aquellos hechos y personas que, seg\u00fan la querella, quedaron fuera de la investigaci\u00f3n original.<\/p>\n<h3>El foco, puesto en la ruta del dinero<\/h3>\n<p class=\"isSelectedEnd\">Aydar tambi\u00e9n plante\u00f3 la necesidad de profundizar la investigaci\u00f3n sobre la <strong>ruta del dinero de Adhemar Capital<\/strong> y determinar qui\u00e9nes participaron de la operatoria en Tucum\u00e1n.<\/p>\n<p class=\"isSelectedEnd\">En sus declaraciones, cuestion\u00f3 el avance que tuvo hasta el momento la investigaci\u00f3n y sostuvo que todav\u00eda existen numerosos interrogantes respecto del origen y destino de los fondos que fueron colocados en la estructura de la empresa.<\/p>\n<p class=\"isSelectedEnd\">El abogado tambi\u00e9n realiz\u00f3 fuertes cuestionamientos contra el desempe\u00f1o de la Justicia Federal de Catamarca y mencion\u00f3 a empresarios, intendentes y funcionarios que, seg\u00fan sus dichos, deber\u00edan ser investigados. Estas afirmaciones corresponden a planteos de la querella y <strong>no implican una imputaci\u00f3n ni responsabilidad judicial acreditada sobre las personas mencionadas<\/strong>.<\/p>\n<p class=\"isSelectedEnd\">Aydar asegur\u00f3 que el equipo jur\u00eddico continuar\u00e1 analizando la documentaci\u00f3n aportada por los nuevos clientes y los plazos de prescripci\u00f3n de los posibles delitos.<\/p>\n<p>\u201cDios quiera que antes de fin de a\u00f1o ya tengamos la segunda causa Adhemar persiguiendo e investigando a aquellas personas que no han sido investigadas y a aquellos hechos que no han sido investigados\u201d, concluy\u00f3.<\/p>\n","protected":false},"excerpt":{"rendered":"<p>El abogado querellante Alfredo Aydar anticip\u00f3 que analiza, junto a su equipo jur\u00eddico, la posibilidad de impulsar una nueva denuncia penal en la Justicia de Tucum\u00e1n contra Franco Alexis Sarroca, exgerente de Adhemar Capital, a partir de documentaci\u00f3n aportada recientemente por nuevos damnificados. Seg\u00fan explic\u00f3 Aydar, los nuevos elementos permitir\u00edan avanzar sobre la presunta vinculaci\u00f3n [&hellip;]<\/p>\n","protected":false},"author":1,"featured_media":38240,"comment_status":"open","ping_status":"closed","sticky":false,"template":"","format":"standard","meta":{"footnotes":""},"categories":[118],"tags":[],"class_list":["post-38239","post","type-post","status-publish","format-standard","has-post-thumbnail","hentry","category-provincia"],"_links":{"self":[{"href":"https:\/\/nvccatamarca.com\/index.php\/wp-json\/wp\/v2\/posts\/38239","targetHints":{"allow":["GET"]}}],"collection":[{"href":"https:\/\/nvccatamarca.com\/index.php\/wp-json\/wp\/v2\/posts"}],"about":[{"href":"https:\/\/nvccatamarca.com\/index.php\/wp-json\/wp\/v2\/types\/post"}],"author":[{"embeddable":true,"href":"https:\/\/nvccatamarca.com\/index.php\/wp-json\/wp\/v2\/users\/1"}],"replies":[{"embeddable":true,"href":"https:\/\/nvccatamarca.com\/index.php\/wp-json\/wp\/v2\/comments?post=38239"}],"version-history":[{"count":0,"href":"https:\/\/nvccatamarca.com\/index.php\/wp-json\/wp\/v2\/posts\/38239\/revisions"}],"wp:featuredmedia":[{"embeddable":true,"href":"https:\/\/nvccatamarca.com\/index.php\/wp-json\/wp\/v2\/media\/38240"}],"wp:attachment":[{"href":"https:\/\/nvccatamarca.com\/index.php\/wp-json\/wp\/v2\/media?parent=38239"}],"wp:term":[{"taxonomy":"category","embeddable":true,"href":"https:\/\/nvccatamarca.com\/index.php\/wp-json\/wp\/v2\/categories?post=38239"},{"taxonomy":"post_tag","embeddable":true,"href":"https:\/\/nvccatamarca.com\/index.php\/wp-json\/wp\/v2\/tags?post=38239"}],"curies":[{"name":"wp","href":"https:\/\/api.w.org\/{rel}","templated":true}]}}