{"id":38241,"date":"2026-09-02T08:26:22","date_gmt":"2026-09-02T11:26:22","guid":{"rendered":"https:\/\/airevision.com.ar\/?p=187257"},"modified":"2026-09-02T08:26:22","modified_gmt":"2026-09-02T11:26:22","slug":"investigan-la-muerte-de-un-hombre-de-67-anos-tras-una-presunta-agresion-en-belen","status":"publish","type":"post","link":"https:\/\/nvccatamarca.com\/index.php\/2026\/09\/02\/investigan-la-muerte-de-un-hombre-de-67-anos-tras-una-presunta-agresion-en-belen\/","title":{"rendered":"Investigan la muerte de un hombre de 67 a\u00f1os tras una presunta agresi\u00f3n en Bel\u00e9n"},"content":{"rendered":"<div class=\"td-post-featured-image\"><a href=\"https:\/\/airevision.com.ar\/wp-content\/uploads\/2026\/09\/SUBCRIA-CORRAL-QUEMADO-e1788348353606.jpg\" data-caption><img loading=\"lazy\" decoding=\"async\" data-lazyloaded=\"1\" src=\"https:\/\/airevision.com.ar\/wp-content\/uploads\/2026\/09\/SUBCRIA-CORRAL-QUEMADO-e1788348353606.jpg\" width=\"648\" height=\"508\" class=\"entry-thumb td-modal-image\" data-sizes=\"(max-width: 648px) 100vw, 648px\" alt title=\"SUBCRIA CORRAL QUEMADO\" srcset=\"https:\/\/airevision.com.ar\/wp-content\/uploads\/2026\/09\/SUBCRIA-CORRAL-QUEMADO-e1788348353606.jpg 648w, https:\/\/airevision.com.ar\/wp-content\/uploads\/2026\/09\/SUBCRIA-CORRAL-QUEMADO-e1788348353606-300x235.jpg 300w, https:\/\/airevision.com.ar\/wp-content\/uploads\/2026\/09\/SUBCRIA-CORRAL-QUEMADO-e1788348353606-150x118.jpg 150w\"><\/a><\/div>\n<p class=\"isSelectedEnd\">Un joven de 20 a\u00f1os fue arrestado en averiguaci\u00f3n del hecho luego de que un hombre de 67 a\u00f1os, a quien habr\u00eda agredido f\u00edsicamente, falleciera este martes como consecuencia de la gravedad de las lesiones sufridas.<\/p>\n<p class=\"isSelectedEnd\">El hecho ocurri\u00f3 en la jurisdicci\u00f3n de Corral Quemado, departamento Bel\u00e9n, donde efectivos de la Subcomisar\u00eda local procedieron al arresto de un joven de apellido Quiroga, de 20 a\u00f1os.<\/p>\n<p class=\"isSelectedEnd\">De acuerdo con la informaci\u00f3n policial, el joven habr\u00eda agredido f\u00edsicamente al sexagenario, quien debi\u00f3 ser trasladado por profesionales m\u00e9dicos al Hospital Zonal de Bel\u00e9n para recibir asistencia.<\/p>\n<p class=\"isSelectedEnd\">Durante la jornada de este mi\u00e9rcoles, efectivos policiales tomaron conocimiento del fallecimiento del hombre de 67 a\u00f1os debido a la gravedad de las heridas.<\/p>\n<p>Ante esta situaci\u00f3n, el joven contin\u00faa alojado en la dependencia policial mientras avanza la investigaci\u00f3n. La causa qued\u00f3 bajo las directivas de la Fiscal\u00eda de la Tercera Circunscripci\u00f3n Judicial, desde donde se impartieron las medidas correspondientes para esclarecer las circunstancias del hecho.<\/p>\n","protected":false},"excerpt":{"rendered":"<p>Un joven de 20 a\u00f1os fue arrestado en averiguaci\u00f3n del hecho luego de que un hombre de 67 a\u00f1os, a quien habr\u00eda agredido f\u00edsicamente, falleciera este martes como consecuencia de la gravedad de las lesiones sufridas. El hecho ocurri\u00f3 en la jurisdicci\u00f3n de Corral Quemado, departamento Bel\u00e9n, donde efectivos de la Subcomisar\u00eda local procedieron al [&hellip;]<\/p>\n","protected":false},"author":1,"featured_media":38242,"comment_status":"open","ping_status":"closed","sticky":false,"template":"","format":"standard","meta":{"footnotes":""},"categories":[118],"tags":[],"class_list":["post-38241","post","type-post","status-publish","format-standard","has-post-thumbnail","hentry","category-provincia"],"_links":{"self":[{"href":"https:\/\/nvccatamarca.com\/index.php\/wp-json\/wp\/v2\/posts\/38241","targetHints":{"allow":["GET"]}}],"collection":[{"href":"https:\/\/nvccatamarca.com\/index.php\/wp-json\/wp\/v2\/posts"}],"about":[{"href":"https:\/\/nvccatamarca.com\/index.php\/wp-json\/wp\/v2\/types\/post"}],"author":[{"embeddable":true,"href":"https:\/\/nvccatamarca.com\/index.php\/wp-json\/wp\/v2\/users\/1"}],"replies":[{"embeddable":true,"href":"https:\/\/nvccatamarca.com\/index.php\/wp-json\/wp\/v2\/comments?post=38241"}],"version-history":[{"count":0,"href":"https:\/\/nvccatamarca.com\/index.php\/wp-json\/wp\/v2\/posts\/38241\/revisions"}],"wp:featuredmedia":[{"embeddable":true,"href":"https:\/\/nvccatamarca.com\/index.php\/wp-json\/wp\/v2\/media\/38242"}],"wp:attachment":[{"href":"https:\/\/nvccatamarca.com\/index.php\/wp-json\/wp\/v2\/media?parent=38241"}],"wp:term":[{"taxonomy":"category","embeddable":true,"href":"https:\/\/nvccatamarca.com\/index.php\/wp-json\/wp\/v2\/categories?post=38241"},{"taxonomy":"post_tag","embeddable":true,"href":"https:\/\/nvccatamarca.com\/index.php\/wp-json\/wp\/v2\/tags?post=38241"}],"curies":[{"name":"wp","href":"https:\/\/api.w.org\/{rel}","templated":true}]}}