{"id":38249,"date":"2026-09-02T19:05:33","date_gmt":"2026-09-02T22:05:33","guid":{"rendered":"https:\/\/airevision.com.ar\/?p=187310"},"modified":"2026-09-02T19:05:33","modified_gmt":"2026-09-02T22:05:33","slug":"vacunacion-casa-x-casa-en-el-barrio-eva-peron","status":"publish","type":"post","link":"https:\/\/nvccatamarca.com\/index.php\/2026\/09\/02\/vacunacion-casa-x-casa-en-el-barrio-eva-peron\/","title":{"rendered":"Vacunaci\u00f3n \u201cCasa x Casa\u201d en el Barrio Eva Per\u00f3n"},"content":{"rendered":"<div class=\"td-post-featured-image\"><a href=\"https:\/\/airevision.com.ar\/wp-content\/uploads\/2026\/09\/23e605b5-fc89-42b5-8d09-8690607d0dd1.jpeg\" data-caption><img loading=\"lazy\" decoding=\"async\" data-lazyloaded=\"1\" src=\"https:\/\/airevision.com.ar\/wp-content\/uploads\/2026\/09\/23e605b5-fc89-42b5-8d09-8690607d0dd1-696x464.jpeg\" width=\"696\" height=\"464\" class=\"entry-thumb td-modal-image\" data-sizes=\"(max-width: 696px) 100vw, 696px\" alt title=\"23e605b5-fc89-42b5-8d09-8690607d0dd1\" srcset=\"https:\/\/airevision.com.ar\/wp-content\/uploads\/2026\/09\/23e605b5-fc89-42b5-8d09-8690607d0dd1-696x464.jpeg 696w, https:\/\/airevision.com.ar\/wp-content\/uploads\/2026\/09\/23e605b5-fc89-42b5-8d09-8690607d0dd1-300x200.jpeg 300w, https:\/\/airevision.com.ar\/wp-content\/uploads\/2026\/09\/23e605b5-fc89-42b5-8d09-8690607d0dd1-1024x682.jpeg 1024w, https:\/\/airevision.com.ar\/wp-content\/uploads\/2026\/09\/23e605b5-fc89-42b5-8d09-8690607d0dd1-768x512.jpeg 768w, https:\/\/airevision.com.ar\/wp-content\/uploads\/2026\/09\/23e605b5-fc89-42b5-8d09-8690607d0dd1-150x100.jpeg 150w, https:\/\/airevision.com.ar\/wp-content\/uploads\/2026\/09\/23e605b5-fc89-42b5-8d09-8690607d0dd1-1068x712.jpeg 1068w, https:\/\/airevision.com.ar\/wp-content\/uploads\/2026\/09\/23e605b5-fc89-42b5-8d09-8690607d0dd1.jpeg 1430w\"><\/a><\/div>\n<p>Con el objetivo de reforzar las acciones de prevenci\u00f3n y las estrategias para aumentar la adhesi\u00f3n a la vacunaci\u00f3n, el Ministerio de Salud de la provincia contin\u00faa desarrollando operativos en diferentes lugares.<\/p>\n<p>En esta oportunidad, se vacunar\u00e1 \u201cCasa x Casa\u201d en el B\u00b0 Eva Per\u00f3n, el jueves 3 y viernes 4 de septiembre, de 9 a 12 horas.<\/p>\n<p>Personal del Ministerio de Salud, integrado por enfermeras\/os y agentes sanitarios, recorrer\u00e1n los domicilios del Barrio para controlar Libretas Sanitarias, completar esquemas de vacunaci\u00f3n con vacuna Triple Viral y Doble Viral, y fortalecer la protecci\u00f3n contra el sarampi\u00f3n.<\/p>\n<p>Se ruega a la poblaci\u00f3n colaborar con los agentes de salud, que est\u00e1n debidamente identificados con una credencial, y recibirlos en el domicilio. Adem\u00e1s, tener disponible la Libreta Sanitaria o Carn\u00e9 de Vacunaci\u00f3n.<\/p>\n","protected":false},"excerpt":{"rendered":"<p>Con el objetivo de reforzar las acciones de prevenci\u00f3n y las estrategias para aumentar la adhesi\u00f3n a la vacunaci\u00f3n, el Ministerio de Salud de la provincia contin\u00faa desarrollando operativos en diferentes lugares. En esta oportunidad, se vacunar\u00e1 \u201cCasa x Casa\u201d en el B\u00b0 Eva Per\u00f3n, el jueves 3 y viernes 4 de septiembre, de 9 [&hellip;]<\/p>\n","protected":false},"author":1,"featured_media":38250,"comment_status":"open","ping_status":"closed","sticky":false,"template":"","format":"standard","meta":{"footnotes":""},"categories":[118],"tags":[],"class_list":["post-38249","post","type-post","status-publish","format-standard","has-post-thumbnail","hentry","category-provincia"],"_links":{"self":[{"href":"https:\/\/nvccatamarca.com\/index.php\/wp-json\/wp\/v2\/posts\/38249","targetHints":{"allow":["GET"]}}],"collection":[{"href":"https:\/\/nvccatamarca.com\/index.php\/wp-json\/wp\/v2\/posts"}],"about":[{"href":"https:\/\/nvccatamarca.com\/index.php\/wp-json\/wp\/v2\/types\/post"}],"author":[{"embeddable":true,"href":"https:\/\/nvccatamarca.com\/index.php\/wp-json\/wp\/v2\/users\/1"}],"replies":[{"embeddable":true,"href":"https:\/\/nvccatamarca.com\/index.php\/wp-json\/wp\/v2\/comments?post=38249"}],"version-history":[{"count":0,"href":"https:\/\/nvccatamarca.com\/index.php\/wp-json\/wp\/v2\/posts\/38249\/revisions"}],"wp:featuredmedia":[{"embeddable":true,"href":"https:\/\/nvccatamarca.com\/index.php\/wp-json\/wp\/v2\/media\/38250"}],"wp:attachment":[{"href":"https:\/\/nvccatamarca.com\/index.php\/wp-json\/wp\/v2\/media?parent=38249"}],"wp:term":[{"taxonomy":"category","embeddable":true,"href":"https:\/\/nvccatamarca.com\/index.php\/wp-json\/wp\/v2\/categories?post=38249"},{"taxonomy":"post_tag","embeddable":true,"href":"https:\/\/nvccatamarca.com\/index.php\/wp-json\/wp\/v2\/tags?post=38249"}],"curies":[{"name":"wp","href":"https:\/\/api.w.org\/{rel}","templated":true}]}}