{"id":38251,"date":"2026-09-02T17:16:44","date_gmt":"2026-09-02T20:16:44","guid":{"rendered":"https:\/\/airevision.com.ar\/?p=187303"},"modified":"2026-09-02T17:16:44","modified_gmt":"2026-09-02T20:16:44","slug":"catamarca-impulsa-una-amplia-agenda-de-actividades-por-el-mes-de-la-prevencion-del-suicidio","status":"publish","type":"post","link":"https:\/\/nvccatamarca.com\/index.php\/2026\/09\/02\/catamarca-impulsa-una-amplia-agenda-de-actividades-por-el-mes-de-la-prevencion-del-suicidio\/","title":{"rendered":"Catamarca impulsa una amplia agenda de actividades por el Mes de la Prevenci\u00f3n del Suicidio"},"content":{"rendered":"<div class=\"td-post-content tagdiv-type\" readability=\"43\">\n<div class=\"td-post-featured-image\"><a href=\"https:\/\/airevision.com.ar\/wp-content\/uploads\/2026\/09\/Captura-de-pantalla-2026-09-02-171405.png\" data-caption><img loading=\"lazy\" decoding=\"async\" data-lazyloaded=\"1\" src=\"https:\/\/airevision.com.ar\/wp-content\/uploads\/2026\/09\/Captura-de-pantalla-2026-09-02-171405.png\" width=\"696\" height=\"466\" class=\"entry-thumb td-modal-image\" data-sizes=\"(max-width: 696px) 100vw, 696px\" alt title=\"Captura de pantalla 2026-09-02 171405\" srcset=\"https:\/\/airevision.com.ar\/wp-content\/uploads\/2026\/09\/Captura-de-pantalla-2026-09-02-171405.png 696w, https:\/\/airevision.com.ar\/wp-content\/uploads\/2026\/09\/Captura-de-pantalla-2026-09-02-171405-300x201.png 300w, https:\/\/airevision.com.ar\/wp-content\/uploads\/2026\/09\/Captura-de-pantalla-2026-09-02-171405-150x100.png 150w\"><\/a><\/div>\n<p>En el marco del Mes de la Prevenci\u00f3n del Suicidio, el Ministerio de Salud de la provincia llevar\u00e1 a cabo diversas acciones bajo el lema \u201cAl suicidio lo prevenimos en comunidad\u201d.<\/p>\n<p>A cargo de la Secretar\u00eda de Salud Mental y Consumos Problem\u00e1ticos, durante todo el mes se realizar\u00e1n talleres, consejer\u00eda, encuentros comunitarios, jornadas y foros, tanto en Capital como en el interior de la provincia.<\/p>\n<p><strong>Cronograma<\/strong><\/p>\n<ul>\n<li>Mi\u00e9rcoles 2: Taller de Cuidado entre pares. Fray Mamerto Esqui\u00fa.<\/li>\n<li>Jueves 3: Taller de Cuidado entre pares. Escuela N\u00b03 Pozo El Mistol.<\/li>\n<li>S\u00e1bado 5: Consejer\u00eda para padres en Prevenci\u00f3n del Suicidio. Parroquia Santo Esp\u00edritu, de 10 a 12hs. Encuentro comunitario para la prevenci\u00f3n del suicidio. El Bajo, Valle Viejo, de 13 a 16hs.<\/li>\n<li>Martes 8: Encuentro de Facilitadores Comunitarios en Fray Mamerto Esqui\u00fa: presentaci\u00f3n de la segunda etapa del Programa de Abordaje Integral del Suicidio, de 9 a 12hs.<\/li>\n<li>Mi\u00e9rcoles 9: Taller de Cuidado entre pares. Colegio Juan Pablo II, de 9.30 a 11.30hs. y Colegio Privado Rodolfo Senet, de 10.30 a 12.30hs.<\/li>\n<li>Jueves 10: Jornada comunitaria de prevencion del suicidio \u201cAl suicidio lo prevenimos en comunidad\u201d (MINTERSUI). Plaza 25 de Agosto, de 9 a 13hs.<\/li>\n<li>Viernes 11: Primer Encuentro Regional \u201cHacia un entramado de corresponsabilidad para el sost\u00e9n en la comunidad\u201d. Sal\u00f3n Amarillo, UNca, de 8 a 13hs. Encuentro Provincial de J\u00f3venes Promotores de la Salud Mental, con la presencia de la Psicoanalista Diana Altavilla. Club Juventud, de 17 a 19hs.<\/li>\n<li>S\u00e1bado 12: Encuentro comunitario. B\u00b0 Juan Pablo II.<\/li>\n<li>Lunes 14: Regi\u00f3n amarilla. Jornada para la prevenci\u00f3n del suicidio en Andalgala. Encuentro de referentes institucionales. Colegio Juan Pablo II.<\/li>\n<li>Martes 15: Regi\u00f3n amarilla. Jornada para la prevenci\u00f3n del suicidio en Chumbicha.<\/li>\n<li>Mi\u00e9rcoles 16: Taller de Cuidado entre pares. Escuela T\u00e9cnica N\u00b01 Fray Mamerto Esqui\u00fa.<\/li>\n<li>Jueves 17: Taller de Cuidado entre pares. Divisiones inferiores del Club Deportivo La Banda.<\/li>\n<li>Martes 22: Foro de Prevenci\u00f3n de Suicidio \u201cDesde la perspectiva de la diversidad. Lugar a confirmar, de 9 a 11hs. Encuentro comunitario. Los \u00c1ngeles, de 15 a 18hs.<\/li>\n<li>Mi\u00e9rcoles 23: Encuentro de Facilitadores Comunitarios en La Merced.<\/li>\n<li>Viernes 25: Foro sobre Comunicaci\u00f3n responsable \u201cEl suicidio \u00bfes noticia?\u201d. Instituto Estanislao Maldonado de Piedra Blanca, de 19 a 21hs.<\/li>\n<li>Lunes 28: Regi\u00f3n amarilla. Jornada para la prevenci\u00f3n del suicidio en Londres y Bel\u00e9n.<\/li>\n<li>Martes 29: Regi\u00f3n amarilla. Jornada para la prevenci\u00f3n del suicidio en Tinogasta y Fiambal\u00e1.<\/li>\n<li>Mi\u00e9rcoles 30: Regi\u00f3n amarilla. Jornada para la prevenci\u00f3n del suicidio en Santa Mar\u00eda y San Jos\u00e9.<\/li>\n<\/ul>\n<\/div>\n<footer>\n<div class=\"td-block-row td-post-next-prev\">\n<div class=\"td-block-span6 td-post-prev-post\">\n<div class=\"td-post-next-prev-content\"><span>Art\u00edculo anterior<\/span><a href=\"https:\/\/airevision.com.ar\/detuvieron-a-un-hombre-de-42-anos-por-un-presunto-caso-de-violencia-de-genero-en-la-paz\/\">Detuvieron a un hombre de 42 a\u00f1os por un presunto caso de violencia de g\u00e9nero en La Paz<\/a><\/div>\n<\/div>\n<div class=\"td-block-span6 td-post-next-post\">\n<div class=\"td-post-next-prev-content\"><span>Art\u00edculo siguiente<\/span><a href=\"https:\/\/airevision.com.ar\/el-senado-freno-el-avance-del-super-rigi-los-aliados-reclamaron-cambios-y-el-oficialismo-no-consiguio-las-firmas\/\">El Senado fren\u00f3 el avance del S\u00faper RIGI: los aliados reclamaron cambios y el oficialismo no consigui\u00f3 las firmas<\/a><\/div>\n<\/div>\n<\/div>\n<p> <span class=\"td-page-meta\" itemprop=\"author\" itemscope itemtype=\"https:\/\/schema.org\/Person\"><meta itemprop=\"name\" content=\"Aire Vision\"><meta itemprop=\"url\" content=\"https:\/\/airevision.com.ar\/author\/luciana737\/\"><\/span><meta itemprop=\"datePublished\" content=\"2026-09-02T17:16:44-03:00\"><meta itemprop=\"dateModified\" content=\"2026-09-02T17:16:44-03:00\"><meta itemscope itemprop=\"mainEntityOfPage\" itemtype=\"https:\/\/schema.org\/WebPage\" itemid=\"https:\/\/airevision.com.ar\/catamarca-impulsa-una-amplia-agenda-de-actividades-por-el-mes-de-la-prevencion-del-suicidio\/\"><span class=\"td-page-meta\" itemprop=\"publisher\" itemscope itemtype=\"https:\/\/schema.org\/Organization\"><span class=\"td-page-meta\" itemprop=\"logo\" itemscope itemtype=\"https:\/\/schema.org\/ImageObject\"><meta itemprop=\"url\" content=\"https:\/\/airevision.com.ar\/catamarca-impulsa-una-amplia-agenda-de-actividades-por-el-mes-de-la-prevencion-del-suicidio\/\"><\/span><meta itemprop=\"name\" content=\"Catamarca es Noticia\"><\/span><meta itemprop=\"headline \" content=\"Catamarca impulsa una amplia agenda de actividades por el Mes de la Prevenci\u00f3n del Suicidio\"><span class=\"td-page-meta\" itemprop=\"image\" itemscope itemtype=\"https:\/\/schema.org\/ImageObject\"><meta itemprop=\"url\" content=\"https:\/\/airevision.com.ar\/wp-content\/uploads\/2026\/09\/Captura-de-pantalla-2026-09-02-171405.png\"><meta itemprop=\"width\" content=\"696\"><meta itemprop=\"height\" content=\"466\"><\/span><\/footer>\n","protected":false},"excerpt":{"rendered":"<p>En el marco del Mes de la Prevenci\u00f3n del Suicidio, el Ministerio de Salud de la provincia llevar\u00e1 a cabo diversas acciones bajo el lema \u201cAl suicidio lo prevenimos en comunidad\u201d. A cargo de la Secretar\u00eda de Salud Mental y Consumos Problem\u00e1ticos, durante todo el mes se realizar\u00e1n talleres, consejer\u00eda, encuentros comunitarios, jornadas y foros, [&hellip;]<\/p>\n","protected":false},"author":1,"featured_media":38252,"comment_status":"open","ping_status":"closed","sticky":false,"template":"","format":"standard","meta":{"footnotes":""},"categories":[118],"tags":[],"class_list":["post-38251","post","type-post","status-publish","format-standard","has-post-thumbnail","hentry","category-provincia"],"_links":{"self":[{"href":"https:\/\/nvccatamarca.com\/index.php\/wp-json\/wp\/v2\/posts\/38251","targetHints":{"allow":["GET"]}}],"collection":[{"href":"https:\/\/nvccatamarca.com\/index.php\/wp-json\/wp\/v2\/posts"}],"about":[{"href":"https:\/\/nvccatamarca.com\/index.php\/wp-json\/wp\/v2\/types\/post"}],"author":[{"embeddable":true,"href":"https:\/\/nvccatamarca.com\/index.php\/wp-json\/wp\/v2\/users\/1"}],"replies":[{"embeddable":true,"href":"https:\/\/nvccatamarca.com\/index.php\/wp-json\/wp\/v2\/comments?post=38251"}],"version-history":[{"count":0,"href":"https:\/\/nvccatamarca.com\/index.php\/wp-json\/wp\/v2\/posts\/38251\/revisions"}],"wp:featuredmedia":[{"embeddable":true,"href":"https:\/\/nvccatamarca.com\/index.php\/wp-json\/wp\/v2\/media\/38252"}],"wp:attachment":[{"href":"https:\/\/nvccatamarca.com\/index.php\/wp-json\/wp\/v2\/media?parent=38251"}],"wp:term":[{"taxonomy":"category","embeddable":true,"href":"https:\/\/nvccatamarca.com\/index.php\/wp-json\/wp\/v2\/categories?post=38251"},{"taxonomy":"post_tag","embeddable":true,"href":"https:\/\/nvccatamarca.com\/index.php\/wp-json\/wp\/v2\/tags?post=38251"}],"curies":[{"name":"wp","href":"https:\/\/api.w.org\/{rel}","templated":true}]}}