{"id":38253,"date":"2026-09-03T00:14:27","date_gmt":"2026-09-03T03:14:27","guid":{"rendered":"https:\/\/airevision.com.ar\/?p=187331"},"modified":"2026-09-03T00:14:27","modified_gmt":"2026-09-03T03:14:27","slug":"caputo-respondio-a-las-quejas-de-industriales-me-toca-defender-los-intereses-de-los-argentinos-no-de-determinados-empresarios","status":"publish","type":"post","link":"https:\/\/nvccatamarca.com\/index.php\/2026\/09\/03\/caputo-respondio-a-las-quejas-de-industriales-me-toca-defender-los-intereses-de-los-argentinos-no-de-determinados-empresarios\/","title":{"rendered":"Caputo respondi\u00f3 a las quejas de industriales: \u201cMe toca defender los intereses de los argentinos, no de determinados empresarios\u201d"},"content":{"rendered":"<div class=\"td-post-featured-image\"><a href=\"https:\/\/airevision.com.ar\/wp-content\/uploads\/2026\/09\/caputo.png\" data-caption><img loading=\"lazy\" decoding=\"async\" data-lazyloaded=\"1\" src=\"https:\/\/airevision.com.ar\/wp-content\/uploads\/2026\/09\/caputo-696x457.png\" width=\"696\" height=\"457\" class=\"entry-thumb td-modal-image\" data-sizes=\"(max-width: 696px) 100vw, 696px\" alt title=\"caputo\" srcset=\"https:\/\/airevision.com.ar\/wp-content\/uploads\/2026\/09\/caputo-696x457.png 696w, https:\/\/airevision.com.ar\/wp-content\/uploads\/2026\/09\/caputo-300x197.png 300w, https:\/\/airevision.com.ar\/wp-content\/uploads\/2026\/09\/caputo-768x504.png 768w, https:\/\/airevision.com.ar\/wp-content\/uploads\/2026\/09\/caputo-150x98.png 150w, https:\/\/airevision.com.ar\/wp-content\/uploads\/2026\/09\/caputo.png 922w\"><\/a><\/div>\n<p>Luego de las&nbsp;declaraciones&nbsp;del vicepresidente de la Uni\u00f3n Industrial Argentina (UIA),<b>&nbsp;Guillermo Moretti<\/b>, que lo trato de&nbsp;<i>trader<\/i>&nbsp;que no sabe lo que es un torno, el ministro de Econom\u00eda,&nbsp;<b>Luis Caputo<\/b>, sostuvo que&nbsp;<b>debe priorizar a 48 millones de argentinos por encima de sectores empresariales espec\u00edficos<\/b>. Lo dijo durante el evento&nbsp;<i>Vientos de cambio<\/i>, que se realiz\u00f3 este mi\u00e9rcoles en el Hotel Sheraton, en Retiro, donde se refiri\u00f3 a los reclamos de industriales y defendi\u00f3 la orientaci\u00f3n econ\u00f3mica del Gobierno.<\/p>\n<p>\u201cEntiendo perfectamente las frustraciones que todo cambio genera, segundo porque cada uno defiende sus intereses\u201d, afirm\u00f3 el ministro. A continuaci\u00f3n, diferenci\u00f3 la posici\u00f3n de los sectores privados de su responsabilidad al frente de la cartera econ\u00f3mica. \u201c<b>Como ministro de Econom\u00eda, me toca defender los intereses de 48 millones de argentinos, no de determinados empresarios<\/b>\u201d, expres\u00f3.<\/p>\n<p>Caputo plante\u00f3 que el Gobierno debe considerar el efecto de las pol\u00edticas sobre el conjunto de la poblaci\u00f3n y no sobre sectores en particular. En ese sentido, vincul\u00f3 su postura con la discusi\u00f3n sobre los precios de los bienes, el nivel de protecci\u00f3n para algunos sectores y las condiciones de competencia dentro de la econom\u00eda.<\/p>\n<p>Durante su exposici\u00f3n, el ministro dijo que los argentinos no deber\u00edan afrontar valores elevados por bienes que, seg\u00fan se\u00f1al\u00f3, podr\u00edan tener menor calidad. \u201c<b>Como ministro de Econom\u00eda, yo tengo que tener empat\u00eda con todos los argentinos y hacer lo que es moralmente justo<\/b>\u201d, afirm\u00f3 ante los asistentes.<\/p>\n<p>El ministro cuestion\u00f3 que la protecci\u00f3n a ciertas actividades recaiga sobre los consumidores. \u201cQue los argentinos tengan que pagar bienes de menor calidad a dos, cuatro, 10 veces su valor me parece inmoral e injusto\u201d, dijo. Tambi\u00e9n sostuvo que esa situaci\u00f3n no puede prolongarse mediante subsidios dirigidos a determinados empresarios. \u201cNo hay otra forma, la forma no puede ser que los argentinos sigan subsidiando a determinados empresarios\u201d, afirm\u00f3.<\/p>\n<p>Las declaraciones se dan en un d\u00eda particular, en el D\u00eda de la Industria, en donde ning\u00fan funcionario nacional particip\u00f3 del evento oficial que se realiz\u00f3 en la planta del Laboratorio Elea, en Malvinas Argentinas. Lo que marca una nueva de tensi\u00f3n entre el Gobierno y la entidad industrial ya que el a\u00f1o pasado tanto Caputo como Diego Santilli (entonces ministro del Interior) participaron.<\/p>\n<p class=\"paragraph\" data-paragraph-number=\"7\" data-mrf-recirculation=\"Links inline\">Pero Caputo tambi\u00e9n aprovecho para oportunidad para apuntar contra el modelo anterior, que en su visi\u00f3n no fortaleci\u00f3 a la industria sino por el contrario, llev\u00f3 a que cayera 10 puntos en los \u00faltimos 11 a\u00f1os a pesar de que supuestamente existieron pol\u00edticas orientadas a sostener determinadas estructuras productivas. \u201c<b>No hay ning\u00fan dato que soporte eso<\/b>\u201d, sostuvo.<\/p>\n<p class=\"paragraph\" data-paragraph-number=\"8\" data-mrf-recirculation=\"Links inline\">Caputo rechaz\u00f3 la caracterizaci\u00f3n de \u201cfinanciero\u201d para el programa econ\u00f3mico actual. \u201cCuando se quiere tildar de financiero a este modelo, yo creo que lo opuesto, financiero era el programa anterior\u201d, afirm\u00f3 durante el encuentro en el Hotel Sheraton.<\/p>\n<p class=\"paragraph\" data-paragraph-number=\"9\" data-mrf-recirculation=\"Links inline\">Tambi\u00e9n vincul\u00f3 el debate con la inserci\u00f3n internacional. \u201cSe viene un mundo en el que la opci\u00f3n no puede ser encerrarnos, sep\u00e1moslo\u201d, afirm\u00f3. Esa frase form\u00f3 parte de su planteo sobre las alternativas que enfrenta la econom\u00eda y sobre la necesidad de evitar un esquema de cierre.<\/p>\n<p class=\"paragraph\" data-paragraph-number=\"10\" data-mrf-recirculation=\"Links inline\">Caputo insisti\u00f3 en que la discusi\u00f3n no se debe limita al valor de la moneda. \u201cLa cosa no pasa por el tipo de cambio, pasa por bajar impuestos, reducir regulaciones, bajar el costo financiero y mejorar todo lo que es infraestructura\u201d, dijo. Es que en su visi\u00f3n es a trav\u00e9s de la baja de impuestos, la reducci\u00f3n de regulaciones, el descenso de costo financiero y la mejora de la infraestructura.<\/p>\n<p class=\"paragraph\" data-paragraph-number=\"11\" data-mrf-recirculation=\"Links inline\">Y fue en ese punto que el ministro adelant\u00f3 que avanzar\u00e1 con la licitaci\u00f3n de<b>&nbsp;6.000 kilometros<\/b>&nbsp;de rutas nacionales libres de impuestos. Seg\u00fan pudo saber&nbsp;<b>Infobae<\/b>&nbsp;con fuentes al tanto, el Gobierno va a enviar al Congreso un proyecto para las inversiones no est\u00e9n sujetas a impuestos nacionales, provinciales y municipales.<\/p>\n<p class=\"paragraph\" data-paragraph-number=\"12\" data-mrf-recirculation=\"Links inline\">\u201cUna cosa que vamos a estar haciendo, y que estoy seguro que vamos a contar con el apoyo de los gobernadores para esto porque coinciden que la inversi\u00f3n en ruta e infraestructura es fundamental, es que todo lo que sea inversi\u00f3n de miles de kil\u00f3metros vamos a proponer que sea a cero impuesto nacional, provincial y municipal, de manera que se genera m\u00e1s incentivo y que sea m\u00e1s barato todo este proceso de desarrollo y que se haga m\u00e1s r\u00e1pido\u201d, sostuvo Caputo.<\/p>\n<p data-paragraph-number=\"12\" data-mrf-recirculation=\"Links inline\">La construcci\u00f3n se trata de un sector clave el Gobierno busca reactivar por el impacto que tiene en el conjutno de la econom\u00eda por la cantidad de trabajadores que movilizan. Lo que quedo expuesto con las \u00faltimas medidas que anuncio Caputo de flexibilizaci\u00f3n de cr\u00e9ditos en d\u00f3lares para las empresas y el fondeo a los bancos mediante el Fondo de Garant\u00eda de Sustentabilidad (FGS).<\/p>\n","protected":false},"excerpt":{"rendered":"<p>Luego de las&nbsp;declaraciones&nbsp;del vicepresidente de la Uni\u00f3n Industrial Argentina (UIA),&nbsp;Guillermo Moretti, que lo trato de&nbsp;trader&nbsp;que no sabe lo que es un torno, el ministro de Econom\u00eda,&nbsp;Luis Caputo, sostuvo que&nbsp;debe priorizar a 48 millones de argentinos por encima de sectores empresariales espec\u00edficos. Lo dijo durante el evento&nbsp;Vientos de cambio, que se realiz\u00f3 este mi\u00e9rcoles en el [&hellip;]<\/p>\n","protected":false},"author":1,"featured_media":38254,"comment_status":"open","ping_status":"closed","sticky":false,"template":"","format":"standard","meta":{"footnotes":""},"categories":[132],"tags":[],"class_list":["post-38253","post","type-post","status-publish","format-standard","has-post-thumbnail","hentry","category-destacados"],"_links":{"self":[{"href":"https:\/\/nvccatamarca.com\/index.php\/wp-json\/wp\/v2\/posts\/38253","targetHints":{"allow":["GET"]}}],"collection":[{"href":"https:\/\/nvccatamarca.com\/index.php\/wp-json\/wp\/v2\/posts"}],"about":[{"href":"https:\/\/nvccatamarca.com\/index.php\/wp-json\/wp\/v2\/types\/post"}],"author":[{"embeddable":true,"href":"https:\/\/nvccatamarca.com\/index.php\/wp-json\/wp\/v2\/users\/1"}],"replies":[{"embeddable":true,"href":"https:\/\/nvccatamarca.com\/index.php\/wp-json\/wp\/v2\/comments?post=38253"}],"version-history":[{"count":0,"href":"https:\/\/nvccatamarca.com\/index.php\/wp-json\/wp\/v2\/posts\/38253\/revisions"}],"wp:featuredmedia":[{"embeddable":true,"href":"https:\/\/nvccatamarca.com\/index.php\/wp-json\/wp\/v2\/media\/38254"}],"wp:attachment":[{"href":"https:\/\/nvccatamarca.com\/index.php\/wp-json\/wp\/v2\/media?parent=38253"}],"wp:term":[{"taxonomy":"category","embeddable":true,"href":"https:\/\/nvccatamarca.com\/index.php\/wp-json\/wp\/v2\/categories?post=38253"},{"taxonomy":"post_tag","embeddable":true,"href":"https:\/\/nvccatamarca.com\/index.php\/wp-json\/wp\/v2\/tags?post=38253"}],"curies":[{"name":"wp","href":"https:\/\/api.w.org\/{rel}","templated":true}]}}