{"id":38255,"date":"2026-09-03T00:08:20","date_gmt":"2026-09-03T03:08:20","guid":{"rendered":"https:\/\/airevision.com.ar\/?p=187328"},"modified":"2026-09-03T00:08:20","modified_gmt":"2026-09-03T03:08:20","slug":"javier-milei-de-cara-al-2027-si-no-ganamos-es-porque-como-sociedad-estamos-decidiendo-suicidarnos","status":"publish","type":"post","link":"https:\/\/nvccatamarca.com\/index.php\/2026\/09\/03\/javier-milei-de-cara-al-2027-si-no-ganamos-es-porque-como-sociedad-estamos-decidiendo-suicidarnos\/","title":{"rendered":"Javier Milei, de cara al 2027: \u201cSi no ganamos, es porque como sociedad estamos decidiendo suicidarnos\u201d"},"content":{"rendered":"<div><img decoding=\"async\" src=\"https:\/\/airevision.com.ar\/wp-content\/uploads\/2026\/09\/Captura-de-pantalla-2026-09-03-000732.png\" class=\"ff-og-image-inserted\"><\/div>\n<div data-mrf-recirculation=\"Nota - enlaces texto\" readability=\"37\">\n<p id=\"p-1788385790882-26259\" dir=\"ltr\"><strong>Javier Milei<\/strong>&nbsp;expuso este mi\u00e9rcoles en el encuentro \u201c<strong>Vientos de Cambio<\/strong>\u201c, organizado por la Fundaci\u00f3n Libertad y Progreso, y rechaz\u00f3 de plano cualquier correcci\u00f3n del programa econ\u00f3mico, aun cuando admiti\u00f3 que sin resultados visibles el acompa\u00f1amiento social se vuelve m\u00e1s dif\u00edcil.<\/p>\n<\/div>\n<div data-mrf-recirculation=\"Nota - enlaces texto\" readability=\"92\">\n<p id=\"p-1788385790882-46079\" dir=\"ltr\">El planteo del mandatario apunt\u00f3 directamente a los pedidos de flexibilizaci\u00f3n que empezaron a circular con el calendario electoral en el horizonte. \u201cEn el debate reciente hay muchas personas que, a la luz del a\u00f1o electoral que se viene, y lo hacen con buena intenci\u00f3n queriendo que se asegure la reelecci\u00f3n y podamos continuar con este rumbo, piden que flexibilicemos nuestra pol\u00edtica monetaria y fiscal. Y la respuesta es: no vamos a hacer eso. El resultado fiscal no se negocia. Y no vamos a negociar la pol\u00edtica monetaria porque no vamos a parar hasta terminar de derrotar la inflaci\u00f3n\u201d, afirm\u00f3.<\/p>\n<p dir=\"ltr\">Sobre esa base construy\u00f3 el eje ideol\u00f3gico del discurso: \u201cSi lo tuviera que poner en una frase es: al populismo no se le gana haciendo populismo. No hay sustituto para las buenas pol\u00edticas, no hay sustituto a hacer lo moralmente correcto, a llevar a cabo pol\u00edticas que sean justas. Y lo que tenemos que hacer es mantenernos en ese rumbo y que elijan los argentinos\u201d.<\/p>\n<p dir=\"ltr\">En la misma l\u00ednea sostuvo que \u201clas buenas pol\u00edticas no se negocian y estar\u00e1 en manos de los argentinos si quieren volver al pasado; si quieren volver a abrazar al fracaso o continuar con esta transformaci\u00f3n que har\u00e1 grande a la Argentina nuevamente\u201d. Tambi\u00e9n reiter\u00f3 que su gesti\u00f3n no va a \u201cviolentar el derecho a la vida, la libertad y la propiedad privada\u201d.<\/p>\n<h2 id=\"p-1788385790882-25913\">El mensaje electoral<\/h2>\n<p id=\"p-1788385790882-46402\" dir=\"ltr\">Al proyectarse sobre los comicios del a\u00f1o pr\u00f3ximo, el Presidente present\u00f3 la elecci\u00f3n como una comparaci\u00f3n de gestiones m\u00e1s que como una disputa de promesas. Los argentinos, dijo, van a tener \u201cun verdadero men\u00fa de opciones donde se pueden mostrar ideas y resultados\u201d.<\/p>\n<p id=\"p-1788385790882-71159\" dir=\"ltr\">Desde ah\u00ed pas\u00f3 al reproche. \u201cConf\u00edo en los argentinos: no puede ser que un conjunto de mentirosos tapen el sol con un dedo\u201d, lanz\u00f3, en alusi\u00f3n a la oposici\u00f3n y al periodismo cr\u00edtico. Retom\u00f3 su distinci\u00f3n habitual entre la \u201cfoto\u201d del presente social, que reconoci\u00f3 como mala, y la \u201cpel\u00edcula\u201d, que defini\u00f3 como la mejor de la historia, y se pregunt\u00f3: \u201c\u00bfSe imaginan lo que estar\u00edan diciendo si estos logros en materia social los hubiera hecho el peronismo? Hoy el 50% de las calles llevar\u00edan mi nombre, pero claro, no soy peronista\u201d.<\/p>\n<p id=\"p-1788385790882-27704\" dir=\"ltr\">El pasaje m\u00e1s filoso lleg\u00f3 al hablar de un eventual resultado adverso: \u201c<strong>Si no ganamos, es porque como sociedad estamos decidiendo suicidarnos<\/strong>: ahora, todo lo que est\u00e1 a mi alcance y de mi equipo lo estamos haciendo\u201d.<\/p>\n<h2 id=\"p-1788385790882-82697\">Brasil y el mapa regional<\/h2>\n<p id=\"p-1788385790882-46887\" dir=\"ltr\">En el arranque de su exposici\u00f3n, Milei hab\u00eda dedicado un tramo a la expansi\u00f3n de gobiernos afines en el continente, con la imagen de pa\u00edses \u201cpintados de azul\u201d en contraposici\u00f3n al \u201crojo\u201d que asoci\u00f3 a las administraciones de izquierda. Al llegar a la elecci\u00f3n presidencial brasile\u00f1a, se permiti\u00f3 un pron\u00f3stico: \u201cSi siguen evolucionando positivamente las cosas para la regi\u00f3n, probablemente en octubre sumemos un pa\u00eds m\u00e1s que ocupa mucho espacio en el continente\u201d.<\/p>\n<p id=\"p-1788385790882-54162\" dir=\"ltr\">Del encuentro tambi\u00e9n particip\u00f3 el ministro de Econom\u00eda, Luis Caputo, que expuso en la misma jornada.<\/p>\n<\/div>\n","protected":false},"excerpt":{"rendered":"<p>Javier Milei&nbsp;expuso este mi\u00e9rcoles en el encuentro \u201cVientos de Cambio\u201c, organizado por la Fundaci\u00f3n Libertad y Progreso, y rechaz\u00f3 de plano cualquier correcci\u00f3n del programa econ\u00f3mico, aun cuando admiti\u00f3 que sin resultados visibles el acompa\u00f1amiento social se vuelve m\u00e1s dif\u00edcil. El planteo del mandatario apunt\u00f3 directamente a los pedidos de flexibilizaci\u00f3n que empezaron a circular [&hellip;]<\/p>\n","protected":false},"author":1,"featured_media":38256,"comment_status":"open","ping_status":"closed","sticky":false,"template":"","format":"standard","meta":{"footnotes":""},"categories":[132],"tags":[],"class_list":["post-38255","post","type-post","status-publish","format-standard","has-post-thumbnail","hentry","category-destacados"],"_links":{"self":[{"href":"https:\/\/nvccatamarca.com\/index.php\/wp-json\/wp\/v2\/posts\/38255","targetHints":{"allow":["GET"]}}],"collection":[{"href":"https:\/\/nvccatamarca.com\/index.php\/wp-json\/wp\/v2\/posts"}],"about":[{"href":"https:\/\/nvccatamarca.com\/index.php\/wp-json\/wp\/v2\/types\/post"}],"author":[{"embeddable":true,"href":"https:\/\/nvccatamarca.com\/index.php\/wp-json\/wp\/v2\/users\/1"}],"replies":[{"embeddable":true,"href":"https:\/\/nvccatamarca.com\/index.php\/wp-json\/wp\/v2\/comments?post=38255"}],"version-history":[{"count":0,"href":"https:\/\/nvccatamarca.com\/index.php\/wp-json\/wp\/v2\/posts\/38255\/revisions"}],"wp:featuredmedia":[{"embeddable":true,"href":"https:\/\/nvccatamarca.com\/index.php\/wp-json\/wp\/v2\/media\/38256"}],"wp:attachment":[{"href":"https:\/\/nvccatamarca.com\/index.php\/wp-json\/wp\/v2\/media?parent=38255"}],"wp:term":[{"taxonomy":"category","embeddable":true,"href":"https:\/\/nvccatamarca.com\/index.php\/wp-json\/wp\/v2\/categories?post=38255"},{"taxonomy":"post_tag","embeddable":true,"href":"https:\/\/nvccatamarca.com\/index.php\/wp-json\/wp\/v2\/tags?post=38255"}],"curies":[{"name":"wp","href":"https:\/\/api.w.org\/{rel}","templated":true}]}}