{"id":38257,"date":"2026-09-03T00:03:49","date_gmt":"2026-09-03T03:03:49","guid":{"rendered":"https:\/\/airevision.com.ar\/?p=187323"},"modified":"2026-09-03T00:03:49","modified_gmt":"2026-09-03T03:03:49","slug":"alvaro-montero-atajo-dos-penales-y-fue-el-heroe-contra-velez","status":"publish","type":"post","link":"https:\/\/nvccatamarca.com\/index.php\/2026\/09\/03\/alvaro-montero-atajo-dos-penales-y-fue-el-heroe-contra-velez\/","title":{"rendered":"\u00c1lvaro Montero ataj\u00f3 dos penales y fue el h\u00e9roe contra V\u00e9lez"},"content":{"rendered":"<div><img decoding=\"async\" src=\"https:\/\/airevision.com.ar\/wp-content\/uploads\/2026\/09\/Captura-de-pantalla-2026-09-03-000257.png\" class=\"ff-og-image-inserted\"><\/div>\n<div class=\"td-post-content tagdiv-type\" readability=\"44.141745894555\">\n<p class=\"paragraph font__body-regular\"><b>V\u00e9lez y Boca<\/b>&nbsp;se enfrentaron en el&nbsp;<b>Estadio Mario Alberto Kempes<\/b>&nbsp;por los octavos de final de la&nbsp;<b>Copa Argentina<\/b>. No pudieron sacarse ventajas en los noventa minutos&nbsp;<b>y estiraron la definici\u00f3n hasta la tanda de penales<\/b>.<\/p>\n<p class=\"paragraph font__body-regular\">Luego de un partido dividido que tuvo drama hasta el final,&nbsp;<b>con un penal errado por Dilan Godoy que le pudo dar la clasificaci\u00f3n al Fort\u00edn<\/b>, el empate sin goles dict\u00f3 que&nbsp;<b>el pase a cuartos se disputara desde los doce pasos<\/b>.<\/p>\n<p class=\"paragraph font__body-regular\">En la tanda de penales, Tom\u00e1s Marchiori contuvo un penal,&nbsp;<b>pero la figura destacada fue \u00c1lvaro Montero con dos atajadas<\/b>&nbsp;a sus excompa\u00f1eros Elias Gomez y Thiago Silvero. De esa manera, V\u00e9lez qued\u00f3 eliminado de la Copa Argentina&nbsp;<b>y Boca avanz\u00f3 a cuartos, donde enfrentar\u00e1 a Racing<\/b>.<\/p>\n<h2 class=\"font--primary font__display\">Todos los penales de V\u00e9lez vs. Boca por los octavos de la Copa Argentina<\/h2>\n<p class=\"paragraph font__body-regular\"><b>V\u00e9lez<\/b><\/p>\n<ul class=\"ul__list list\">\n<li class=\"list__item\">Elias Gomez: ataj\u00f3 \u00c1lvaro Montero<\/li>\n<li class=\"list__item\">Joaquin Garc\u00eda: gol<\/li>\n<li class=\"list__item\">Sim\u00f3n Escobar: gol<\/li>\n<li class=\"list__item\">Rodrigo Aliendro: gol<\/li>\n<li class=\"list__item\">Thiago Silvero: ataj\u00f3 \u00c1lvaro Montero<\/li>\n<\/ul>\n<p class=\"paragraph font__body-regular\"><b>Boca<\/b><\/p>\n<ul class=\"ul__list list\">\n<li class=\"list__item\">Lautaro Blanco: gol<\/li>\n<li class=\"list__item\">Kevin Zen\u00f3n: gol<\/li>\n<li class=\"list__item\">Enner Valencia: ataj\u00f3 Tom\u00e1s Marchiori<\/li>\n<li class=\"list__item\">Leonel Flores: gol<\/li>\n<li class=\"list__item\">Carlos Palacios: gol<\/li>\n<\/ul>\n<\/div>\n<footer>\n<div class=\"td-block-row td-post-next-prev\">\n<div class=\"td-block-span6 td-post-prev-post\">\n<div class=\"td-post-next-prev-content\"><span>Art\u00edculo anterior<\/span><a href=\"https:\/\/airevision.com.ar\/continuan-las-finales-provinciales-de-los-evita\/\">Contin\u00faan las Finales Provinciales de los Evita<\/a><\/div>\n<\/div>\n<div class=\"td-block-span6 td-post-next-post\">\n<div class=\"td-post-next-prev-content\"><span>Art\u00edculo siguiente<\/span><a href=\"https:\/\/airevision.com.ar\/javier-milei-de-cara-al-2027-si-no-ganamos-es-porque-como-sociedad-estamos-decidiendo-suicidarnos\/\">Javier Milei, de cara al 2027: \u201cSi no ganamos, es porque como sociedad estamos decidiendo suicidarnos\u201d<\/a><\/div>\n<\/div>\n<\/div>\n<p> <span class=\"td-page-meta\" itemprop=\"author\" itemscope itemtype=\"https:\/\/schema.org\/Person\"><meta itemprop=\"name\" content=\"Airevision\"><meta itemprop=\"url\" content=\"https:\/\/airevision.com.ar\/author\/aneley737\/\"><\/span><meta itemprop=\"datePublished\" content=\"2026-09-03T00:03:49-03:00\"><meta itemprop=\"dateModified\" content=\"2026-09-03T00:03:49-03:00\"><meta itemscope itemprop=\"mainEntityOfPage\" itemtype=\"https:\/\/schema.org\/WebPage\" itemid=\"https:\/\/airevision.com.ar\/alvaro-montero-atajo-dos-penales-y-fue-el-heroe-contra-velez\/\"><span class=\"td-page-meta\" itemprop=\"publisher\" itemscope itemtype=\"https:\/\/schema.org\/Organization\"><span class=\"td-page-meta\" itemprop=\"logo\" itemscope itemtype=\"https:\/\/schema.org\/ImageObject\"><meta itemprop=\"url\" content=\"https:\/\/airevision.com.ar\/alvaro-montero-atajo-dos-penales-y-fue-el-heroe-contra-velez\/\"><\/span><meta itemprop=\"name\" content=\"Catamarca es Noticia\"><\/span><meta itemprop=\"headline \" content=\"\u00c1lvaro Montero ataj\u00f3 dos penales y fue el h\u00e9roe contra V\u00e9lez\"><span class=\"td-page-meta\" itemprop=\"image\" itemscope itemtype=\"https:\/\/schema.org\/ImageObject\"><meta itemprop=\"url\" content=\"https:\/\/airevision.com.ar\/wp-content\/uploads\/2026\/09\/Captura-de-pantalla-2026-09-03-000257.png\"><meta itemprop=\"width\" content=\"826\"><meta itemprop=\"height\" content=\"607\"><\/span><\/footer>\n","protected":false},"excerpt":{"rendered":"<p>V\u00e9lez y Boca&nbsp;se enfrentaron en el&nbsp;Estadio Mario Alberto Kempes&nbsp;por los octavos de final de la&nbsp;Copa Argentina. No pudieron sacarse ventajas en los noventa minutos&nbsp;y estiraron la definici\u00f3n hasta la tanda de penales. Luego de un partido dividido que tuvo drama hasta el final,&nbsp;con un penal errado por Dilan Godoy que le pudo dar la clasificaci\u00f3n [&hellip;]<\/p>\n","protected":false},"author":1,"featured_media":38258,"comment_status":"open","ping_status":"closed","sticky":false,"template":"","format":"standard","meta":{"footnotes":""},"categories":[132],"tags":[],"class_list":["post-38257","post","type-post","status-publish","format-standard","has-post-thumbnail","hentry","category-destacados"],"_links":{"self":[{"href":"https:\/\/nvccatamarca.com\/index.php\/wp-json\/wp\/v2\/posts\/38257","targetHints":{"allow":["GET"]}}],"collection":[{"href":"https:\/\/nvccatamarca.com\/index.php\/wp-json\/wp\/v2\/posts"}],"about":[{"href":"https:\/\/nvccatamarca.com\/index.php\/wp-json\/wp\/v2\/types\/post"}],"author":[{"embeddable":true,"href":"https:\/\/nvccatamarca.com\/index.php\/wp-json\/wp\/v2\/users\/1"}],"replies":[{"embeddable":true,"href":"https:\/\/nvccatamarca.com\/index.php\/wp-json\/wp\/v2\/comments?post=38257"}],"version-history":[{"count":0,"href":"https:\/\/nvccatamarca.com\/index.php\/wp-json\/wp\/v2\/posts\/38257\/revisions"}],"wp:featuredmedia":[{"embeddable":true,"href":"https:\/\/nvccatamarca.com\/index.php\/wp-json\/wp\/v2\/media\/38258"}],"wp:attachment":[{"href":"https:\/\/nvccatamarca.com\/index.php\/wp-json\/wp\/v2\/media?parent=38257"}],"wp:term":[{"taxonomy":"category","embeddable":true,"href":"https:\/\/nvccatamarca.com\/index.php\/wp-json\/wp\/v2\/categories?post=38257"},{"taxonomy":"post_tag","embeddable":true,"href":"https:\/\/nvccatamarca.com\/index.php\/wp-json\/wp\/v2\/tags?post=38257"}],"curies":[{"name":"wp","href":"https:\/\/api.w.org\/{rel}","templated":true}]}}