{"id":38259,"date":"2026-09-02T19:24:45","date_gmt":"2026-09-02T22:24:45","guid":{"rendered":"https:\/\/www.eldiarioar.com\/politica\/milei-pone-pie-2027-si-no-ganamos-sociedad-decidiendo-suicidarnos_1_13483741.html"},"modified":"2026-09-02T19:24:45","modified_gmt":"2026-09-02T22:24:45","slug":"milei-pone-un-pie-en-el-2027-si-no-ganamos-es-porque-como-sociedad-estamos-decidiendo-suicidarnos","status":"publish","type":"post","link":"https:\/\/nvccatamarca.com\/index.php\/2026\/09\/02\/milei-pone-un-pie-en-el-2027-si-no-ganamos-es-porque-como-sociedad-estamos-decidiendo-suicidarnos\/","title":{"rendered":"Milei pone un pie en el 2027: \u201cSi no ganamos, es porque como sociedad estamos decidiendo suicidarnos\u201d"},"content":{"rendered":"<p class=\"article-text\"> El presidente Javier Milei condicion\u00f3 este mi\u00e9rcoles el respaldo electoral de la sociedad y su eventual reelecci\u00f3n a la obtenci\u00f3n de resultados concretos en materia econ\u00f3mica, al mismo tiempo que ratific\u00f3 que no flexibilizar\u00e1 el rumbo fiscal ni monetario de su gesti\u00f3n de cara a los pr\u00f3ximos comicios. <\/p>\n<p class=\"article-text\"> \u201cSi nosotros no mostramos resultados se hace dif\u00edcil acompa\u00f1ar\u201d, admiti\u00f3 el mandatario al referirse al armado pol\u00edtico para el a\u00f1o pr\u00f3ximo, durante el cierre del evento \u201cVientos de cambio\u201d, organizado por la Fundaci\u00f3n Libertad y Progreso en el hotel Sheraton de Retiro. All\u00ed, ratific\u00f3 el rumbo econ\u00f3mico y responsabiliz\u00f3 a la sociedad si no apoyan su reelecci\u00f3n: \u201cSi no ganamos, es porque como sociedad estamos decidiendo suicidarnos\u201d <\/p>\n<p class=\"article-text\"> En esa l\u00ednea, el Presidente remarc\u00f3 que la ciudadan\u00eda necesita constatar mejoras reales para volver a respaldarlo en las urnas y llam\u00f3 a dar la \u201cbatalla cultural\u201d. \u201cSe necesita la batalla cultural, se necesita el m\u00fasculo pol\u00edtico y la gesti\u00f3n al momento de llegar al poder, porque si no tenemos resultados, tambi\u00e9n estamos en problemas\u201d, sostuvo, y agreg\u00f3 que uno de los mayores desaf\u00edos es \u201cllevar las ideas a las elecciones y lograr resultados\u201d sin recurrir a \u201ctoda la caja de herramientas\u201d disponible para un gobierno. \u201cParte de esa caja es moralmente despreciable. Nosotros no vamos a violentar el derecho a la vida, la libertad ni la propiedad privada\u201d, enfatiz\u00f3. <\/p>\n<p class=\"article-text\"> Milei reconoci\u00f3 que, de cara al a\u00f1o electoral, recibe pedidos \u2014incluso con \u201cbuena intenci\u00f3n\u201d\u2014 para flexibilizar la pol\u00edtica monetaria y fiscal con el objetivo de asegurar su reelecci\u00f3n. Sin embargo, fue categ\u00f3rico al rechazar esa posibilidad: \u201cLa respuesta es: nosotros no vamos a hacer eso, no vamos a flexibilizar. Nuestra pol\u00edtica fiscal no se negocia, y tampoco la monetaria, porque no vamos a parar hasta terminar de derrotar la inflaci\u00f3n\u201d. <\/p>\n<p class=\"article-text\"> \u201cAl populismo no se le gana haciendo populismo. No hay sustituto para las buenas pol\u00edticas, para hacer lo moralmente correcto\u201d, complet\u00f3, y remarc\u00f3 que \u201clas buenas pol\u00edticas no se negocian\u201d. <\/p>\n<h2 class=\"article-text\">El mapa regional y el balance de gesti\u00f3n<\/h2>\n<p class=\"article-text\"> Durante su exposici\u00f3n, el Presidente tambi\u00e9n repas\u00f3 la evoluci\u00f3n del mapa pol\u00edtico en la regi\u00f3n y celebr\u00f3 el retroceso de las opciones de izquierda en el continente. \u201cEn octubre de 2020 el continente estaba casi todo pintado de rojo y hoy ya somos muchos pa\u00edses pintados de azul\u201d, se\u00f1al\u00f3, a la vez que proyect\u00f3 una eventual victoria de la derecha en Brasil. <\/p>\n<p class=\"article-text\"> En el balance de su gesti\u00f3n, Milei destac\u00f3 la desaceleraci\u00f3n de la inflaci\u00f3n y la baja de la pobreza. Seg\u00fan sus proyecciones, el Producto Bruto Interno (PBI) registrar\u00e1 una suba acumulada del 17% durante su primer mandato, lo que \u2014afirm\u00f3\u2014 casi triplica el crecimiento promedio de los pa\u00edses de la OCDE. <\/p>\n<p class=\"article-text\"> Respecto de la situaci\u00f3n social, sostuvo que, tras el sinceramiento inicial de precios que llev\u00f3 el \u00edndice de pobreza al 53% en la medici\u00f3n semestral, la cifra se redujo de manera considerable: \u201cHoy este n\u00famero es 28%; esto quiere decir que sacamos a 14 millones de personas de la pobreza\u201d. <\/p>\n<p class=\"article-text\"> El mandatario tambi\u00e9n contrapuso la reducci\u00f3n del empleo estatal con el dinamismo del mercado laboral privado: asegur\u00f3 que se recortaron \u201cm\u00e1s de 70.000 empleados p\u00fablicos\u201d, mientras que \u201cel sector privado gener\u00f3 m\u00e1s de 600.000 puestos de trabajo\u201d, cifras que no tiene un correlato con las estad\u00edsticas oficiales. <\/p>\n<h2 class=\"article-text\">Cr\u00edticas a la prensa<\/h2>\n<p class=\"article-text\"> Hacia el final de su discurso, Milei apunt\u00f3 contra los medios de comunicaci\u00f3n y periodistas, a quienes acus\u00f3 de apostar al fracaso de su programa de gobierno. \u201cA pesar de los sucios y corruptos periodistas que apuestan al fracaso de la Argentina, les estamos ganando por goleada. Mientras ellos sigan diciendo sus mentiras, nosotros vamos a seguir repitiendo la verdad\u201d, concluy\u00f3. <\/p>\n<aside class=\"know-more know-more--with-image\" readability=\"0\"> <a href=\"https:\/\/www.eldiarioar.com\/politica\/milei-salio-repliegue-arranco-septiembre-cinco-dias-seguidos-actividad_1_13480912.html\" data-mrf-recirculation=\"saber-mas-abajo\" data-dl-event=\"saber-mas-abajo\" readability=\"2\"> <\/p>\n<p class=\"know-more__title\">Milei sali\u00f3 del repliegue y arranc\u00f3 septiembre con cinco d\u00edas seguidos de actividad\n<\/p>\n<picture class=\"know-more__img\"> <!--[if IE 9]><video style=\"display: none;\"><![endif]--><source media=\"(max-width: 767px)\" type=\"image\/webp\" srcset=\"https:\/\/static.eldiario.es\/clip\/87660def-4d14-4db0-89d4-c02917b783f2_16-9-aspect-ratio_50p_0_x678y858.webp\"><source media=\"(max-width: 767px)\" type=\"image\/jpg\" srcset=\"https:\/\/static.eldiario.es\/clip\/87660def-4d14-4db0-89d4-c02917b783f2_16-9-aspect-ratio_50p_0_x678y858.jpg\"><source media=\"(min-width: 768px)\" type=\"image\/webp\" srcset=\"https:\/\/static.eldiario.es\/clip\/87660def-4d14-4db0-89d4-c02917b783f2_16-9-aspect-ratio_50p_0_x678y858.webp\"><source media=\"(min-width: 768px)\" type=\"image\/jpg\" srcset=\"https:\/\/static.eldiario.es\/clip\/87660def-4d14-4db0-89d4-c02917b783f2_16-9-aspect-ratio_50p_0_x678y858.jpg\"><source type=\"image\/webp\" srcset=\"https:\/\/static.eldiario.es\/clip\/87660def-4d14-4db0-89d4-c02917b783f2_16-9-aspect-ratio_default_0_x678y858.webp\"><!--[if IE 9]><\/video><![endif]--> <img decoding=\"async\" class=\"lazy\" loading=\"lazy\" src=\"https:\/\/static.eldiario.es\/clip\/87660def-4d14-4db0-89d4-c02917b783f2_16-9-aspect-ratio_default_0_x678y858.jpg\" alt=\"Milei sali\u00f3 del repliegue y arranc\u00f3 septiembre con cinco d\u00edas seguidos de actividad\"> <\/picture> <\/a><br \/>\n<\/aside>\n<p class=\"article-text\"> <em>Con informaci\u00f3n de NA<\/em> <\/p>\n","protected":false},"excerpt":{"rendered":"<p>El presidente Javier Milei condicion\u00f3 este mi\u00e9rcoles el respaldo electoral de la sociedad y su eventual reelecci\u00f3n a la obtenci\u00f3n de resultados concretos en materia econ\u00f3mica, al mismo tiempo que ratific\u00f3 que no flexibilizar\u00e1 el rumbo fiscal ni monetario de su gesti\u00f3n de cara a los pr\u00f3ximos comicios. \u201cSi nosotros no mostramos resultados se hace [&hellip;]<\/p>\n","protected":false},"author":1,"featured_media":38260,"comment_status":"closed","ping_status":"closed","sticky":false,"template":"","format":"standard","meta":{"footnotes":""},"categories":[123],"tags":[],"class_list":["post-38259","post","type-post","status-publish","format-standard","has-post-thumbnail","hentry","category-nacionales"],"_links":{"self":[{"href":"https:\/\/nvccatamarca.com\/index.php\/wp-json\/wp\/v2\/posts\/38259","targetHints":{"allow":["GET"]}}],"collection":[{"href":"https:\/\/nvccatamarca.com\/index.php\/wp-json\/wp\/v2\/posts"}],"about":[{"href":"https:\/\/nvccatamarca.com\/index.php\/wp-json\/wp\/v2\/types\/post"}],"author":[{"embeddable":true,"href":"https:\/\/nvccatamarca.com\/index.php\/wp-json\/wp\/v2\/users\/1"}],"replies":[{"embeddable":true,"href":"https:\/\/nvccatamarca.com\/index.php\/wp-json\/wp\/v2\/comments?post=38259"}],"version-history":[{"count":0,"href":"https:\/\/nvccatamarca.com\/index.php\/wp-json\/wp\/v2\/posts\/38259\/revisions"}],"wp:featuredmedia":[{"embeddable":true,"href":"https:\/\/nvccatamarca.com\/index.php\/wp-json\/wp\/v2\/media\/38260"}],"wp:attachment":[{"href":"https:\/\/nvccatamarca.com\/index.php\/wp-json\/wp\/v2\/media?parent=38259"}],"wp:term":[{"taxonomy":"category","embeddable":true,"href":"https:\/\/nvccatamarca.com\/index.php\/wp-json\/wp\/v2\/categories?post=38259"},{"taxonomy":"post_tag","embeddable":true,"href":"https:\/\/nvccatamarca.com\/index.php\/wp-json\/wp\/v2\/tags?post=38259"}],"curies":[{"name":"wp","href":"https:\/\/api.w.org\/{rel}","templated":true}]}}