{"id":38261,"date":"2026-09-02T14:15:56","date_gmt":"2026-09-02T17:15:56","guid":{"rendered":"https:\/\/www.eldiarioar.com\/economia\/dia-industria-uia-reclamo-gobierno-puente-atravesar-apertura-economica_1_13483280.html"},"modified":"2026-09-02T14:15:56","modified_gmt":"2026-09-02T17:15:56","slug":"cruce-entre-la-union-industrial-argentina-y-el-gobierno-por-la-apertura-economica","status":"publish","type":"post","link":"https:\/\/nvccatamarca.com\/index.php\/2026\/09\/02\/cruce-entre-la-union-industrial-argentina-y-el-gobierno-por-la-apertura-economica\/","title":{"rendered":"Cruce entre la Uni\u00f3n Industrial Argentina y el Gobierno por la apertura econ\u00f3mica"},"content":{"rendered":"<p class=\"article-text\"> La apertura econ\u00f3mica impulsada por el Gobierno de <a href=\"https:\/\/www.eldiarioar.com\/temas\/javier-milei\/\" data-mrf-recirculation=\"links-noticia\" class=\"link\">Javier Milei <\/a>deriv\u00f3 este mi\u00e9rcoles en un fuerte cruce con la <a href=\"https:\/\/www.eldiarioar.com\/temas\/union-industrial-argentina-uia\/\" data-mrf-recirculation=\"links-noticia\" class=\"link\">Uni\u00f3n Industrial Argentina (UIA)<\/a>, que reclam\u00f3 condiciones para que el sector pueda atravesar la transici\u00f3n hacia una econom\u00eda m\u00e1s competitiva. El ministro de Econom\u00eda, <a href=\"https:\/\/www.eldiarioar.com\/temas\/luis-caputo\/\" data-mrf-recirculation=\"links-noticia\" class=\"link\">Luis Caputo<\/a>, respondi\u00f3 a las cr\u00edticas de los industriales y defendi\u00f3 la estrategia oficial, al tiempo que cuestion\u00f3 el precio y la calidad de los productos fabricados en el pa\u00eds. <\/p>\n<aside class=\"know-more know-more--with-image\" readability=\"0\"> <a href=\"https:\/\/www.eldiarioar.com\/sociedad\/dia-industria-argentina-celebra-2-septiembre_1_13479540.html\" data-mrf-recirculation=\"saber-mas\" data-dl-event=\"saber-mas\" readability=\"2\"> <\/p>\n<p class=\"know-more__title\">D\u00eda de la Industria en Argentina: \u00bfpor qu\u00e9 se celebra el 2 de septiembre?<\/p>\n<picture class=\"know-more__img\"> <!--[if IE 9]><video style=\"display: none;\"><![endif]--><source media=\"(max-width: 767px)\" type=\"image\/webp\" srcset=\"https:\/\/static.eldiario.es\/clip\/3c74ee43-831c-452e-8098-413b27607149_16-9-aspect-ratio_50p_0.webp\"><source media=\"(max-width: 767px)\" type=\"image\/jpg\" srcset=\"https:\/\/static.eldiario.es\/clip\/3c74ee43-831c-452e-8098-413b27607149_16-9-aspect-ratio_50p_0.jpg\"><source media=\"(min-width: 768px)\" type=\"image\/webp\" srcset=\"https:\/\/static.eldiario.es\/clip\/3c74ee43-831c-452e-8098-413b27607149_16-9-aspect-ratio_50p_0.webp\"><source media=\"(min-width: 768px)\" type=\"image\/jpg\" srcset=\"https:\/\/static.eldiario.es\/clip\/3c74ee43-831c-452e-8098-413b27607149_16-9-aspect-ratio_50p_0.jpg\"><source type=\"image\/webp\" srcset=\"https:\/\/static.eldiario.es\/clip\/3c74ee43-831c-452e-8098-413b27607149_16-9-aspect-ratio_default_0.webp\"><!--[if IE 9]><\/video><![endif]--> <img decoding=\"async\" class=\"lazy\" loading=\"lazy\" src=\"https:\/\/static.eldiario.es\/clip\/3c74ee43-831c-452e-8098-413b27607149_16-9-aspect-ratio_default_0.jpg\" alt=\"D\u00eda de la Industria en Argentina: \u00bfpor qu\u00e9 se celebra el 2 de septiembre?\"> <\/picture> <\/a><br \/>\n<\/aside>\n<p class=\"article-text\"> El contrapunto se produjo en el marco del <strong>D\u00eda de la Industria<\/strong>. Durante el acto anual de la UIA, realizado en la planta del Laboratorio Elea, en Los Polvorines, el presidente de la entidad, <strong>Mart\u00edn Rappallini<\/strong>, reclam\u00f3 al Gobierno la construcci\u00f3n de \u201cun puente\u201d entre la econom\u00eda actual y el modelo competitivo que busca impulsar la administraci\u00f3n de Milei. <\/p>\n<p class=\"article-text\"> \u201cEl sector industrial, la UIA, pide un puente. Un puente entre la econom\u00eda que estamos dejando atr\u00e1s y la econom\u00eda competitiva que queremos construir\u201d, sostuvo Rappallini ante m\u00e1s de 200 representantes de los distintos sectores industriales, autoridades nacionales y locales y referentes del \u00e1mbito productivo. <\/p>\n<p class=\"article-text\"> El reclamo estuvo acompa\u00f1ado por una cr\u00edtica a la situaci\u00f3n que atraviesa el sector. Seg\u00fan Rappallini, la producci\u00f3n industrial se encuentra 10% por debajo de los niveles de 2022, mientras que en algunos sectores las ca\u00eddas llegan al 30%. Adem\u00e1s, asegur\u00f3 que desde agosto de 2023 se perdieron 90 mil empleos formales. <\/p>\n<p class=\"article-text\"> El titular de la UIA plante\u00f3 que la econom\u00eda no puede medirse \u00fanicamente por la evoluci\u00f3n de la inflaci\u00f3n y reclam\u00f3 una serie de medidas para mejorar la competitividad: reconstruir el cr\u00e9dito, reducir el costo argentino, combatir la competencia desleal y el contrabando, garantizar el abastecimiento de energ\u00eda a precios competitivos, reducir la morosidad, desarrollar infraestructura para exportar y avanzar en la modernizaci\u00f3n laboral. <\/p>\n<p class=\"article-text\"> \u201cUn pa\u00eds puede tener capital, incluso recursos naturales y, en consecuencia, riqueza acumulada, pero cuando pierde su capacidad de transformar, tambi\u00e9n pierde su capacidad de generar riqueza\u201d, afirm\u00f3. <\/p>\n<h2 class=\"article-text\">El reclamo por la apertura<\/h2>\n<p class=\"article-text\"> Uno de los principales puntos planteados por Rappallini fue el impacto de la apertura comercial sobre la industria. El titular de la UIA sostuvo que la integraci\u00f3n al mundo expone principalmente a los sectores que producen bienes y servicios transables, entre los que se encuentra buena parte de la industria nacional. <\/p>\n<p class=\"article-text\"> \u201cCuando abrimos la econom\u00eda, proceso necesario para la integraci\u00f3n, no ponemos al 100% de la econom\u00eda argentina a competir con el mundo. Ponemos a competir principalmente al 25% que produce bienes y servicios transables, es decir, aquellos que pueden importarse o exportarse\u201d, explic\u00f3. <\/p>\n<p class=\"article-text\"> En ese sentido, advirti\u00f3 que las empresas industriales deben enfrentar los precios internacionales mientras contin\u00faan afrontando costos locales. \u201cLa industria queda expuesta a precios internacionales, pero sigue pagando costos argentinos\u201d, sostuvo. <\/p>\n<p class=\"article-text\"> Por eso, reclam\u00f3 herramientas que permitan atravesar la transformaci\u00f3n sin alterar el equilibrio fiscal. \u201cSi es la industria la que enfrenta la exigencia de la apertura, tambi\u00e9n es la industria la que necesita las condiciones y las herramientas para atravesar la transformaci\u00f3n\u201d, afirm\u00f3. <\/p>\n<p class=\"article-text\"> El vicepresidente de la entidad, <strong>Guillermo Moretti<\/strong>, hab\u00eda elevado todav\u00eda m\u00e1s el tono de las cr\u00edticas contra el Gobierno y, particularmente, contra Caputo. Afirm\u00f3 que los funcionarios nacionales \u201cno conocen el pa\u00eds\u201d ni \u201clo que es una f\u00e1brica\u201d y cuestion\u00f3 el rumbo de la pol\u00edtica econ\u00f3mica. <\/p>\n<h2 class=\"article-text\">La respuesta de Caputo<\/h2>\n<p class=\"article-text\"> Horas despu\u00e9s, durante una exposici\u00f3n en un evento organizado por la Fundaci\u00f3n Libertad y Progreso, Caputo respondi\u00f3 a los cuestionamientos de la UIA y sostuvo que su responsabilidad como ministro es defender los intereses de los consumidores. <\/p>\n<p class=\"article-text\"> \u201cTengo que hacer lo que es moralmente justo: que los argentinos paguen bienes de menor calidad dos, tres o cuatro veces m\u00e1s me parece injusto. Cada uno defiende sus intereses; a m\u00ed me toca defender el de los argentinos\u201d, afirm\u00f3. <\/p>\n<figure> <picture class=\"news-image\"> <!--[if IE 9]><video style=\"display: none;\"><![endif]--><source media=\"(max-width: 576px)\" type=\"image\/webp\" srcset=\"https:\/\/static.eldiario.es\/clip\/ce665292-0ca8-453e-ac1e-5638708e4dd4_16-9-discover-aspect-ratio_50p_0_x554y419.webp\"><source media=\"(max-width: 576px)\" type=\"image\/jpg\" srcset=\"https:\/\/static.eldiario.es\/clip\/ce665292-0ca8-453e-ac1e-5638708e4dd4_16-9-discover-aspect-ratio_50p_0_x554y419.jpg\"><source media=\"(max-width: 767px)\" type=\"image\/webp\" srcset=\"https:\/\/static.eldiario.es\/clip\/ce665292-0ca8-453e-ac1e-5638708e4dd4_16-9-discover-aspect-ratio_75p_0_x554y419.webp\"><source media=\"(max-width: 767px)\" type=\"image\/jpg\" srcset=\"https:\/\/static.eldiario.es\/clip\/ce665292-0ca8-453e-ac1e-5638708e4dd4_16-9-discover-aspect-ratio_75p_0_x554y419.jpg\"><source media=\"(min-width: 768px)\" type=\"image\/webp\" srcset=\"https:\/\/static.eldiario.es\/clip\/ce665292-0ca8-453e-ac1e-5638708e4dd4_16-9-discover-aspect-ratio_default_0_x554y419.webp\"><source media=\"(min-width: 768px)\" type=\"image\/jpg\" srcset=\"https:\/\/static.eldiario.es\/clip\/ce665292-0ca8-453e-ac1e-5638708e4dd4_16-9-discover-aspect-ratio_default_0_x554y419.jpg\"><source type=\"image\/webp\" srcset=\"https:\/\/static.eldiario.es\/clip\/ce665292-0ca8-453e-ac1e-5638708e4dd4_16-9-discover-aspect-ratio_default_0_x554y419.webp\"><!--[if IE 9]><\/video><![endif]--> <img decoding=\"async\" class=\"lazy\" loading=\"lazy\" src=\"https:\/\/static.eldiario.es\/clip\/ce665292-0ca8-453e-ac1e-5638708e4dd4_16-9-discover-aspect-ratio_default_0_x554y419.jpg\" alt=\"El Ministro de Econom\u00eda, Luis Caputo, durante la segunda jornada de La cumbre internacional \u00abVientos de Cambio: Avanza la Libertad en Argentina y las Am\u00e9ricas\u00bb\"> <\/picture> <\/figure>\n<p class=\"article-text\"> Aunque no mencion\u00f3 directamente a Moretti, el ministro calific\u00f3 sus declaraciones como poco \u201cdecorosas\u201d y asegur\u00f3 comprender \u201cperfectamente las frustraciones que todo cambio genera\u201d. <\/p>\n<p class=\"article-text\"> \u201cA m\u00ed como ministro de Econom\u00eda me toca defender los intereses de los argentinos\u201d, reiter\u00f3. <\/p>\n<p class=\"article-text\"> Caputo defendi\u00f3 adem\u00e1s la apertura econ\u00f3mica y el esquema que defini\u00f3 como una \u201ceconom\u00eda en dos velocidades\u201d. Seg\u00fan explic\u00f3, el crecimiento de la Argentina estar\u00e1 impulsado principalmente por las exportaciones y por los sectores que cuentan con ventajas comparativas y capacidad para generar divisas. <\/p>\n<p class=\"article-text\"> \u201cTen\u00edas sectores con una ventaja comparativa enorme. A los generadores de divisas los ten\u00edas castigados y pisados\u201d, sostuvo. <\/p>\n<p class=\"article-text\"> El ministro consider\u00f3 que no es necesariamente negativo que distintos sectores de la econom\u00eda crezcan a ritmos diferentes, sino que cuestion\u00f3 que esa din\u00e1mica sea presentada como un problema. <\/p>\n<p class=\"article-text\"> \u201cNo est\u00e1 mal que haya sectores que crecen a velocidades distintas, est\u00e1 mal que se le d\u00e9 una connotaci\u00f3n negativa\u201d, afirm\u00f3. <\/p>\n<p class=\"article-text\"> Para explicar su posici\u00f3n, Caputo recurri\u00f3 a una comparaci\u00f3n futbol\u00edstica y mencion\u00f3 a Lionel Messi, \u00c1ngel Di Mar\u00eda y Enzo Fern\u00e1ndez: \u201cEs como tener a Messi, Di Mar\u00eda y Enzo Fern\u00e1ndez y ponerlos en el banco. Est\u00e1s perdiendo una oportunidad enorme\u201d. <\/p>\n<p class=\"article-text\"> El contrapunto entre el Gobierno y la principal entidad industrial del pa\u00eds qued\u00f3 as\u00ed concentrado en dos visiones sobre la apertura econ\u00f3mica: mientras la UIA reclama condiciones y herramientas para que las empresas puedan competir con el mundo sin quedar expuestas a una estructura de costos que considera desfavorable, el Gobierno sostiene que la econom\u00eda debe orientarse hacia los sectores m\u00e1s competitivos y con mayor capacidad de generar exportaciones y divisas. <\/p>\n<p class=\"article-text\"> El acto por el D\u00eda de la Industria tambi\u00e9n estuvo marcado por la escasa presencia del Poder Ejecutivo. De los funcionarios nacionales, el \u00fanico representante fue Pablo Lavigne, secretario de Coordinaci\u00f3n de Producci\u00f3n y Comercio. <\/p>\n<p class=\"article-text\"> <em>Con informaci\u00f3n de la agencia NA<\/em> <\/p>\n","protected":false},"excerpt":{"rendered":"<p>La apertura econ\u00f3mica impulsada por el Gobierno de Javier Milei deriv\u00f3 este mi\u00e9rcoles en un fuerte cruce con la Uni\u00f3n Industrial Argentina (UIA), que reclam\u00f3 condiciones para que el sector pueda atravesar la transici\u00f3n hacia una econom\u00eda m\u00e1s competitiva. El ministro de Econom\u00eda, Luis Caputo, respondi\u00f3 a las cr\u00edticas de los industriales y defendi\u00f3 la [&hellip;]<\/p>\n","protected":false},"author":1,"featured_media":38262,"comment_status":"closed","ping_status":"closed","sticky":false,"template":"","format":"standard","meta":{"footnotes":""},"categories":[123],"tags":[],"class_list":["post-38261","post","type-post","status-publish","format-standard","has-post-thumbnail","hentry","category-nacionales"],"_links":{"self":[{"href":"https:\/\/nvccatamarca.com\/index.php\/wp-json\/wp\/v2\/posts\/38261","targetHints":{"allow":["GET"]}}],"collection":[{"href":"https:\/\/nvccatamarca.com\/index.php\/wp-json\/wp\/v2\/posts"}],"about":[{"href":"https:\/\/nvccatamarca.com\/index.php\/wp-json\/wp\/v2\/types\/post"}],"author":[{"embeddable":true,"href":"https:\/\/nvccatamarca.com\/index.php\/wp-json\/wp\/v2\/users\/1"}],"replies":[{"embeddable":true,"href":"https:\/\/nvccatamarca.com\/index.php\/wp-json\/wp\/v2\/comments?post=38261"}],"version-history":[{"count":0,"href":"https:\/\/nvccatamarca.com\/index.php\/wp-json\/wp\/v2\/posts\/38261\/revisions"}],"wp:featuredmedia":[{"embeddable":true,"href":"https:\/\/nvccatamarca.com\/index.php\/wp-json\/wp\/v2\/media\/38262"}],"wp:attachment":[{"href":"https:\/\/nvccatamarca.com\/index.php\/wp-json\/wp\/v2\/media?parent=38261"}],"wp:term":[{"taxonomy":"category","embeddable":true,"href":"https:\/\/nvccatamarca.com\/index.php\/wp-json\/wp\/v2\/categories?post=38261"},{"taxonomy":"post_tag","embeddable":true,"href":"https:\/\/nvccatamarca.com\/index.php\/wp-json\/wp\/v2\/tags?post=38261"}],"curies":[{"name":"wp","href":"https:\/\/api.w.org\/{rel}","templated":true}]}}