{"id":38279,"date":"2026-09-03T19:28:30","date_gmt":"2026-09-03T22:28:30","guid":{"rendered":"https:\/\/airevision.com.ar\/?p=187375"},"modified":"2026-09-03T19:28:30","modified_gmt":"2026-09-03T22:28:30","slug":"la-municipalidad-de-catamarca-informo-cuando-se-pagaran-los-sueldos-de-septiembre","status":"publish","type":"post","link":"https:\/\/nvccatamarca.com\/index.php\/2026\/09\/03\/la-municipalidad-de-catamarca-informo-cuando-se-pagaran-los-sueldos-de-septiembre\/","title":{"rendered":"La Municipalidad de Catamarca inform\u00f3 cu\u00e1ndo se pagar\u00e1n los sueldos de septiembre"},"content":{"rendered":"<div class=\"td-post-featured-image\"><a href=\"https:\/\/airevision.com.ar\/wp-content\/uploads\/2020\/06\/Robo-cajeros-automaticos-7.jpg\" data-caption><img loading=\"lazy\" decoding=\"async\" data-lazyloaded=\"1\" src=\"https:\/\/airevision.com.ar\/wp-content\/uploads\/2020\/06\/Robo-cajeros-automaticos-7.jpg\" width=\"696\" height=\"392\" class=\"entry-thumb td-modal-image\" data-sizes=\"(max-width: 696px) 100vw, 696px\" alt title=\"pago\" srcset=\"https:\/\/airevision.com.ar\/wp-content\/uploads\/2020\/06\/Robo-cajeros-automaticos-7.jpg 1024w, https:\/\/airevision.com.ar\/wp-content\/uploads\/2020\/06\/Robo-cajeros-automaticos-7-300x169.jpg 300w, https:\/\/airevision.com.ar\/wp-content\/uploads\/2020\/06\/Robo-cajeros-automaticos-7-768x432.jpg 768w, https:\/\/airevision.com.ar\/wp-content\/uploads\/2020\/06\/Robo-cajeros-automaticos-7-750x422.jpg 750w\"><\/a><\/div>\n<p class=\"isSelectedEnd\">La Municipalidad de San Fernando del Valle de Catamarca inform\u00f3 el cronograma de pago de haberes correspondiente al mes de septiembre para los trabajadores del organismo capitalino.<\/p>\n<p class=\"isSelectedEnd\">Seg\u00fan se comunic\u00f3, el viernes 4 de septiembre se realizar\u00e1 el pago presencial por ventanilla en la Direcci\u00f3n General de Tesorer\u00eda. La atenci\u00f3n ser\u00e1 en doble turno: de 8:00 a 13:00 y de 14:00 a 16:00.<\/p>\n<p class=\"isSelectedEnd\">En tanto, el s\u00e1bado 5 de septiembre se acreditar\u00e1n los haberes correspondientes a los trabajadores bancarizados.<\/p>\n<p>El cronograma alcanza a los agentes de Planta Permanente, del Programa Catamarca Ciudad y Trabaja y a quienes se encuentran bajo Contrato de Locaci\u00f3n de Obra.<\/p>\n","protected":false},"excerpt":{"rendered":"<p>La Municipalidad de San Fernando del Valle de Catamarca inform\u00f3 el cronograma de pago de haberes correspondiente al mes de septiembre para los trabajadores del organismo capitalino. Seg\u00fan se comunic\u00f3, el viernes 4 de septiembre se realizar\u00e1 el pago presencial por ventanilla en la Direcci\u00f3n General de Tesorer\u00eda. La atenci\u00f3n ser\u00e1 en doble turno: de [&hellip;]<\/p>\n","protected":false},"author":1,"featured_media":38280,"comment_status":"open","ping_status":"closed","sticky":false,"template":"","format":"standard","meta":{"footnotes":""},"categories":[118],"tags":[],"class_list":["post-38279","post","type-post","status-publish","format-standard","has-post-thumbnail","hentry","category-provincia"],"_links":{"self":[{"href":"https:\/\/nvccatamarca.com\/index.php\/wp-json\/wp\/v2\/posts\/38279","targetHints":{"allow":["GET"]}}],"collection":[{"href":"https:\/\/nvccatamarca.com\/index.php\/wp-json\/wp\/v2\/posts"}],"about":[{"href":"https:\/\/nvccatamarca.com\/index.php\/wp-json\/wp\/v2\/types\/post"}],"author":[{"embeddable":true,"href":"https:\/\/nvccatamarca.com\/index.php\/wp-json\/wp\/v2\/users\/1"}],"replies":[{"embeddable":true,"href":"https:\/\/nvccatamarca.com\/index.php\/wp-json\/wp\/v2\/comments?post=38279"}],"version-history":[{"count":0,"href":"https:\/\/nvccatamarca.com\/index.php\/wp-json\/wp\/v2\/posts\/38279\/revisions"}],"wp:featuredmedia":[{"embeddable":true,"href":"https:\/\/nvccatamarca.com\/index.php\/wp-json\/wp\/v2\/media\/38280"}],"wp:attachment":[{"href":"https:\/\/nvccatamarca.com\/index.php\/wp-json\/wp\/v2\/media?parent=38279"}],"wp:term":[{"taxonomy":"category","embeddable":true,"href":"https:\/\/nvccatamarca.com\/index.php\/wp-json\/wp\/v2\/categories?post=38279"},{"taxonomy":"post_tag","embeddable":true,"href":"https:\/\/nvccatamarca.com\/index.php\/wp-json\/wp\/v2\/tags?post=38279"}],"curies":[{"name":"wp","href":"https:\/\/api.w.org\/{rel}","templated":true}]}}