{"id":38283,"date":"2026-09-03T17:50:54","date_gmt":"2026-09-03T20:50:54","guid":{"rendered":"https:\/\/airevision.com.ar\/?p=187363"},"modified":"2026-09-03T17:50:54","modified_gmt":"2026-09-03T20:50:54","slug":"la-capital-fue-sede-de-la-capacitacion-y-certificacion-provincial-para-instructores-de-motocicletas","status":"publish","type":"post","link":"https:\/\/nvccatamarca.com\/index.php\/2026\/09\/03\/la-capital-fue-sede-de-la-capacitacion-y-certificacion-provincial-para-instructores-de-motocicletas\/","title":{"rendered":"La Capital fue sede de la capacitaci\u00f3n y certificaci\u00f3n provincial para instructores de motocicletas"},"content":{"rendered":"<div class=\"td-post-featured-image\"><a href=\"https:\/\/airevision.com.ar\/wp-content\/uploads\/2026\/09\/6682aeb1-6d1c-4b7f-ad53-276fc619014f.jpeg\" data-caption><img loading=\"lazy\" decoding=\"async\" data-lazyloaded=\"1\" src=\"https:\/\/airevision.com.ar\/wp-content\/uploads\/2026\/09\/6682aeb1-6d1c-4b7f-ad53-276fc619014f-696x465.jpeg\" width=\"696\" height=\"465\" class=\"entry-thumb td-modal-image\" data-sizes=\"(max-width: 696px) 100vw, 696px\" alt title=\"6682aeb1-6d1c-4b7f-ad53-276fc619014f\" srcset=\"https:\/\/airevision.com.ar\/wp-content\/uploads\/2026\/09\/6682aeb1-6d1c-4b7f-ad53-276fc619014f-696x465.jpeg 696w, https:\/\/airevision.com.ar\/wp-content\/uploads\/2026\/09\/6682aeb1-6d1c-4b7f-ad53-276fc619014f-300x200.jpeg 300w, https:\/\/airevision.com.ar\/wp-content\/uploads\/2026\/09\/6682aeb1-6d1c-4b7f-ad53-276fc619014f-1024x684.jpeg 1024w, https:\/\/airevision.com.ar\/wp-content\/uploads\/2026\/09\/6682aeb1-6d1c-4b7f-ad53-276fc619014f-768x513.jpeg 768w, https:\/\/airevision.com.ar\/wp-content\/uploads\/2026\/09\/6682aeb1-6d1c-4b7f-ad53-276fc619014f-1536x1025.jpeg 1536w, https:\/\/airevision.com.ar\/wp-content\/uploads\/2026\/09\/6682aeb1-6d1c-4b7f-ad53-276fc619014f-150x100.jpeg 150w, https:\/\/airevision.com.ar\/wp-content\/uploads\/2026\/09\/6682aeb1-6d1c-4b7f-ad53-276fc619014f-1068x713.jpeg 1068w, https:\/\/airevision.com.ar\/wp-content\/uploads\/2026\/09\/6682aeb1-6d1c-4b7f-ad53-276fc619014f.jpeg 1600w\"><\/a><\/div>\n<p dir=\"ltr\">El Centro de Emisi\u00f3n de Licencias (CEL) de la Capital llev\u00f3 a cabo una intensa jornada de formaci\u00f3n, evaluaci\u00f3n y certificaci\u00f3n t\u00e9cnica destinada a instructores de motocicletas provenientes de 13 departamentos de la provincia.<\/p>\n<p dir=\"ltr\">El encuentro fue dictado por especialistas de la Agencia Nacional de Seguridad Vial (ANSV), quienes auditaron los conocimientos te\u00f3ricos y las destrezas pr\u00e1cticas de los participantes con el prop\u00f3sito de garantizar la excelencia y la uniformidad en el proceso de otorgamiento de la Licencia Nacional de Conducir.<\/p>\n<p dir=\"ltr\">Al respecto, la directora del CEL de la Municipalidad de la Capital, M\u00f3nica \u00c1valos, remarc\u00f3 la importancia estrat\u00e9gica del operativo desarrollado durante toda la jornada: \u201cFue una experiencia muy enriquecedora y necesaria para continuar emitiendo las licencias de conducir con los m\u00e1s altos est\u00e1ndares, teniendo la tranquilidad institucional de que nuestros instructores cuentan con la formaci\u00f3n y las herramientas pedag\u00f3gicas para llevar adelante este examen\u201d.<\/p>\n<p dir=\"ltr\">La designaci\u00f3n de la Capital como sede provincial responde a su infraestructura modelo, siendo el \u00fanico centro en Catamarca que dispone de una pista iberoamericana formalmente habilitada para maniobras y pr\u00e1cticas de conducci\u00f3n segura para autos y motoveh\u00edculos.<\/p>\n<p dir=\"ltr\">En cuanto a la metodolog\u00eda del proceso, la funcionaria detall\u00f3 que adem\u00e1s de la actualizaci\u00f3n t\u00e9cnica anual, en esta oportunidad la ANSV audit\u00f3 integralmente el circuito de pruebas. \u201cEl esquema de evaluaci\u00f3n fue sumamente riguroso: los instructores debieron aprobar inicialmente un examen te\u00f3rico formulado por el organismo nacional, requisito obligatorio para luego acceder a las pruebas de destreza en pista\u201d, explic\u00f3.<\/p>\n<p dir=\"ltr\">Durante las evaluaciones se profundiz\u00f3 en contenidos esenciales orientados a la reducci\u00f3n de siniestros viales, tales como la verificaci\u00f3n t\u00e9cnica previa, posturas ergon\u00f3micas de manejo, maniobras de frenado de emergencia y el uso homologado del casco protector.<\/p>\n<p dir=\"ltr\">\u201cCompartir este espacio con directivos e instructores de los distintos centros del interior es indispensable para nivelar criterios y elevar la calidad de atenci\u00f3n en beneficio de los conductores\u201d, concluy\u00f3 \u00c1valos.<\/p>\n<p dir=\"ltr\">Esta iniciativa se inscribe en las pol\u00edticas que el intendente Gustavo Saadi impulsa desde el inicio de su gesti\u00f3n para combatir la siniestralidad vial, una problem\u00e1tica que afecta tanto a los vecinos de la Capital como a los comprovincianos y turistas que transitan por la ciudad.<\/p>\n<p dir=\"ltr\">En este sentido, la comuna capitalina increment\u00f3 notablemente la inversi\u00f3n p\u00fablica, no s\u00f3lo modernizando la infraestructura semaf\u00f3rica en arterias estrat\u00e9gicas, sino priorizando la capacitaci\u00f3n continua del personal municipal para consolidar un tr\u00e1nsito m\u00e1s ordenado, seguro y responsable en todo el territorio provincial.<\/p>\n","protected":false},"excerpt":{"rendered":"<p>El Centro de Emisi\u00f3n de Licencias (CEL) de la Capital llev\u00f3 a cabo una intensa jornada de formaci\u00f3n, evaluaci\u00f3n y certificaci\u00f3n t\u00e9cnica destinada a instructores de motocicletas provenientes de 13 departamentos de la provincia. El encuentro fue dictado por especialistas de la Agencia Nacional de Seguridad Vial (ANSV), quienes auditaron los conocimientos te\u00f3ricos y las [&hellip;]<\/p>\n","protected":false},"author":1,"featured_media":38284,"comment_status":"open","ping_status":"closed","sticky":false,"template":"","format":"standard","meta":{"footnotes":""},"categories":[118],"tags":[],"class_list":["post-38283","post","type-post","status-publish","format-standard","has-post-thumbnail","hentry","category-provincia"],"_links":{"self":[{"href":"https:\/\/nvccatamarca.com\/index.php\/wp-json\/wp\/v2\/posts\/38283","targetHints":{"allow":["GET"]}}],"collection":[{"href":"https:\/\/nvccatamarca.com\/index.php\/wp-json\/wp\/v2\/posts"}],"about":[{"href":"https:\/\/nvccatamarca.com\/index.php\/wp-json\/wp\/v2\/types\/post"}],"author":[{"embeddable":true,"href":"https:\/\/nvccatamarca.com\/index.php\/wp-json\/wp\/v2\/users\/1"}],"replies":[{"embeddable":true,"href":"https:\/\/nvccatamarca.com\/index.php\/wp-json\/wp\/v2\/comments?post=38283"}],"version-history":[{"count":0,"href":"https:\/\/nvccatamarca.com\/index.php\/wp-json\/wp\/v2\/posts\/38283\/revisions"}],"wp:featuredmedia":[{"embeddable":true,"href":"https:\/\/nvccatamarca.com\/index.php\/wp-json\/wp\/v2\/media\/38284"}],"wp:attachment":[{"href":"https:\/\/nvccatamarca.com\/index.php\/wp-json\/wp\/v2\/media?parent=38283"}],"wp:term":[{"taxonomy":"category","embeddable":true,"href":"https:\/\/nvccatamarca.com\/index.php\/wp-json\/wp\/v2\/categories?post=38283"},{"taxonomy":"post_tag","embeddable":true,"href":"https:\/\/nvccatamarca.com\/index.php\/wp-json\/wp\/v2\/tags?post=38283"}],"curies":[{"name":"wp","href":"https:\/\/api.w.org\/{rel}","templated":true}]}}