{"id":38287,"date":"2026-09-03T13:40:22","date_gmt":"2026-09-03T16:40:22","guid":{"rendered":"https:\/\/www.eldiarioar.com\/politica\/china-convoco-embajador-argentino-dichos-funcionario-digital-milei_1_13485915.html"},"modified":"2026-09-03T13:40:22","modified_gmt":"2026-09-03T16:40:22","slug":"china-convoco-al-embajador-argentino-por-los-dichos-del-funcionario-digital-de-milei","status":"publish","type":"post","link":"https:\/\/nvccatamarca.com\/index.php\/2026\/09\/03\/china-convoco-al-embajador-argentino-por-los-dichos-del-funcionario-digital-de-milei\/","title":{"rendered":"China convoc\u00f3 al embajador argentino por los dichos del funcionario digital de Milei"},"content":{"rendered":"<p class=\"article-text\"> La tensi\u00f3n entre Argentina y China sum\u00f3 este jueves un nuevo cap\u00edtulo. La Canciller\u00eda de Beijing convoc\u00f3 al embajador argentino, <strong>Marcelo Su\u00e1rez Salvia<\/strong>, para transmitirle una protesta por las <a href=\"https:\/\/www.eldiarioar.com\/politica\/tension-diplomatica-china-respondio-funcionario-libertario-culpo-partido-comunista-tragedia-nepal_1_13480140.html\" data-mrf-recirculation=\"links-noticia\" class=\"link\">declaraciones realizadas en redes sociales por el director de Comunicaci\u00f3n Digital del Gobierno, Juan Pablo Carreira, conocido como \u201cJuan Doe\u201d<\/a>. <\/p>\n<aside class=\"know-more know-more--with-image\" readability=\"0\"> <a href=\"https:\/\/www.eldiarioar.com\/politica\/tension-diplomatica-china-respondio-funcionario-libertario-culpo-partido-comunista-tragedia-nepal_1_13480140.html\" data-mrf-recirculation=\"saber-mas\" data-dl-event=\"saber-mas\" readability=\"3\"> <\/p>\n<p class=\"know-more__title\">Tensi\u00f3n diplom\u00e1tica: China respondi\u00f3 a un funcionario libertario que culp\u00f3 al Partido Comunista por la tragedia en Nepal<\/p>\n<picture class=\"know-more__img\"> <!--[if IE 9]><video style=\"display: none;\"><![endif]--><source media=\"(max-width: 767px)\" type=\"image\/webp\" srcset=\"https:\/\/static.eldiario.es\/clip\/06c8196f-5c30-486a-bc39-dcc400cf5eca_16-9-aspect-ratio_50p_0_x637y187.webp\"><source media=\"(max-width: 767px)\" type=\"image\/jpg\" srcset=\"https:\/\/static.eldiario.es\/clip\/06c8196f-5c30-486a-bc39-dcc400cf5eca_16-9-aspect-ratio_50p_0_x637y187.jpg\"><source media=\"(min-width: 768px)\" type=\"image\/webp\" srcset=\"https:\/\/static.eldiario.es\/clip\/06c8196f-5c30-486a-bc39-dcc400cf5eca_16-9-aspect-ratio_50p_0_x637y187.webp\"><source media=\"(min-width: 768px)\" type=\"image\/jpg\" srcset=\"https:\/\/static.eldiario.es\/clip\/06c8196f-5c30-486a-bc39-dcc400cf5eca_16-9-aspect-ratio_50p_0_x637y187.jpg\"><source type=\"image\/webp\" srcset=\"https:\/\/static.eldiario.es\/clip\/06c8196f-5c30-486a-bc39-dcc400cf5eca_16-9-aspect-ratio_default_0_x637y187.webp\"><!--[if IE 9]><\/video><![endif]--> <img decoding=\"async\" class=\"lazy\" loading=\"lazy\" src=\"https:\/\/static.eldiario.es\/clip\/06c8196f-5c30-486a-bc39-dcc400cf5eca_16-9-aspect-ratio_default_0_x637y187.jpg\" alt=\"Tensi\u00f3n diplom\u00e1tica: China respondi\u00f3 a un funcionario libertario que culp\u00f3 al Partido Comunista por la tragedia en Nepal\"> <\/picture> <\/a><br \/>\n<\/aside>\n<p class=\"article-text\"> La convocatoria fue confirmada por fuentes de ambos cuerpos diplom\u00e1ticos y se produjo luego de una publicaci\u00f3n de Carreira en la red social X, en la que responsabiliz\u00f3 a China por la reciente cat\u00e1strofe ocurrida en Nepal, que dej\u00f3 m\u00e1s de un millar de muertos. <\/p>\n<p class=\"article-text\"> Carreira, responsable de la cuenta oficial <strong>Oficina de Respuesta Oficial<\/strong>, sostuvo que una empresa estatal china estaba construyendo una megaobra hidroel\u00e9ctrica junto a un glaciar en la frontera entre China y Nepal y vincul\u00f3 el desastre con lo que defini\u00f3 como \u201clos t\u00edpicos fallos de la organizaci\u00f3n estatal de la actividad industrial\u201d. <\/p>\n<p class=\"article-text\"> El funcionario fue m\u00e1s all\u00e1 y relacion\u00f3 el episodio con otros desastres hist\u00f3ricos que, seg\u00fan su interpretaci\u00f3n, estuvieron vinculados con la gesti\u00f3n de reg\u00edmenes comunistas. La publicaci\u00f3n termin\u00f3 con una fuerte definici\u00f3n pol\u00edtica: <strong>\u201cEl comunismo mata. El Partido Comunista vestido de \u2018empresario\u2019 mata\u201d<\/strong>. <\/p>\n<p class=\"article-text\"> <strong>Las declaraciones generaron una r\u00e1pida respuesta de la representaci\u00f3n diplom\u00e1tica china en Buenos Aires, que cuestion\u00f3 p\u00fablicamente los dichos sin mencionar inicialmente a Carreira por su nombre.<\/strong> <\/p>\n<p class=\"article-text\"> Como Su\u00e1rez Salvia se encontraba de vacaciones, a la reuni\u00f3n concurri\u00f3 <strong>Guillermo Alberto Simunovich<\/strong>, consejero de la embajada y segundo en la l\u00ednea de mando de la representaci\u00f3n argentina en Beijing. Seg\u00fan fuentes diplom\u00e1ticas, el funcionario recibi\u00f3 una <strong>\u201cfuerte queja\u201d<\/strong> por las expresiones del director de Comunicaci\u00f3n Digital. <\/p>\n<p class=\"article-text\"> Pero el reclamo chino no se limit\u00f3 a la publicaci\u00f3n de Carreira. Durante el encuentro, los representantes de Beijing tambi\u00e9n plantearon su preocupaci\u00f3n por la <strong>exclusi\u00f3n de compa\u00f1\u00edas chinas de licitaciones internacionales en Argentina<\/strong> y por lo que consideran un incremento de las hostilidades hacia su pa\u00eds por parte del Gobierno de Javier Milei. <\/p>\n<p class=\"article-text\"> En ese marco, tambi\u00e9n hicieron referencia a los <strong>contactos de funcionarios argentinos con representantes de Taiw\u00e1n<\/strong>, una cuesti\u00f3n particularmente sensible para Beijing porque contradice su pol\u00edtica de \u201cuna sola China\u201d, que considera a Taiw\u00e1n parte de su territorio. <\/p>\n<h2 class=\"article-text\">La respuesta de la embajada china<\/h2>\n<p class=\"article-text\"> La protesta diplom\u00e1tica se produjo despu\u00e9s de que la Embajada de China en la Argentina difundiera una declaraci\u00f3n en respuesta a las acusaciones de Carreira. <\/p>\n<p class=\"article-text\"> En ese comunicado, la representaci\u00f3n diplom\u00e1tica sostuvo que mientras China y Nepal desarrollaban tareas de rescate y asistencia luego de la cat\u00e1strofe, \u201ccierto funcionario argentino, movido por prejuicios ideol\u00f3gicos sesgados, difunde maliciosamente rumores para difamar al Partido Comunista de China y manchar la imagen internacional de China\u201d. <\/p>\n<figure class=\"embed-container embed-container--type-twitter \">\n<blockquote class=\"twitter-tweet\" data-lang=\"es\"><\/blockquote>\n<\/figure>\n<p class=\"article-text\"> Beijing rechaz\u00f3 de manera categ\u00f3rica las acusaciones y afirm\u00f3 que <strong>\u201cla parte china se opone firmemente a ello y no lo acepta en absoluto\u201d<\/strong>. <\/p>\n<p class=\"article-text\"> La embajada tambi\u00e9n cuestion\u00f3 la interpretaci\u00f3n sobre las causas del desastre. Seg\u00fan su posici\u00f3n, expertos y organismos oficiales de China y Nepal realizaron evaluaciones y an\u00e1lisis sobre lo ocurrido y determinaron que la tragedia fue provocada por <strong>\u201cel desprendimiento de un glaciar de gran altitud situado en territorio nepal\u00ed\u201d<\/strong>. <\/p>\n<p class=\"article-text\"> En ese sentido, la representaci\u00f3n diplom\u00e1tica calific\u00f3 las afirmaciones difundidas por el funcionario argentino como <strong>\u201cespeculaciones malintencionadas carentes de fundamento\u201d<\/strong> y le reclam\u00f3 que modifique de inmediato su actitud y deje de realizar ese tipo de declaraciones. <\/p>\n<p class=\"article-text\"> La Embajada de China tambi\u00e9n cuestion\u00f3 la utilizaci\u00f3n pol\u00edtica de una cat\u00e1strofe natural y exhort\u00f3 a Carreira a <strong>\u201cdejar de politizar o instrumentalizar las cat\u00e1strofes naturales\u201d<\/strong>. <\/p>\n<p class=\"article-text\"> El mensaje termin\u00f3 con una advertencia sobre el impacto que este tipo de enfrentamientos puede tener en la relaci\u00f3n bilateral. La representaci\u00f3n china expres\u00f3 su intenci\u00f3n de <strong>\u201cevitar da\u00f1os a las relaciones y las cooperaciones sino-argentinas\u201d<\/strong>. <\/p>\n<h2 class=\"article-text\">Un nuevo foco de tensi\u00f3n bilateral<\/h2>\n<p class=\"article-text\"> <strong>El episodio se suma a una serie de diferencias que en los \u00faltimos meses atravesaron la relaci\u00f3n entre Buenos Aires y Beijing.<\/strong> <\/p>\n<p class=\"article-text\"> La llegada de Milei a la Casa Rosada implic\u00f3 un fuerte acercamiento pol\u00edtico a Estados Unidos y una posici\u00f3n m\u00e1s cr\u00edtica hacia China, aunque el Gobierno argentino mantuvo distintos canales de di\u00e1logo y cooperaci\u00f3n econ\u00f3mica con Beijing. <\/p>\n<p class=\"article-text\"> En paralelo, funcionarios de la administraci\u00f3n libertaria han cuestionado en reiteradas oportunidades la presencia de empresas chinas en sectores estrat\u00e9gicos de la econom\u00eda argentina. Entre los temas de mayor sensibilidad aparecen las inversiones en infraestructura, energ\u00eda y tecnolog\u00eda. <\/p>\n<p class=\"article-text\"> La cuesti\u00f3n de Taiw\u00e1n constituye otro punto particularmente delicado. China sostiene que existe una \u00fanica China y considera a Taiw\u00e1n una parte inseparable de su territorio, por lo que cualquier se\u00f1al de acercamiento oficial argentino a las autoridades taiwanesas es observada con especial atenci\u00f3n por Beijing. <\/p>\n<p class=\"article-text\"> En ese contexto, una publicaci\u00f3n realizada desde una cuenta vinculada al Gobierno argentino volvi\u00f3 a trasladar una disputa pol\u00edtica e ideol\u00f3gica de las redes sociales al terreno diplom\u00e1tico. <\/p>\n<p class=\"article-text\"> El llamado al embajador argentino marca as\u00ed una escalada respecto de la primera respuesta p\u00fablica de la embajada china. Lo que comenz\u00f3 con un mensaje de un funcionario en X termin\u00f3 con una protesta formal ante la representaci\u00f3n diplom\u00e1tica argentina y con Beijing poniendo sobre la mesa cuestiones que exceden ampliamente aquella publicaci\u00f3n. <\/p>\n<p class=\"article-text\"> La preocupaci\u00f3n de fondo, seg\u00fan plantearon fuentes diplom\u00e1ticas, pasa por el impacto que estos episodios pueden tener sobre una relaci\u00f3n que involucra intereses comerciales, inversiones y cooperaci\u00f3n entre ambos pa\u00edses. <\/p>\n<p class=\"article-text\"> Por ahora, el Gobierno argentino no inform\u00f3 p\u00fablicamente si habr\u00e1 una respuesta formal al reclamo chino ni si Carreira modificar\u00e1 o ratificar\u00e1 sus afirmaciones. <\/p>\n<p class=\"article-text\"> <em>Con informaci\u00f3n de la agencia NA<\/em> <\/p>\n","protected":false},"excerpt":{"rendered":"<p>La tensi\u00f3n entre Argentina y China sum\u00f3 este jueves un nuevo cap\u00edtulo. La Canciller\u00eda de Beijing convoc\u00f3 al embajador argentino, Marcelo Su\u00e1rez Salvia, para transmitirle una protesta por las declaraciones realizadas en redes sociales por el director de Comunicaci\u00f3n Digital del Gobierno, Juan Pablo Carreira, conocido como \u201cJuan Doe\u201d. Tensi\u00f3n diplom\u00e1tica: China respondi\u00f3 a un [&hellip;]<\/p>\n","protected":false},"author":1,"featured_media":38288,"comment_status":"closed","ping_status":"closed","sticky":false,"template":"","format":"standard","meta":{"footnotes":""},"categories":[123],"tags":[],"class_list":["post-38287","post","type-post","status-publish","format-standard","has-post-thumbnail","hentry","category-nacionales"],"_links":{"self":[{"href":"https:\/\/nvccatamarca.com\/index.php\/wp-json\/wp\/v2\/posts\/38287","targetHints":{"allow":["GET"]}}],"collection":[{"href":"https:\/\/nvccatamarca.com\/index.php\/wp-json\/wp\/v2\/posts"}],"about":[{"href":"https:\/\/nvccatamarca.com\/index.php\/wp-json\/wp\/v2\/types\/post"}],"author":[{"embeddable":true,"href":"https:\/\/nvccatamarca.com\/index.php\/wp-json\/wp\/v2\/users\/1"}],"replies":[{"embeddable":true,"href":"https:\/\/nvccatamarca.com\/index.php\/wp-json\/wp\/v2\/comments?post=38287"}],"version-history":[{"count":0,"href":"https:\/\/nvccatamarca.com\/index.php\/wp-json\/wp\/v2\/posts\/38287\/revisions"}],"wp:featuredmedia":[{"embeddable":true,"href":"https:\/\/nvccatamarca.com\/index.php\/wp-json\/wp\/v2\/media\/38288"}],"wp:attachment":[{"href":"https:\/\/nvccatamarca.com\/index.php\/wp-json\/wp\/v2\/media?parent=38287"}],"wp:term":[{"taxonomy":"category","embeddable":true,"href":"https:\/\/nvccatamarca.com\/index.php\/wp-json\/wp\/v2\/categories?post=38287"},{"taxonomy":"post_tag","embeddable":true,"href":"https:\/\/nvccatamarca.com\/index.php\/wp-json\/wp\/v2\/tags?post=38287"}],"curies":[{"name":"wp","href":"https:\/\/api.w.org\/{rel}","templated":true}]}}