{"id":38289,"date":"2026-09-04T10:50:32","date_gmt":"2026-09-04T13:50:32","guid":{"rendered":"https:\/\/airevision.com.ar\/?p=187394"},"modified":"2026-09-04T10:50:32","modified_gmt":"2026-09-04T13:50:32","slug":"crean-el-centro-de-participacion-ciudadana-para-promover-el-intercambio-y-generar-proyectos-comunitarios","status":"publish","type":"post","link":"https:\/\/nvccatamarca.com\/index.php\/2026\/09\/04\/crean-el-centro-de-participacion-ciudadana-para-promover-el-intercambio-y-generar-proyectos-comunitarios\/","title":{"rendered":"Crean el Centro de Participaci\u00f3n Ciudadana para promover el intercambio y generar proyectos comunitarios"},"content":{"rendered":"<div><img decoding=\"async\" src=\"https:\/\/airevision.com.ar\/wp-content\/uploads\/2026\/09\/WhatsApp-Image-2026-09-04-at-09.40.05.jpeg\" class=\"ff-og-image-inserted\"><\/div>\n<p>La Vicegobernaci\u00f3n puso en marcha el <strong>Centro de Participaci\u00f3n Ciudadana<\/strong>, un nuevo espacio que busca reunir a distintos sectores de la comunidad para debatir problem\u00e1ticas, intercambiar propuestas y generar acciones concretas que contribuyan a mejorar los \u00e1mbitos en los que los vecinos se desenvuelven.<\/p>\n<p>La iniciativa fue presentada durante la primera jornada del Centro, que se realiz\u00f3 en el Centro Vecinal Jes\u00fas de la Divina Misericordia, ubicado en el barrio Policial. En di\u00e1logo con los medios, <strong>Susana Mur\u00faa, directora de Calidad Humana, \u00e1rea perteneciente a la Vicegobernaci\u00f3n<\/strong>, explic\u00f3 los alcances de la propuesta.<\/p>\n<p>\u201cQueremos crear un espacio desde ac\u00e1 de la Vicegobernaci\u00f3n para que interrelacionen distintos ciudadanos y vecinos que componen distintos \u00e1mbitos\u201d, se\u00f1al\u00f3 Mur\u00faa. En este sentido, detall\u00f3 que fueron convocados <strong>j\u00f3venes, estudiantes universitarios, centros de estudiantes, centros vecinales, colegios profesionales y la comunidad en general<\/strong>.<\/p>\n<p>La funcionaria remarc\u00f3 que uno de los principales objetivos es generar una vinculaci\u00f3n que muchas veces no se produce entre los diferentes actores sociales. \u201cBuscamos que se realice una interrelaci\u00f3n que normalmente por ah\u00ed no se da, que no se vinculan todos estos actores de la sociedad\u201d, sostuvo.<\/p>\n<p>La propuesta no se limitar\u00e1 al debate. Seg\u00fan explic\u00f3 Mur\u00faa, se pretende que las conclusiones de cada encuentro puedan transformarse en <strong>acciones, proyectos y actividades concretas<\/strong>, e incluso algunas iniciativas podr\u00edan llegar a ser canalizadas como proyectos de ley dentro del \u00e1mbito legislativo.<\/p>\n<h3>Trabajo en comisiones<\/h3>\n<p>El Centro de Participaci\u00f3n Ciudadana contar\u00e1 con distintas comisiones tem\u00e1ticas para abordar las principales inquietudes planteadas por la comunidad. Entre ellas se encuentran <strong>desarrollo econ\u00f3mico, cultura, deporte, pol\u00edtica, ciudadan\u00eda y seguridad, educaci\u00f3n, salud, desarrollo integral juvenil y medios de comunicaci\u00f3n<\/strong>.<\/p>\n<p>Adem\u00e1s, Mur\u00faa adelant\u00f3 que durante el proceso tambi\u00e9n se desarrollar\u00e1n capacitaciones espec\u00edficas de acuerdo con las necesidades que surjan de cada comisi\u00f3n. Como ejemplo, mencion\u00f3 la posibilidad de realizar actividades vinculadas con <strong>educaci\u00f3n financiera<\/strong>, una tem\u00e1tica que ya fue solicitada por los participantes.<\/p>\n<p>La iniciativa contempla la realizaci\u00f3n de <strong>una jornada mensual<\/strong>, mientras que las comisiones podr\u00e1n continuar trabajando durante las semanas posteriores, de acuerdo con las necesidades y propuestas que surjan.<\/p>\n<p>En cuanto a los lugares de encuentro, la intenci\u00f3n es que las jornadas sean itinerantes. La primera se desarroll\u00f3 en el Centro Vecinal Jes\u00fas de la Divina Misericordia, ubicado en <strong>Intendente Caparisio Mendoza 1544<\/strong>, pero desde la organizaci\u00f3n anticiparon que otros centros vecinales y localidades del interior ya manifestaron su inter\u00e9s en recibir las pr\u00f3ximas actividades.<\/p>\n<p>Mur\u00faa destac\u00f3 que la creaci\u00f3n del espacio tambi\u00e9n responde a las demandas actuales de la sociedad y a la necesidad de generar herramientas colectivas frente a las dificultades que atraviesan las familias. \u201cNace tambi\u00e9n por la demanda que hay de la sociedad de satisfacer distintas necesidades que van surgiendo, m\u00e1s que nada en este momento de la situaci\u00f3n complicada que vivimos\u201d, expres\u00f3.<\/p>\n<p>La propuesta busca as\u00ed consolidarse como un \u00e1mbito permanente de participaci\u00f3n, donde diferentes sectores puedan <strong>poner en com\u00fan sus problem\u00e1ticas, construir propuestas y avanzar en proyectos que tengan impacto directo en la comunidad<\/strong>.<\/p>\n","protected":false},"excerpt":{"rendered":"<p>La Vicegobernaci\u00f3n puso en marcha el Centro de Participaci\u00f3n Ciudadana, un nuevo espacio que busca reunir a distintos sectores de la comunidad para debatir problem\u00e1ticas, intercambiar propuestas y generar acciones concretas que contribuyan a mejorar los \u00e1mbitos en los que los vecinos se desenvuelven. La iniciativa fue presentada durante la primera jornada del Centro, que [&hellip;]<\/p>\n","protected":false},"author":1,"featured_media":38290,"comment_status":"open","ping_status":"closed","sticky":false,"template":"","format":"standard","meta":{"footnotes":""},"categories":[132],"tags":[],"class_list":["post-38289","post","type-post","status-publish","format-standard","has-post-thumbnail","hentry","category-destacados"],"_links":{"self":[{"href":"https:\/\/nvccatamarca.com\/index.php\/wp-json\/wp\/v2\/posts\/38289","targetHints":{"allow":["GET"]}}],"collection":[{"href":"https:\/\/nvccatamarca.com\/index.php\/wp-json\/wp\/v2\/posts"}],"about":[{"href":"https:\/\/nvccatamarca.com\/index.php\/wp-json\/wp\/v2\/types\/post"}],"author":[{"embeddable":true,"href":"https:\/\/nvccatamarca.com\/index.php\/wp-json\/wp\/v2\/users\/1"}],"replies":[{"embeddable":true,"href":"https:\/\/nvccatamarca.com\/index.php\/wp-json\/wp\/v2\/comments?post=38289"}],"version-history":[{"count":0,"href":"https:\/\/nvccatamarca.com\/index.php\/wp-json\/wp\/v2\/posts\/38289\/revisions"}],"wp:featuredmedia":[{"embeddable":true,"href":"https:\/\/nvccatamarca.com\/index.php\/wp-json\/wp\/v2\/media\/38290"}],"wp:attachment":[{"href":"https:\/\/nvccatamarca.com\/index.php\/wp-json\/wp\/v2\/media?parent=38289"}],"wp:term":[{"taxonomy":"category","embeddable":true,"href":"https:\/\/nvccatamarca.com\/index.php\/wp-json\/wp\/v2\/categories?post=38289"},{"taxonomy":"post_tag","embeddable":true,"href":"https:\/\/nvccatamarca.com\/index.php\/wp-json\/wp\/v2\/tags?post=38289"}],"curies":[{"name":"wp","href":"https:\/\/api.w.org\/{rel}","templated":true}]}}