{"id":38291,"date":"2026-09-04T08:56:36","date_gmt":"2026-09-04T11:56:36","guid":{"rendered":"https:\/\/airevision.com.ar\/?p=187388"},"modified":"2026-09-04T08:56:36","modified_gmt":"2026-09-04T11:56:36","slug":"casa-de-la-puna-propone-pena-patio-criollo-y-parrillada-para-este-fin-de-semana","status":"publish","type":"post","link":"https:\/\/nvccatamarca.com\/index.php\/2026\/09\/04\/casa-de-la-puna-propone-pena-patio-criollo-y-parrillada-para-este-fin-de-semana\/","title":{"rendered":"Casa de la Puna propone pe\u00f1a, patio criollo y parrillada para este fin de semana"},"content":{"rendered":"<div class=\"td-post-featured-image\"><a href=\"https:\/\/airevision.com.ar\/wp-content\/uploads\/2026\/09\/163932055_10222260852381781_6945577360926879922_n.jpg\" data-caption><img loading=\"lazy\" decoding=\"async\" data-lazyloaded=\"1\" src=\"https:\/\/airevision.com.ar\/wp-content\/uploads\/2026\/09\/163932055_10222260852381781_6945577360926879922_n-696x489.jpg\" width=\"696\" height=\"489\" class=\"entry-thumb td-modal-image\" data-sizes=\"(max-width: 696px) 100vw, 696px\" alt title=\"163932055_10222260852381781_6945577360926879922_n\" srcset=\"https:\/\/airevision.com.ar\/wp-content\/uploads\/2026\/09\/163932055_10222260852381781_6945577360926879922_n-696x489.jpg 696w, https:\/\/airevision.com.ar\/wp-content\/uploads\/2026\/09\/163932055_10222260852381781_6945577360926879922_n-300x211.jpg 300w, https:\/\/airevision.com.ar\/wp-content\/uploads\/2026\/09\/163932055_10222260852381781_6945577360926879922_n-1024x720.jpg 1024w, https:\/\/airevision.com.ar\/wp-content\/uploads\/2026\/09\/163932055_10222260852381781_6945577360926879922_n-768x540.jpg 768w, https:\/\/airevision.com.ar\/wp-content\/uploads\/2026\/09\/163932055_10222260852381781_6945577360926879922_n-150x105.jpg 150w, https:\/\/airevision.com.ar\/wp-content\/uploads\/2026\/09\/163932055_10222260852381781_6945577360926879922_n-1068x751.jpg 1068w, https:\/\/airevision.com.ar\/wp-content\/uploads\/2026\/09\/163932055_10222260852381781_6945577360926879922_n.jpg 1080w\"><\/a><\/div>\n<p>Este fin de semana La Casa de la Puna se propone como un epicentro donde la cultura catamarque\u00f1a se manifestar\u00e1 en gastronom\u00eda local y m\u00fasica con identidad.<\/p>\n<p>Ma\u00f1ana viernes 4, habr\u00e1 pe\u00f1a a partir de las 22 hs con la actuaci\u00f3n de la banda&nbsp;Tres Tristes Tigres. El costo de la entrada ser\u00e1 de $ 12.000 o 2 por $ 20.000 y las reservas se pueden hacer mediante el contacto al: 3834622640..<\/p>\n<p>El s\u00e1bado al mediod\u00eda se invita a una Pe\u00f1a en el Patio para degustar las tradicionales empanadas al horno de barro, entre otras comidas&nbsp;y vinos regionales. Actuar\u00e1n&nbsp;Catuchos, Carlos Di Pardo y la cantante tucumana Melina Cabocota con 20 a\u00f1os de trayectoria y ganadora de lo Espect\u00e1culos Callejeros de Cosqu\u00edn 2012.&nbsp; El derecho de espect\u00e1culo costar\u00e1 $ 10.000 y las reservas se realizan al 3834566328 o al 3834350809.<\/p>\n<p>El domingo habr\u00e1 almuerzo con folklore, parrillada especial y show en vivo de Lisandro Delgado, con entrada gratuita.<\/p>\n","protected":false},"excerpt":{"rendered":"<p>Este fin de semana La Casa de la Puna se propone como un epicentro donde la cultura catamarque\u00f1a se manifestar\u00e1 en gastronom\u00eda local y m\u00fasica con identidad. Ma\u00f1ana viernes 4, habr\u00e1 pe\u00f1a a partir de las 22 hs con la actuaci\u00f3n de la banda&nbsp;Tres Tristes Tigres. El costo de la entrada ser\u00e1 de $ 12.000 [&hellip;]<\/p>\n","protected":false},"author":1,"featured_media":38292,"comment_status":"open","ping_status":"closed","sticky":false,"template":"","format":"standard","meta":{"footnotes":""},"categories":[132],"tags":[],"class_list":["post-38291","post","type-post","status-publish","format-standard","has-post-thumbnail","hentry","category-destacados"],"_links":{"self":[{"href":"https:\/\/nvccatamarca.com\/index.php\/wp-json\/wp\/v2\/posts\/38291","targetHints":{"allow":["GET"]}}],"collection":[{"href":"https:\/\/nvccatamarca.com\/index.php\/wp-json\/wp\/v2\/posts"}],"about":[{"href":"https:\/\/nvccatamarca.com\/index.php\/wp-json\/wp\/v2\/types\/post"}],"author":[{"embeddable":true,"href":"https:\/\/nvccatamarca.com\/index.php\/wp-json\/wp\/v2\/users\/1"}],"replies":[{"embeddable":true,"href":"https:\/\/nvccatamarca.com\/index.php\/wp-json\/wp\/v2\/comments?post=38291"}],"version-history":[{"count":0,"href":"https:\/\/nvccatamarca.com\/index.php\/wp-json\/wp\/v2\/posts\/38291\/revisions"}],"wp:featuredmedia":[{"embeddable":true,"href":"https:\/\/nvccatamarca.com\/index.php\/wp-json\/wp\/v2\/media\/38292"}],"wp:attachment":[{"href":"https:\/\/nvccatamarca.com\/index.php\/wp-json\/wp\/v2\/media?parent=38291"}],"wp:term":[{"taxonomy":"category","embeddable":true,"href":"https:\/\/nvccatamarca.com\/index.php\/wp-json\/wp\/v2\/categories?post=38291"},{"taxonomy":"post_tag","embeddable":true,"href":"https:\/\/nvccatamarca.com\/index.php\/wp-json\/wp\/v2\/tags?post=38291"}],"curies":[{"name":"wp","href":"https:\/\/api.w.org\/{rel}","templated":true}]}}