{"id":38293,"date":"2026-09-04T08:53:32","date_gmt":"2026-09-04T11:53:32","guid":{"rendered":"https:\/\/airevision.com.ar\/?p=187384"},"modified":"2026-09-04T08:53:32","modified_gmt":"2026-09-04T11:53:32","slug":"tras-la-viralizacion-de-videos-la-policia-secuestro-una-motocicleta-e-identifico-a-dos-adolescentes","status":"publish","type":"post","link":"https:\/\/nvccatamarca.com\/index.php\/2026\/09\/04\/tras-la-viralizacion-de-videos-la-policia-secuestro-una-motocicleta-e-identifico-a-dos-adolescentes\/","title":{"rendered":"Tras la viralizaci\u00f3n de videos, la Polic\u00eda secuestr\u00f3 una motocicleta e identific\u00f3 a dos adolescentes"},"content":{"rendered":"<div class=\"td-post-featured-image\"><a href=\"https:\/\/airevision.com.ar\/wp-content\/uploads\/2026\/08\/Captura-de-pantalla-2026-08-27-095917.png\" data-caption><img loading=\"lazy\" decoding=\"async\" data-lazyloaded=\"1\" src=\"https:\/\/airevision.com.ar\/wp-content\/uploads\/2026\/08\/Captura-de-pantalla-2026-08-27-095917.png\" width=\"687\" height=\"350\" class=\"entry-thumb td-modal-image\" data-sizes=\"(max-width: 687px) 100vw, 687px\" alt title=\"Captura de pantalla 2026-08-27 095917\" srcset=\"https:\/\/airevision.com.ar\/wp-content\/uploads\/2026\/08\/Captura-de-pantalla-2026-08-27-095917.png 687w, https:\/\/airevision.com.ar\/wp-content\/uploads\/2026\/08\/Captura-de-pantalla-2026-08-27-095917-300x153.png 300w, https:\/\/airevision.com.ar\/wp-content\/uploads\/2026\/08\/Captura-de-pantalla-2026-08-27-095917-150x76.png 150w\"><\/a><\/div>\n<p>Luego de la viralizaci\u00f3n de videos que generaron preocupaci\u00f3n en redes sociales y medios de comunicaci\u00f3n provinciales y nacionales, la Polic\u00eda de Catamarca inici\u00f3 actuaciones de oficio e identific\u00f3 a los presuntos involucrados en dos hechos relacionados con maniobras peligrosas y graves infracciones a las normas de tr\u00e1nsito.<\/p>\n<p>En uno de los registros se observaba a una pareja circulando junto a un ni\u00f1o en una motocicleta de 110 cc., sin casco protector. Adem\u00e1s, el conductor realizaba maniobras peligrosas conocidas como \u201cwilly\u201d, mientras la acompa\u00f1ante llevaba al menor en brazos.<\/p>\n<p>En otro video viralizado, una mujer circulaba junto a una ni\u00f1a en una motocicleta tipo 110 cc., tambi\u00e9n sin que ninguna utilizara casco protector. Seg\u00fan se pudo observar en las im\u00e1genes, la conductora aparentemente consum\u00eda una bebida alcoh\u00f3lica mientras conduc\u00eda.<\/p>\n<p>A partir de una investigaci\u00f3n llevada adelante por personal de calle de la Seccional Octava, en conjunto con efectivos de la Direcci\u00f3n de Inteligencia Criminal de la Polic\u00eda de la Provincia, los investigadores llegaron hasta un domicilio del barrio Mi Jard\u00edn.<\/p>\n<p>En el lugar procedieron al secuestro de una motocicleta Lucky Aero Moto de 110 cc., de color negro, e identificaron a un adolescente de 14 a\u00f1os, quien ser\u00eda el conductor del rodado que aparece en uno de los videos, y a una joven de 15 a\u00f1os, quien ser\u00eda la acompa\u00f1ante que llevaba al ni\u00f1o en brazos.<\/p>\n<p>Por otra parte, efectivos de la Comisar\u00eda Cuarta lograron localizar a una mujer de 42 a\u00f1os, de apellido Salado, quien ser\u00eda la presunta conductora registrada en el segundo video.<\/p>\n<p><img data-lazyloaded=\"1\" src=\"https:\/\/airevision.com.ar\/wp-content\/uploads\/2026\/09\/Policia-de-Catamarca-1.jpg\" fetchpriority=\"high\" decoding=\"async\" class=\"alignnone size-full wp-image-187386\" alt width=\"659\" height=\"720\" data-sizes=\"(max-width: 659px) 100vw, 659px\" srcset=\"https:\/\/airevision.com.ar\/wp-content\/uploads\/2026\/09\/Policia-de-Catamarca-1.jpg 659w, https:\/\/airevision.com.ar\/wp-content\/uploads\/2026\/09\/Policia-de-Catamarca-1-275x300.jpg 275w, https:\/\/airevision.com.ar\/wp-content\/uploads\/2026\/09\/Policia-de-Catamarca-1-150x164.jpg 150w, https:\/\/airevision.com.ar\/wp-content\/uploads\/2026\/09\/Policia-de-Catamarca-1-300x328.jpg 300w\"><\/p>\n<p>La mujer fue citada y se present\u00f3 este viernes a las 13 horas en la dependencia policial, donde fue notificada de distintas infracciones a la Ley Nacional de Tr\u00e1nsito y al C\u00f3digo de Faltas de la Provincia.<\/p>\n<p>Finalmente, tras cumplimentarse los tr\u00e1mites correspondientes, tanto la mujer como los progenitores de los adolescentes quedaron supeditados a la prosecuci\u00f3n de las respectivas actuaciones.<\/p>\n","protected":false},"excerpt":{"rendered":"<p>Luego de la viralizaci\u00f3n de videos que generaron preocupaci\u00f3n en redes sociales y medios de comunicaci\u00f3n provinciales y nacionales, la Polic\u00eda de Catamarca inici\u00f3 actuaciones de oficio e identific\u00f3 a los presuntos involucrados en dos hechos relacionados con maniobras peligrosas y graves infracciones a las normas de tr\u00e1nsito. En uno de los registros se observaba [&hellip;]<\/p>\n","protected":false},"author":1,"featured_media":38294,"comment_status":"open","ping_status":"closed","sticky":false,"template":"","format":"standard","meta":{"footnotes":""},"categories":[132],"tags":[],"class_list":["post-38293","post","type-post","status-publish","format-standard","has-post-thumbnail","hentry","category-destacados"],"_links":{"self":[{"href":"https:\/\/nvccatamarca.com\/index.php\/wp-json\/wp\/v2\/posts\/38293","targetHints":{"allow":["GET"]}}],"collection":[{"href":"https:\/\/nvccatamarca.com\/index.php\/wp-json\/wp\/v2\/posts"}],"about":[{"href":"https:\/\/nvccatamarca.com\/index.php\/wp-json\/wp\/v2\/types\/post"}],"author":[{"embeddable":true,"href":"https:\/\/nvccatamarca.com\/index.php\/wp-json\/wp\/v2\/users\/1"}],"replies":[{"embeddable":true,"href":"https:\/\/nvccatamarca.com\/index.php\/wp-json\/wp\/v2\/comments?post=38293"}],"version-history":[{"count":0,"href":"https:\/\/nvccatamarca.com\/index.php\/wp-json\/wp\/v2\/posts\/38293\/revisions"}],"wp:featuredmedia":[{"embeddable":true,"href":"https:\/\/nvccatamarca.com\/index.php\/wp-json\/wp\/v2\/media\/38294"}],"wp:attachment":[{"href":"https:\/\/nvccatamarca.com\/index.php\/wp-json\/wp\/v2\/media?parent=38293"}],"wp:term":[{"taxonomy":"category","embeddable":true,"href":"https:\/\/nvccatamarca.com\/index.php\/wp-json\/wp\/v2\/categories?post=38293"},{"taxonomy":"post_tag","embeddable":true,"href":"https:\/\/nvccatamarca.com\/index.php\/wp-json\/wp\/v2\/tags?post=38293"}],"curies":[{"name":"wp","href":"https:\/\/api.w.org\/{rel}","templated":true}]}}