{"id":38295,"date":"2026-09-04T18:20:11","date_gmt":"2026-09-04T21:20:11","guid":{"rendered":"https:\/\/airevision.com.ar\/?p=187430"},"modified":"2026-09-04T18:20:11","modified_gmt":"2026-09-04T21:20:11","slug":"100-equipos-participaron-de-la-feria-de-ciencias-y-17-proyectos-avanzaron-a-la-instancia-nacional","status":"publish","type":"post","link":"https:\/\/nvccatamarca.com\/index.php\/2026\/09\/04\/100-equipos-participaron-de-la-feria-de-ciencias-y-17-proyectos-avanzaron-a-la-instancia-nacional\/","title":{"rendered":"100 equipos participaron de la Feria de Ciencias y 17 proyectos avanzaron a la instancia nacional"},"content":{"rendered":"<div class=\"td-post-featured-image\"><a href=\"https:\/\/airevision.com.ar\/wp-content\/uploads\/2026\/09\/e3ad683c-45e9-4479-be7f-d6a2d562a1be.jpeg\" data-caption><img loading=\"lazy\" decoding=\"async\" data-lazyloaded=\"1\" src=\"https:\/\/airevision.com.ar\/wp-content\/uploads\/2026\/09\/e3ad683c-45e9-4479-be7f-d6a2d562a1be-696x464.jpeg\" width=\"696\" height=\"464\" class=\"entry-thumb td-modal-image\" data-sizes=\"(max-width: 696px) 100vw, 696px\" alt title=\"e3ad683c-45e9-4479-be7f-d6a2d562a1be\" srcset=\"https:\/\/airevision.com.ar\/wp-content\/uploads\/2026\/09\/e3ad683c-45e9-4479-be7f-d6a2d562a1be-696x464.jpeg 696w, https:\/\/airevision.com.ar\/wp-content\/uploads\/2026\/09\/e3ad683c-45e9-4479-be7f-d6a2d562a1be-300x200.jpeg 300w, https:\/\/airevision.com.ar\/wp-content\/uploads\/2026\/09\/e3ad683c-45e9-4479-be7f-d6a2d562a1be-1024x682.jpeg 1024w, https:\/\/airevision.com.ar\/wp-content\/uploads\/2026\/09\/e3ad683c-45e9-4479-be7f-d6a2d562a1be-768x512.jpeg 768w, https:\/\/airevision.com.ar\/wp-content\/uploads\/2026\/09\/e3ad683c-45e9-4479-be7f-d6a2d562a1be-1536x1024.jpeg 1536w, https:\/\/airevision.com.ar\/wp-content\/uploads\/2026\/09\/e3ad683c-45e9-4479-be7f-d6a2d562a1be-2048x1365.jpeg 2048w, https:\/\/airevision.com.ar\/wp-content\/uploads\/2026\/09\/e3ad683c-45e9-4479-be7f-d6a2d562a1be-150x100.jpeg 150w, https:\/\/airevision.com.ar\/wp-content\/uploads\/2026\/09\/e3ad683c-45e9-4479-be7f-d6a2d562a1be-1068x712.jpeg 1068w, https:\/\/airevision.com.ar\/wp-content\/uploads\/2026\/09\/e3ad683c-45e9-4479-be7f-d6a2d562a1be-1920x1280.jpeg 1920w\"><\/a><\/div>\n<p><em>La propuesta organizada por el Ministerio de Educaci\u00f3n y Trabajo convoc\u00f3 a estudiantes y docentes de los niveles Inicial, Primario, Secundario y Superior, de las distintas modalidades educativas para compartir proyectos, experiencias y aprendizajes construidos en las aulas de toda la provincia.<\/em><\/p>\n<p>El Ministerio de Educaci\u00f3n y Trabajo llev\u00f3 adelante una nueva edici\u00f3n de la Etapa Provincial de la Feria de Ciencias 2026, que reuni\u00f3 a 100 equipos de estudiantes y docentes provenientes de distintos departamentos de Catamarca, quienes presentaron los proyectos desarrollados durante el a\u00f1o en sus instituciones educativas.<\/p>\n<p>La Feria cont\u00f3 con la participaci\u00f3n de propuestas de los niveles Inicial, Primario, Secundario y Superior, correspondientes a las distintas modalidades del sistema educativo, entre ellas Educaci\u00f3n Especial, Educaci\u00f3n Rural y Educaci\u00f3n T\u00e9cnico Profesional, consolidando una instancia de participaci\u00f3n amplia y representativa de la diversidad educativa de la provincia.<\/p>\n<p>A lo largo de la muestra, estudiantes y docentes compartieron con la comunidad los procesos de investigaci\u00f3n, experimentaci\u00f3n y creaci\u00f3n que dieron origen a cada iniciativa. Los trabajos abordaron problem\u00e1ticas vinculadas con la realidad de cada territorio y pusieron en juego conocimientos de Ciencias, Tecnolog\u00eda e Ingenier\u00eda, Artes y Matem\u00e1tica, bajo el enfoque STEAM que orienta la edici\u00f3n 2026 de las ferias.<\/p>\n<p>En este marco, la ministra de Educaci\u00f3n y Trabajo, Ver\u00f3nica Soria, recorri\u00f3 los diferentes stands junto al vicegobernador Rub\u00e9n Dusso, acompa\u00f1ando a los equipos participantes y dialogando con estudiantes y docentes sobre sus proyectos, las experiencias transitadas y los aprendizajes construidos durante el proceso.<\/p>\n<p>La instancia provincial permiti\u00f3, adem\u00e1s, reconocer el trabajo sostenido que se realiza en las instituciones educativas y generar un espacio de intercambio entre comunidades de distintos puntos de Catamarca. Tal como establece la propuesta de Feria de Ciencias, cada proyecto nace del trabajo en el aula y se enriquece a medida que atraviesa las distintas instancias, a partir del intercambio y las devoluciones realizadas por los equipos evaluadores.<\/p>\n<p>Tras la instancia de puesta en valor, fueron distinguidos 17 proyectos que representar\u00e1n a Catamarca en las instancias nacionales de la Feria de Ciencias 2026, de acuerdo con el foco correspondiente a cada propuesta: Ciencias, Tecnolog\u00eda e Ingenier\u00eda, Artes y Matem\u00e1tica, incluyendo los trabajos seleccionados del Nivel Superior. De esta manera, estudiantes y docentes de la provincia continuar\u00e1n el recorrido iniciado en las instancias escolares y departamentales, llevando sus experiencias y producciones a los encuentros nacionales.<\/p>\n<p><strong>Foco Matem\u00e1tica<\/strong><\/p>\n<ul>\n<li>\u201cAbrir la puerta para ir a jugar: una casita inclusiva\u201d \u2013 Escuela N.\u00ba 220, JIN N.\u00ba 17, Santa Mar\u00eda.<\/li>\n<li>\u201cLa matem\u00e1tica tambi\u00e9n dibuja\u201d \u2013 Colegio Privado San Agust\u00edn, Santa Mar\u00eda.<\/li>\n<li>\u201cLa caja Herencia Ancestral: \u00bfPi, est\u00e1s ah\u00ed?\u201d \u2013 Escuela Secundaria Rural N.\u00ba 21, Santa Mar\u00eda.<\/li>\n<li>Proyecto tem\u00e1tico de Probabilidad y Estad\u00edstica: \u201cVida y obra del doctor Fausto Toranzos\u201d \u2013 Escuela Secundaria N.\u00ba 31, Santa Mar\u00eda.<\/li>\n<\/ul>\n<p><strong>Foco Arte<\/strong><\/p>\n<ul>\n<li>\u201cBailando como el suri\u201d \u2013 Jard\u00edn de Infantes Eva Per\u00f3n, Pom\u00e1n.<\/li>\n<li>\u201cDo, re, mi, recicla\u201d \u2013 Escuela N.\u00ba 161 Islas Malvinas, Capital.<\/li>\n<li>\u201cHistorias que florecen en Valle Viejo\u201d \u2013 Colegio Privado Nuestra Se\u00f1ora de Guadalupe, Valle Viejo.<\/li>\n<li>Proyecto tem\u00e1tico de Arte Culinario: \u201cTesoro escondido: el ucle\u201d \u2013 Escuela N.\u00ba 277 Nicol\u00e1s Avellaneda, El Alto.<\/li>\n<\/ul>\n<p><strong>Foco Ciencia<\/strong><\/p>\n<ul>\n<li>\u201cEl camino del cabrito\u201d \u2013 Escuela N.\u00ba 79, JIN N.\u00ba 4, La Paz.<\/li>\n<li>\u201cPulso escolar en alerta\u201d \u2013 Escuela Primaria Provincial N.\u00ba 317, Casa de Piedra, Santa Mar\u00eda.<\/li>\n<li>\u201cOro verde\u201d \u2013 EPET N.\u00ba 6, Capital.<\/li>\n<\/ul>\n<p><strong>Foco Tecnolog\u00eda<\/strong><\/p>\n<ul>\n<li>\u201cEl hornero, un p\u00e1jaro alba\u00f1il\u201d \u2013 Escuela Privada Juan Chelem\u00edn, Andalgal\u00e1.<\/li>\n<li>\u201cPrevenci\u00f3n de peligros el\u00e9ctricos en espacios verdes y recreativos\u201d \u2013 Escuela Especial N.\u00ba 2 Un Nuevo D\u00eda, Andalgal\u00e1.<\/li>\n<li>\u201cEl membrillo: en busca de productos alternativos. La harina de membrillo\u201d \u2013 Escuela Agrot\u00e9cnica de Huaco, Andalgal\u00e1.<\/li>\n<li>Proyecto tem\u00e1tico: \u201cEco Carga Solidaria\u201d \u2013 EPET N.\u00ba 7, Capital.<\/li>\n<\/ul>\n<p><strong>Nivel Superior<\/strong><\/p>\n<ul>\n<li>\u201cEl origen perdido de las matem\u00e1ticas\u201d \u2013 IES Recreo, La Paz.<\/li>\n<li>\u201cS.O.S. Historia local: rescatando el pasado con IA y rutinas de pensamiento\u201d \u2013 IES Maldones, Fray Mamerto Esqui\u00fa.<\/li>\n<\/ul>\n<p>La Feria Provincial cerr\u00f3 as\u00ed una instancia que volvi\u00f3 a poner en valor el conocimiento, la curiosidad, la creatividad y el trabajo colectivo de estudiantes y docentes de toda la provincia. Los proyectos seleccionados continuar\u00e1n ahora su recorrido en las instancias nacionales, donde representar\u00e1n a Catamarca y compartir\u00e1n con comunidades educativas de todo el pa\u00eds las experiencias, investigaciones y aprendizajes desarrollados a lo largo de este proceso.<\/p>\n","protected":false},"excerpt":{"rendered":"<p>La propuesta organizada por el Ministerio de Educaci\u00f3n y Trabajo convoc\u00f3 a estudiantes y docentes de los niveles Inicial, Primario, Secundario y Superior, de las distintas modalidades educativas para compartir proyectos, experiencias y aprendizajes construidos en las aulas de toda la provincia. El Ministerio de Educaci\u00f3n y Trabajo llev\u00f3 adelante una nueva edici\u00f3n de la [&hellip;]<\/p>\n","protected":false},"author":1,"featured_media":38296,"comment_status":"open","ping_status":"closed","sticky":false,"template":"","format":"standard","meta":{"footnotes":""},"categories":[118],"tags":[],"class_list":["post-38295","post","type-post","status-publish","format-standard","has-post-thumbnail","hentry","category-provincia"],"_links":{"self":[{"href":"https:\/\/nvccatamarca.com\/index.php\/wp-json\/wp\/v2\/posts\/38295","targetHints":{"allow":["GET"]}}],"collection":[{"href":"https:\/\/nvccatamarca.com\/index.php\/wp-json\/wp\/v2\/posts"}],"about":[{"href":"https:\/\/nvccatamarca.com\/index.php\/wp-json\/wp\/v2\/types\/post"}],"author":[{"embeddable":true,"href":"https:\/\/nvccatamarca.com\/index.php\/wp-json\/wp\/v2\/users\/1"}],"replies":[{"embeddable":true,"href":"https:\/\/nvccatamarca.com\/index.php\/wp-json\/wp\/v2\/comments?post=38295"}],"version-history":[{"count":0,"href":"https:\/\/nvccatamarca.com\/index.php\/wp-json\/wp\/v2\/posts\/38295\/revisions"}],"wp:featuredmedia":[{"embeddable":true,"href":"https:\/\/nvccatamarca.com\/index.php\/wp-json\/wp\/v2\/media\/38296"}],"wp:attachment":[{"href":"https:\/\/nvccatamarca.com\/index.php\/wp-json\/wp\/v2\/media?parent=38295"}],"wp:term":[{"taxonomy":"category","embeddable":true,"href":"https:\/\/nvccatamarca.com\/index.php\/wp-json\/wp\/v2\/categories?post=38295"},{"taxonomy":"post_tag","embeddable":true,"href":"https:\/\/nvccatamarca.com\/index.php\/wp-json\/wp\/v2\/tags?post=38295"}],"curies":[{"name":"wp","href":"https:\/\/api.w.org\/{rel}","templated":true}]}}