{"id":38299,"date":"2026-09-04T10:57:02","date_gmt":"2026-09-04T13:57:02","guid":{"rendered":"https:\/\/airevision.com.ar\/?p=187397"},"modified":"2026-09-04T10:57:02","modified_gmt":"2026-09-04T13:57:02","slug":"se-realizo-un-simulacro-de-evacuacion-por-sismo-en-la-legislatura-provincial","status":"publish","type":"post","link":"https:\/\/nvccatamarca.com\/index.php\/2026\/09\/04\/se-realizo-un-simulacro-de-evacuacion-por-sismo-en-la-legislatura-provincial\/","title":{"rendered":"Se realiz\u00f3 un simulacro de evacuaci\u00f3n por sismo en la Legislatura provincial"},"content":{"rendered":"<div><img decoding=\"async\" src=\"https:\/\/airevision.com.ar\/wp-content\/uploads\/2026\/09\/WhatsApp-Image-2026-09-04-at-10.07.23.jpeg\" class=\"ff-og-image-inserted\"><\/div>\n<p>Este viernes se llev\u00f3 a cabo un <strong>simulacro de evacuaci\u00f3n en el Palacio Legislativo de Catamarca<\/strong>, con el objetivo de poner a prueba los protocolos de emergencia ante un eventual movimiento s\u00edsmico y fortalecer las capacidades de respuesta de quienes trabajan y concurren al edificio.<\/p>\n<p>El operativo fue coordinado por la <strong>Direcci\u00f3n Provincial de Protecci\u00f3n Civil<\/strong>, junto con la Secretar\u00eda de Seguridad, el Ministerio de Gobierno, las unidades de emergencia y los equipos de seguridad de las C\u00e1maras de Diputados y Senadores.<\/p>\n<p>El director provincial de Protecci\u00f3n Civil, <strong>ingeniero Walter Z\u00e1rate<\/strong>, explic\u00f3 que la actividad forma parte de un plan estrat\u00e9gico que busca preparar a la poblaci\u00f3n para actuar correctamente ante situaciones de emergencia.<\/p>\n<p>El simulacro cont\u00f3 con la participaci\u00f3n de <strong>empleados, autoridades, senadores y diputados<\/strong>, quienes debieron evacuar el edificio siguiendo los protocolos previamente establecidos.<\/p>\n<p>Z\u00e1rate destac\u00f3 que este tipo de actividades requieren de un proceso previo de capacitaci\u00f3n y coordinaci\u00f3n entre los distintos organismos involucrados. \u201cTodos somos evacuantes, todos participamos. Todos deben estar, porque en un evento de esta caracter\u00edstica todos tienen que evacuar\u201d, se\u00f1al\u00f3.<\/p>\n<h3>Buscan fortalecer la prevenci\u00f3n ante emergencias<\/h3>\n<p>Desde Protecci\u00f3n Civil remarcaron que el objetivo de estos simulacros no es solamente evaluar el tiempo de evacuaci\u00f3n, sino tambi\u00e9n <strong>detectar posibles dificultades, corregir procedimientos y establecer conductas que permitan actuar de manera adecuada ante una emergencia real<\/strong>.<\/p>\n<p>\u201cLo que nosotros pretendemos es generar un est\u00e1ndar de actuaci\u00f3n y aumentar las probabilidades de sobrevivir ante eventos adversos\u201d, explic\u00f3 Z\u00e1rate.<\/p>\n<p>El funcionario indic\u00f3 adem\u00e1s que estas acciones continuar\u00e1n desarroll\u00e1ndose en distintos puntos de la provincia. Est\u00e1 previsto realizar simulacros en <strong>Recreo, Santa Mar\u00eda y otros edificios p\u00fablicos y privados de Capital y el Valle Central<\/strong>.<\/p>\n<p>La iniciativa apunta a que, frente a la ocurrencia de un sismo u otro tipo de siniestro, las personas puedan identificar r\u00e1pidamente <strong>qu\u00e9 hacer, qu\u00e9 evitar y c\u00f3mo evacuar de manera segura<\/strong>.<\/p>\n<p>De esta manera, el simulacro realizado en la Legislatura permiti\u00f3 poner en pr\u00e1ctica los protocolos de emergencia y avanzar en la preparaci\u00f3n de los organismos y de la comunidad frente a posibles situaciones de riesgo.<\/p>\n","protected":false},"excerpt":{"rendered":"<p>Este viernes se llev\u00f3 a cabo un simulacro de evacuaci\u00f3n en el Palacio Legislativo de Catamarca, con el objetivo de poner a prueba los protocolos de emergencia ante un eventual movimiento s\u00edsmico y fortalecer las capacidades de respuesta de quienes trabajan y concurren al edificio. El operativo fue coordinado por la Direcci\u00f3n Provincial de Protecci\u00f3n [&hellip;]<\/p>\n","protected":false},"author":1,"featured_media":38300,"comment_status":"open","ping_status":"closed","sticky":false,"template":"","format":"standard","meta":{"footnotes":""},"categories":[132,118],"tags":[],"class_list":["post-38299","post","type-post","status-publish","format-standard","has-post-thumbnail","hentry","category-destacados","category-provincia"],"_links":{"self":[{"href":"https:\/\/nvccatamarca.com\/index.php\/wp-json\/wp\/v2\/posts\/38299","targetHints":{"allow":["GET"]}}],"collection":[{"href":"https:\/\/nvccatamarca.com\/index.php\/wp-json\/wp\/v2\/posts"}],"about":[{"href":"https:\/\/nvccatamarca.com\/index.php\/wp-json\/wp\/v2\/types\/post"}],"author":[{"embeddable":true,"href":"https:\/\/nvccatamarca.com\/index.php\/wp-json\/wp\/v2\/users\/1"}],"replies":[{"embeddable":true,"href":"https:\/\/nvccatamarca.com\/index.php\/wp-json\/wp\/v2\/comments?post=38299"}],"version-history":[{"count":0,"href":"https:\/\/nvccatamarca.com\/index.php\/wp-json\/wp\/v2\/posts\/38299\/revisions"}],"wp:featuredmedia":[{"embeddable":true,"href":"https:\/\/nvccatamarca.com\/index.php\/wp-json\/wp\/v2\/media\/38300"}],"wp:attachment":[{"href":"https:\/\/nvccatamarca.com\/index.php\/wp-json\/wp\/v2\/media?parent=38299"}],"wp:term":[{"taxonomy":"category","embeddable":true,"href":"https:\/\/nvccatamarca.com\/index.php\/wp-json\/wp\/v2\/categories?post=38299"},{"taxonomy":"post_tag","embeddable":true,"href":"https:\/\/nvccatamarca.com\/index.php\/wp-json\/wp\/v2\/tags?post=38299"}],"curies":[{"name":"wp","href":"https:\/\/api.w.org\/{rel}","templated":true}]}}