{"id":38301,"date":"2026-09-04T08:59:34","date_gmt":"2026-09-04T11:59:34","guid":{"rendered":"https:\/\/airevision.com.ar\/?p=187391"},"modified":"2026-09-04T08:59:34","modified_gmt":"2026-09-04T11:59:34","slug":"se-extiende-la-campana-de-vacunacion-contra-el-virus-sincicial-respiratorio","status":"publish","type":"post","link":"https:\/\/nvccatamarca.com\/index.php\/2026\/09\/04\/se-extiende-la-campana-de-vacunacion-contra-el-virus-sincicial-respiratorio\/","title":{"rendered":"Se extiende la Campa\u00f1a de Vacunaci\u00f3n contra el Virus Sincicial Respiratorio"},"content":{"rendered":"<div class=\"td-post-featured-image\"><a href=\"https:\/\/airevision.com.ar\/wp-content\/uploads\/2026\/09\/Campana-de-Vacunacion-contra-el-Virus-Sincicial-Respiratorio.jpg\" data-caption><img loading=\"lazy\" decoding=\"async\" data-lazyloaded=\"1\" src=\"https:\/\/airevision.com.ar\/wp-content\/uploads\/2026\/09\/Campana-de-Vacunacion-contra-el-Virus-Sincicial-Respiratorio-696x461.jpg\" width=\"696\" height=\"461\" class=\"entry-thumb td-modal-image\" data-sizes=\"(max-width: 696px) 100vw, 696px\" alt title=\"Campa\u00f1a de Vacunaci\u00f3n contra el Virus Sincicial Respiratorio\" srcset=\"https:\/\/airevision.com.ar\/wp-content\/uploads\/2026\/09\/Campana-de-Vacunacion-contra-el-Virus-Sincicial-Respiratorio-696x461.jpg 696w, https:\/\/airevision.com.ar\/wp-content\/uploads\/2026\/09\/Campana-de-Vacunacion-contra-el-Virus-Sincicial-Respiratorio-300x199.jpg 300w, https:\/\/airevision.com.ar\/wp-content\/uploads\/2026\/09\/Campana-de-Vacunacion-contra-el-Virus-Sincicial-Respiratorio-1024x678.jpg 1024w, https:\/\/airevision.com.ar\/wp-content\/uploads\/2026\/09\/Campana-de-Vacunacion-contra-el-Virus-Sincicial-Respiratorio-768x508.jpg 768w, https:\/\/airevision.com.ar\/wp-content\/uploads\/2026\/09\/Campana-de-Vacunacion-contra-el-Virus-Sincicial-Respiratorio-150x99.jpg 150w, https:\/\/airevision.com.ar\/wp-content\/uploads\/2026\/09\/Campana-de-Vacunacion-contra-el-Virus-Sincicial-Respiratorio-1068x707.jpg 1068w, https:\/\/airevision.com.ar\/wp-content\/uploads\/2026\/09\/Campana-de-Vacunacion-contra-el-Virus-Sincicial-Respiratorio.jpg 1440w\"><\/a><\/div>\n<p>El Ministerio de Salud de la provincia informa que, en concordancia con las disposiciones nacionales y de acuerdo al contexto epidemiol\u00f3gico actual, se continuar\u00e1 con la Campa\u00f1a de Vacunaci\u00f3n contra el Virus Sincicial Respiratorio (VSR) 2026 hasta el 30 de septiembre inclusive.<\/p>\n<p>La circulaci\u00f3n del VSR comenz\u00f3 de manera tard\u00eda y se proyecta que se mantenga hasta el mes de octubre de 2026 aproximadamente, por lo que se decidi\u00f3 extender la Campa\u00f1a.<\/p>\n<p>La vacunaci\u00f3n se encuentra disponible en los vacunatorios y CAPS de toda la provincia, destinada a personas embarazadas que se encuentren entre las semanas 32 y 36 de gestaci\u00f3n.<\/p>\n<p>Es gratuita y no requiere orden m\u00e9dica, s\u00f3lo se debe concurrir con carn\u00e9 de vacunaci\u00f3n y control de embarazo.<\/p>\n","protected":false},"excerpt":{"rendered":"<p>El Ministerio de Salud de la provincia informa que, en concordancia con las disposiciones nacionales y de acuerdo al contexto epidemiol\u00f3gico actual, se continuar\u00e1 con la Campa\u00f1a de Vacunaci\u00f3n contra el Virus Sincicial Respiratorio (VSR) 2026 hasta el 30 de septiembre inclusive. La circulaci\u00f3n del VSR comenz\u00f3 de manera tard\u00eda y se proyecta que se [&hellip;]<\/p>\n","protected":false},"author":1,"featured_media":38302,"comment_status":"open","ping_status":"closed","sticky":false,"template":"","format":"standard","meta":{"footnotes":""},"categories":[118],"tags":[],"class_list":["post-38301","post","type-post","status-publish","format-standard","has-post-thumbnail","hentry","category-provincia"],"_links":{"self":[{"href":"https:\/\/nvccatamarca.com\/index.php\/wp-json\/wp\/v2\/posts\/38301","targetHints":{"allow":["GET"]}}],"collection":[{"href":"https:\/\/nvccatamarca.com\/index.php\/wp-json\/wp\/v2\/posts"}],"about":[{"href":"https:\/\/nvccatamarca.com\/index.php\/wp-json\/wp\/v2\/types\/post"}],"author":[{"embeddable":true,"href":"https:\/\/nvccatamarca.com\/index.php\/wp-json\/wp\/v2\/users\/1"}],"replies":[{"embeddable":true,"href":"https:\/\/nvccatamarca.com\/index.php\/wp-json\/wp\/v2\/comments?post=38301"}],"version-history":[{"count":0,"href":"https:\/\/nvccatamarca.com\/index.php\/wp-json\/wp\/v2\/posts\/38301\/revisions"}],"wp:featuredmedia":[{"embeddable":true,"href":"https:\/\/nvccatamarca.com\/index.php\/wp-json\/wp\/v2\/media\/38302"}],"wp:attachment":[{"href":"https:\/\/nvccatamarca.com\/index.php\/wp-json\/wp\/v2\/media?parent=38301"}],"wp:term":[{"taxonomy":"category","embeddable":true,"href":"https:\/\/nvccatamarca.com\/index.php\/wp-json\/wp\/v2\/categories?post=38301"},{"taxonomy":"post_tag","embeddable":true,"href":"https:\/\/nvccatamarca.com\/index.php\/wp-json\/wp\/v2\/tags?post=38301"}],"curies":[{"name":"wp","href":"https:\/\/api.w.org\/{rel}","templated":true}]}}