{"id":38303,"date":"2026-09-04T17:40:43","date_gmt":"2026-09-04T20:40:43","guid":{"rendered":"https:\/\/airevision.com.ar\/?p=187413"},"modified":"2026-09-04T17:40:43","modified_gmt":"2026-09-04T20:40:43","slug":"un-hombre-fue-aprehendido-tras-ser-denunciado-por-un-supuesto-intento-de-robo","status":"publish","type":"post","link":"https:\/\/nvccatamarca.com\/index.php\/2026\/09\/04\/un-hombre-fue-aprehendido-tras-ser-denunciado-por-un-supuesto-intento-de-robo\/","title":{"rendered":"Un hombre fue aprehendido tras ser denunciado por un supuesto intento de robo"},"content":{"rendered":"<div class=\"td-post-featured-image\"><a href=\"https:\/\/airevision.com.ar\/wp-content\/uploads\/2026\/09\/1a0a2530-3ede-40fd-892b-e6a21a8eb7ad.jpeg\" data-caption><img loading=\"lazy\" decoding=\"async\" data-lazyloaded=\"1\" src=\"https:\/\/airevision.com.ar\/wp-content\/uploads\/2026\/09\/1a0a2530-3ede-40fd-892b-e6a21a8eb7ad-696x1050.jpeg\" width=\"696\" height=\"1050\" class=\"entry-thumb td-modal-image\" data-sizes=\"(max-width: 696px) 100vw, 696px\" alt title=\"1a0a2530-3ede-40fd-892b-e6a21a8eb7ad\" srcset=\"https:\/\/airevision.com.ar\/wp-content\/uploads\/2026\/09\/1a0a2530-3ede-40fd-892b-e6a21a8eb7ad-696x1050.jpeg 696w, https:\/\/airevision.com.ar\/wp-content\/uploads\/2026\/09\/1a0a2530-3ede-40fd-892b-e6a21a8eb7ad-199x300.jpeg 199w, https:\/\/airevision.com.ar\/wp-content\/uploads\/2026\/09\/1a0a2530-3ede-40fd-892b-e6a21a8eb7ad-679x1024.jpeg 679w, https:\/\/airevision.com.ar\/wp-content\/uploads\/2026\/09\/1a0a2530-3ede-40fd-892b-e6a21a8eb7ad-150x226.jpeg 150w, https:\/\/airevision.com.ar\/wp-content\/uploads\/2026\/09\/1a0a2530-3ede-40fd-892b-e6a21a8eb7ad-300x452.jpeg 300w, https:\/\/airevision.com.ar\/wp-content\/uploads\/2026\/09\/1a0a2530-3ede-40fd-892b-e6a21a8eb7ad.jpeg 746w\"><\/a><\/div>\n<p class=\"isSelectedEnd\">Un hombre de 33 a\u00f1os fue aprehendido durante la ma\u00f1ana de este viernes en el sur de la Capital, luego de ser se\u00f1alado como el presunto autor de un intento de il\u00edcito.<\/p>\n<p class=\"isSelectedEnd\">El procedimiento se realiz\u00f3 alrededor de las 9:40, cuando efectivos de la Comisar\u00eda D\u00e9cima acudieron a un domicilio ubicado sobre calle Armando Correa S\/N\u00b0, tras un requerimiento del SAE-911.<\/p>\n<p class=\"isSelectedEnd\">En el lugar, los uniformados procedieron a la aprehensi\u00f3n de un hombre de apellido Tanquia, de 33 a\u00f1os, quien habr\u00eda sido sindicado por un hombre de 42 a\u00f1os como el presunto responsable de intentar cometer un il\u00edcito en su perjuicio.<\/p>\n<p class=\"isSelectedEnd\">Tras la intervenci\u00f3n policial, el sospechoso fue trasladado y alojado en la dependencia policial, quedando a disposici\u00f3n de la Fiscal\u00eda de Instrucci\u00f3n en turno del Distrito Sur.<\/p>\n<p>En tanto, el damnificado fue invitado a radicar la denuncia penal correspondiente en la Unidad Judicial N\u00b0 2.<\/p>\n","protected":false},"excerpt":{"rendered":"<p>Un hombre de 33 a\u00f1os fue aprehendido durante la ma\u00f1ana de este viernes en el sur de la Capital, luego de ser se\u00f1alado como el presunto autor de un intento de il\u00edcito. El procedimiento se realiz\u00f3 alrededor de las 9:40, cuando efectivos de la Comisar\u00eda D\u00e9cima acudieron a un domicilio ubicado sobre calle Armando Correa [&hellip;]<\/p>\n","protected":false},"author":1,"featured_media":38304,"comment_status":"open","ping_status":"closed","sticky":false,"template":"","format":"standard","meta":{"footnotes":""},"categories":[118],"tags":[],"class_list":["post-38303","post","type-post","status-publish","format-standard","has-post-thumbnail","hentry","category-provincia"],"_links":{"self":[{"href":"https:\/\/nvccatamarca.com\/index.php\/wp-json\/wp\/v2\/posts\/38303","targetHints":{"allow":["GET"]}}],"collection":[{"href":"https:\/\/nvccatamarca.com\/index.php\/wp-json\/wp\/v2\/posts"}],"about":[{"href":"https:\/\/nvccatamarca.com\/index.php\/wp-json\/wp\/v2\/types\/post"}],"author":[{"embeddable":true,"href":"https:\/\/nvccatamarca.com\/index.php\/wp-json\/wp\/v2\/users\/1"}],"replies":[{"embeddable":true,"href":"https:\/\/nvccatamarca.com\/index.php\/wp-json\/wp\/v2\/comments?post=38303"}],"version-history":[{"count":0,"href":"https:\/\/nvccatamarca.com\/index.php\/wp-json\/wp\/v2\/posts\/38303\/revisions"}],"wp:featuredmedia":[{"embeddable":true,"href":"https:\/\/nvccatamarca.com\/index.php\/wp-json\/wp\/v2\/media\/38304"}],"wp:attachment":[{"href":"https:\/\/nvccatamarca.com\/index.php\/wp-json\/wp\/v2\/media?parent=38303"}],"wp:term":[{"taxonomy":"category","embeddable":true,"href":"https:\/\/nvccatamarca.com\/index.php\/wp-json\/wp\/v2\/categories?post=38303"},{"taxonomy":"post_tag","embeddable":true,"href":"https:\/\/nvccatamarca.com\/index.php\/wp-json\/wp\/v2\/tags?post=38303"}],"curies":[{"name":"wp","href":"https:\/\/api.w.org\/{rel}","templated":true}]}}