{"id":38305,"date":"2026-09-04T19:33:00","date_gmt":"2026-09-04T22:33:00","guid":{"rendered":"https:\/\/catamarcadespierta.com.ar\/nota\/13975"},"modified":"2026-09-04T19:33:00","modified_gmt":"2026-09-04T22:33:00","slug":"puesta-en-marcha-del-rincon-de-sonrisas-un-espacio-de-contencion-para-las-infancias-en-la-comisaria-de-los-altos","status":"publish","type":"post","link":"https:\/\/nvccatamarca.com\/index.php\/2026\/09\/04\/puesta-en-marcha-del-rincon-de-sonrisas-un-espacio-de-contencion-para-las-infancias-en-la-comisaria-de-los-altos\/","title":{"rendered":"PUESTA EN MARCHA DEL \u201cRINC\u00d3N DE SONRISAS\u201d, UN ESPACIO DE CONTENCI\u00d3N PARA LAS INFANCIAS EN LA COMISAR\u00cdA DE LOS ALTOS"},"content":{"rendered":"<div><img decoding=\"async\" src=\"https:\/\/catamarcadespierta.com.ar\/uploads\/noticias\/2\/2026\/09\/20260904193338_whatsapp-image-2026-09-04-at-19-31-34.jpg\" class=\"ff-og-image-inserted\"><\/div>\n<p>Es un espacio creado para acompa\u00f1ar y brindar contenci\u00f3n a los ni\u00f1os y ni\u00f1as que llegan a la Comisar\u00eda de Los Altos junto a sus madres o familiares, especialmente ante situaciones dif\u00edciles.<\/p>\n<p>La propuesta ofrece un lugar seguro donde pueden jugar, dibujar, pintar y distraerse, mientras sus familiares son atendidos.<\/p>\n<p>El comisario Daniel Arrascaeta destac\u00f3 que la iniciativa surge ante la necesidad de acompa\u00f1ar a las infancias que llegan a la dependencia policial, especialmente en situaciones de violencia de g\u00e9nero. Se\u00f1al\u00f3 que muchos ni\u00f1os pueden sentirse nerviosos, angustiados o preocupados, por lo que contar con este espacio les permite encontrar tranquilidad, contenci\u00f3n y un momento de distracci\u00f3n.<\/p>\n<p>Desde la Secretar\u00eda de Mujer, G\u00e9nero y Diversidad de Los Altos Municipio destacaron la importancia de contar con un lugar pensado especialmente para los ni\u00f1os y ni\u00f1as, donde puedan sentirse contenidos, jugar, dibujar y expresarse mientras sus madres o familiares atraviesan una situaci\u00f3n dif\u00edcil.<\/p>\n<p>Esta iniciativa conjunta entre la Comisar\u00eda de Los Altos \u2013 Jefatura Zona B y la Secretar\u00eda de Mujer, G\u00e9nero y Diversidad pone la mirada en las infancias y busca que, aun en momentos dif\u00edciles, cada ni\u00f1o pueda sentirse cuidado, acompa\u00f1ado y protegido.<\/p>\n<p>Desde la gesti\u00f3n del intendente Ra\u00fal Barot se contin\u00faa acompa\u00f1ando acciones que buscan estar cerca de las familias y brindar respuestas ante distintas situaciones de la comunidad.<\/p>\n<p>LOS ALTOS MUNICIPIO<br \/>SECRETAR\u00cdA DE MUJER, G\u00c9NERO Y DIVERSIDAD<\/p>\n<p>#LosAltosMunicipio<br \/>#Secretar\u00edaDeMujerG\u00e9neroYDiversidad<br \/>#Polic\u00edaDeCatamarca<\/p>\n","protected":false},"excerpt":{"rendered":"<p>Es un espacio creado para acompa\u00f1ar y brindar contenci\u00f3n a los ni\u00f1os y ni\u00f1as que llegan a la Comisar\u00eda de Los Altos junto a sus madres o familiares, especialmente ante situaciones dif\u00edciles. La propuesta ofrece un lugar seguro donde pueden jugar, dibujar, pintar y distraerse, mientras sus familiares son atendidos. El comisario Daniel Arrascaeta destac\u00f3 [&hellip;]<\/p>\n","protected":false},"author":1,"featured_media":38306,"comment_status":"closed","ping_status":"closed","sticky":false,"template":"","format":"standard","meta":{"footnotes":""},"categories":[132],"tags":[],"class_list":["post-38305","post","type-post","status-publish","format-standard","has-post-thumbnail","hentry","category-destacados"],"_links":{"self":[{"href":"https:\/\/nvccatamarca.com\/index.php\/wp-json\/wp\/v2\/posts\/38305","targetHints":{"allow":["GET"]}}],"collection":[{"href":"https:\/\/nvccatamarca.com\/index.php\/wp-json\/wp\/v2\/posts"}],"about":[{"href":"https:\/\/nvccatamarca.com\/index.php\/wp-json\/wp\/v2\/types\/post"}],"author":[{"embeddable":true,"href":"https:\/\/nvccatamarca.com\/index.php\/wp-json\/wp\/v2\/users\/1"}],"replies":[{"embeddable":true,"href":"https:\/\/nvccatamarca.com\/index.php\/wp-json\/wp\/v2\/comments?post=38305"}],"version-history":[{"count":0,"href":"https:\/\/nvccatamarca.com\/index.php\/wp-json\/wp\/v2\/posts\/38305\/revisions"}],"wp:featuredmedia":[{"embeddable":true,"href":"https:\/\/nvccatamarca.com\/index.php\/wp-json\/wp\/v2\/media\/38306"}],"wp:attachment":[{"href":"https:\/\/nvccatamarca.com\/index.php\/wp-json\/wp\/v2\/media?parent=38305"}],"wp:term":[{"taxonomy":"category","embeddable":true,"href":"https:\/\/nvccatamarca.com\/index.php\/wp-json\/wp\/v2\/categories?post=38305"},{"taxonomy":"post_tag","embeddable":true,"href":"https:\/\/nvccatamarca.com\/index.php\/wp-json\/wp\/v2\/tags?post=38305"}],"curies":[{"name":"wp","href":"https:\/\/api.w.org\/{rel}","templated":true}]}}