{"id":38307,"date":"2026-09-04T11:54:00","date_gmt":"2026-09-04T14:54:00","guid":{"rendered":"https:\/\/catamarcadespierta.com.ar\/nota\/13973"},"modified":"2026-09-04T11:54:00","modified_gmt":"2026-09-04T14:54:00","slug":"estados-unidos-seguira-apoyando-al-reino-unido-la-fuerte-advertencia-sobre-malvinas","status":"publish","type":"post","link":"https:\/\/nvccatamarca.com\/index.php\/2026\/09\/04\/estados-unidos-seguira-apoyando-al-reino-unido-la-fuerte-advertencia-sobre-malvinas\/","title":{"rendered":"\u201cEstados Unidos seguir\u00e1 apoyando al Reino Unido\u201d: la fuerte advertencia sobre Malvinas"},"content":{"rendered":"<div><img decoding=\"async\" src=\"https:\/\/catamarcadespierta.com.ar\/uploads\/noticias\/2\/2026\/09\/20260904115617_captura-de-pantalla-2026-09-04-115451.png\" class=\"ff-og-image-inserted\"><\/div>\n<p><strong>MALVINAS: ADVIERTEN QUE EE.UU. NO CAMBIAR\u00c1 SU POSTURA<\/strong><\/p>\n<p>Las recientes declaraciones de <strong>Donald Trump sobre las Islas Malvinas<\/strong> generaron expectativa en Argentina y fueron r\u00e1pidamente incorporadas por el gobierno de <strong>Javier Milei<\/strong> a su discurso sobre el reclamo de soberan\u00eda.<\/p>\n<p>Sin embargo, el analista internacional <strong>Alejandro Laurnagaray<\/strong> pidi\u00f3 no sobredimensionar las palabras del mandatario estadounidense y asegur\u00f3 que <strong>Estados Unidos mantendr\u00e1 su respaldo estrat\u00e9gico al Reino Unido<\/strong>.<\/p>\n<p>\ud83d\udde3\ufe0f \u201cNo hay ni habr\u00e1 ning\u00fan cambio de postura de los Estados Unidos con respecto a la cuesti\u00f3n Malvinas\u201d, sostuvo durante una entrevista con <em>Antes de Todo<\/em>, por Radio Boing 97.3.<\/p>\n<p>Seg\u00fan explic\u00f3, la relaci\u00f3n entre Washington y Londres tiene un fuerte peso hist\u00f3rico, militar y geopol\u00edtico. En ese sentido, consider\u00f3 que la afinidad entre <strong>Milei y Trump<\/strong> no alcanza para modificar d\u00e9cadas de pol\u00edtica exterior estadounidense.<\/p>\n<p>Tambi\u00e9n cuestion\u00f3 el uso pol\u00edtico del tema por parte del Gobierno argentino y calific\u00f3 el discurso de Milei como una estrategia de <strong>\u201cmarketing pol\u00edtico\u201d<\/strong>.<\/p>\n<p>\ud83d\udccc Para Laurnagaray, Argentina deber\u00eda sostener una pol\u00edtica exterior de largo plazo y no depender de las declaraciones de un presidente estadounidense de turno.<\/p>\n<p>#Malvinas #DonaldTrump #JavierMilei #Argentina #Pol\u00edticaInternacional #CatamarcaDespierta<\/p>\n","protected":false},"excerpt":{"rendered":"<p>MALVINAS: ADVIERTEN QUE EE.UU. NO CAMBIAR\u00c1 SU POSTURA Las recientes declaraciones de Donald Trump sobre las Islas Malvinas generaron expectativa en Argentina y fueron r\u00e1pidamente incorporadas por el gobierno de Javier Milei a su discurso sobre el reclamo de soberan\u00eda. Sin embargo, el analista internacional Alejandro Laurnagaray pidi\u00f3 no sobredimensionar las palabras del mandatario estadounidense [&hellip;]<\/p>\n","protected":false},"author":1,"featured_media":38308,"comment_status":"closed","ping_status":"closed","sticky":false,"template":"","format":"standard","meta":{"footnotes":""},"categories":[132],"tags":[],"class_list":["post-38307","post","type-post","status-publish","format-standard","has-post-thumbnail","hentry","category-destacados"],"_links":{"self":[{"href":"https:\/\/nvccatamarca.com\/index.php\/wp-json\/wp\/v2\/posts\/38307","targetHints":{"allow":["GET"]}}],"collection":[{"href":"https:\/\/nvccatamarca.com\/index.php\/wp-json\/wp\/v2\/posts"}],"about":[{"href":"https:\/\/nvccatamarca.com\/index.php\/wp-json\/wp\/v2\/types\/post"}],"author":[{"embeddable":true,"href":"https:\/\/nvccatamarca.com\/index.php\/wp-json\/wp\/v2\/users\/1"}],"replies":[{"embeddable":true,"href":"https:\/\/nvccatamarca.com\/index.php\/wp-json\/wp\/v2\/comments?post=38307"}],"version-history":[{"count":0,"href":"https:\/\/nvccatamarca.com\/index.php\/wp-json\/wp\/v2\/posts\/38307\/revisions"}],"wp:featuredmedia":[{"embeddable":true,"href":"https:\/\/nvccatamarca.com\/index.php\/wp-json\/wp\/v2\/media\/38308"}],"wp:attachment":[{"href":"https:\/\/nvccatamarca.com\/index.php\/wp-json\/wp\/v2\/media?parent=38307"}],"wp:term":[{"taxonomy":"category","embeddable":true,"href":"https:\/\/nvccatamarca.com\/index.php\/wp-json\/wp\/v2\/categories?post=38307"},{"taxonomy":"post_tag","embeddable":true,"href":"https:\/\/nvccatamarca.com\/index.php\/wp-json\/wp\/v2\/tags?post=38307"}],"curies":[{"name":"wp","href":"https:\/\/api.w.org\/{rel}","templated":true}]}}