{"id":38309,"date":"2026-09-04T11:54:00","date_gmt":"2026-09-04T14:54:00","guid":{"rendered":"https:\/\/catamarcadespierta.com.ar\/nota\/13972"},"modified":"2026-09-04T11:54:00","modified_gmt":"2026-09-04T14:54:00","slug":"fede-cano-se-prepara-para-lo-que-viene","status":"publish","type":"post","link":"https:\/\/nvccatamarca.com\/index.php\/2026\/09\/04\/fede-cano-se-prepara-para-lo-que-viene\/","title":{"rendered":"Fede Cano se prepara para lo que viene"},"content":{"rendered":"\n<p>El director de Deportes, Mariano Brunello, recibi\u00f3 al \u00e1rbitro nacional de AFA Federico Cano, quien contin\u00faa desarrollando su carrera en la Liga Profesional de F\u00fatbol.<\/p>\n<p>Durante el encuentro, Federico comparti\u00f3 detalles de su presente y habl\u00f3 sobre el pr\u00f3ximo desaf\u00edo: este viernes, por la 8.\u00aa fecha de la Liga Profesional, ser\u00e1 primer asistente de Luis Lobo Medina en el encuentro entre Belgrano y Hurac\u00e1n, en C\u00f3rdoba.<\/p>\n<p><img loading=\"lazy\" decoding=\"async\" alt=\"\ud83d\udc4f\" height=\"16\" referrerpolicy=\"origin-when-cross-origin\" src=\"https:\/\/static.xx.fbcdn.net\/images\/emoji.php\/v9\/tfe\/1\/16\/1f44f.png\" width=\"16\"> Desde aqu\u00ed acompa\u00f1amos y celebramos cada paso de este representante del arbitraje capitalino.<\/p>\n<p>\u00a1Muchos \u00e9xitos, Fede! A seguir dejando bien alto el nombre de nuestra ciudad. <img loading=\"lazy\" decoding=\"async\" alt=\"\ud83c\udfc6\" height=\"16\" referrerpolicy=\"origin-when-cross-origin\" src=\"https:\/\/static.xx.fbcdn.net\/images\/emoji.php\/v9\/tbe\/1\/16\/1f3c6.png\" width=\"16\"><img loading=\"lazy\" decoding=\"async\" alt=\"\u26bd\ufe0f\" height=\"16\" referrerpolicy=\"origin-when-cross-origin\" src=\"https:\/\/static.xx.fbcdn.net\/images\/emoji.php\/v9\/taf\/1\/16\/26bd.png\" width=\"16\"><\/p>\n","protected":false},"excerpt":{"rendered":"<p>El director de Deportes, Mariano Brunello, recibi\u00f3 al \u00e1rbitro nacional de AFA Federico Cano, quien contin\u00faa desarrollando su carrera en la Liga Profesional de F\u00fatbol. Durante el encuentro, Federico comparti\u00f3 detalles de su presente y habl\u00f3 sobre el pr\u00f3ximo desaf\u00edo: este viernes, por la 8.\u00aa fecha de la Liga Profesional, ser\u00e1 primer asistente de Luis [&hellip;]<\/p>\n","protected":false},"author":1,"featured_media":38310,"comment_status":"closed","ping_status":"closed","sticky":false,"template":"","format":"standard","meta":{"footnotes":""},"categories":[132],"tags":[],"class_list":["post-38309","post","type-post","status-publish","format-standard","has-post-thumbnail","hentry","category-destacados"],"_links":{"self":[{"href":"https:\/\/nvccatamarca.com\/index.php\/wp-json\/wp\/v2\/posts\/38309","targetHints":{"allow":["GET"]}}],"collection":[{"href":"https:\/\/nvccatamarca.com\/index.php\/wp-json\/wp\/v2\/posts"}],"about":[{"href":"https:\/\/nvccatamarca.com\/index.php\/wp-json\/wp\/v2\/types\/post"}],"author":[{"embeddable":true,"href":"https:\/\/nvccatamarca.com\/index.php\/wp-json\/wp\/v2\/users\/1"}],"replies":[{"embeddable":true,"href":"https:\/\/nvccatamarca.com\/index.php\/wp-json\/wp\/v2\/comments?post=38309"}],"version-history":[{"count":0,"href":"https:\/\/nvccatamarca.com\/index.php\/wp-json\/wp\/v2\/posts\/38309\/revisions"}],"wp:featuredmedia":[{"embeddable":true,"href":"https:\/\/nvccatamarca.com\/index.php\/wp-json\/wp\/v2\/media\/38310"}],"wp:attachment":[{"href":"https:\/\/nvccatamarca.com\/index.php\/wp-json\/wp\/v2\/media?parent=38309"}],"wp:term":[{"taxonomy":"category","embeddable":true,"href":"https:\/\/nvccatamarca.com\/index.php\/wp-json\/wp\/v2\/categories?post=38309"},{"taxonomy":"post_tag","embeddable":true,"href":"https:\/\/nvccatamarca.com\/index.php\/wp-json\/wp\/v2\/tags?post=38309"}],"curies":[{"name":"wp","href":"https:\/\/api.w.org\/{rel}","templated":true}]}}